{"id":1016,"date":"2022-07-04T13:05:48","date_gmt":"2022-07-04T16:05:48","guid":{"rendered":"https:\/\/circuitosalta.com.ar\/?p=1016"},"modified":"2022-07-04T13:05:51","modified_gmt":"2022-07-04T16:05:51","slug":"estudiantes-recorren-la-muestra-de-argra-guiados-por-un-fotoperiodista","status":"publish","type":"post","link":"https:\/\/circuitosalta.com.ar\/?p=1016","title":{"rendered":"Estudiantes recorren la muestra de Argra guiados por un fotoperiodista"},"content":{"rendered":"\n<h6 class=\"has-text-align-right has-cyan-bluish-gray-color has-text-color wp-block-heading\"><br>Foto: Victoria Gesualdi.<\/h6>\n\n\n\n<h4 class=\"has-white-color has-text-color has-background wp-block-heading\" style=\"background-color:#592703\">Se trata de la exposici\u00f3n m\u00e1s importante de fotoperiodismo en nuestro pa\u00eds y en la regi\u00f3n, y cumple en esta edici\u00f3n 80 a\u00f1os. Se la puede disfrutar en el Centro Cultural Borges (Viamonte 525, CABA) y el acceso es libre y gratuito.<\/h4>\n\n\n\n<p>Estudiantes de todos los niveles, aspirantes a fot\u00f3grafos y tambi\u00e9n jubilados asisten a las<strong>&nbsp;visitas de la muestra anual de Argra (Asociaci\u00f3n de Reporteros Gr\u00e1ficos de Argentina) en el Centro Cultural Borges<\/strong>&nbsp;y, acompa\u00f1ados por un fotoperiodista que cumple el rol de gu\u00eda, conocen los detalles de cada imagen, se acercan al detr\u00e1s de escena del oficio y descubren el rol que cumple la Asociaci\u00f3n.<\/p>\n\n\n\n<p>Con dudas, con ideas preconcebidas que aceptan discutir y con aut\u00e9ntica curiosidad, alumnos de primaria y secundaria asisten al Borges y, guiados por un fot\u00f3grafo de Argra, recorren la exposici\u00f3n. Cada uno de los gu\u00edas elige por donde empezar: puede ser el ep\u00edgrafe de una imagen o alguna fotograf\u00eda que interpele la realidad.<\/p>\n\n\n\n<p><strong>\u00bfC\u00f3mo se aprende a ser fot\u00f3grafo? \u00bfCu\u00e1nto dura la carrera? \u00bfCualquier fotoperiodista puede participar de la muestra? \u00bfQu\u00e9 criterio usan para enviar el material a la muestra?<\/strong>, son algunas de las preguntas que le hicieron al fotoperiodista Pablo Cuarterolo. \u00bfSi la polic\u00eda reprime tambi\u00e9n los reprimen a ustedes?, le pregunt\u00f3 una alumna a la fotoperiodista Luc\u00eda Merle.<\/p>\n\n\n\n<div class=\"wp-block-cover is-light has-custom-content-position is-position-bottom-left\"><span aria-hidden=\"true\" class=\"wp-block-cover__background has-background-dim\"><\/span><img decoding=\"async\" class=\"wp-block-cover__image-background\" alt=\"\" src=\"https:\/\/www.telam.com.ar\/thumbs\/bluesteel\/advf\/imagenes\/2022\/07\/62c0923291e74_655.jpg\" data-object-fit=\"cover\"\/><div class=\"wp-block-cover__inner-container is-layout-flow wp-block-cover-is-layout-flow\">\n<p class=\"has-white-color has-text-color\"><strong>Fotos: Victoria Gesualdi.<\/strong><\/p>\n<\/div><\/div>\n\n\n\n<p><strong>\u00abApuntamos a poder compartir nuestra experiencia y a desentra\u00f1ar por qu\u00e9 es tan importante la mirada del fot\u00f3grafe en el periodismo: la imagen es nodal en toda comunicaci\u00f3n.&nbsp;<\/strong>Nos parece interesante para enriquecer la visi\u00f3n sobre qu\u00e9 es informar que tambi\u00e9n se conozca cu\u00e1l es el rol del fot\u00f3grafe en el entramado period\u00edstico\u00bb, cuenta la fotoperiodista Graciela Calabrese, integrante de Argra y responsable de coordinar las visitas.<\/p>\n\n\n\n<p><strong>Los gu\u00edas apuntan a transmitir en el di\u00e1logo con los visitantes que sacar una foto no es solo hacer click sino que implica una mirada y m\u00faltiples decisiones.<\/strong>&nbsp;\u00abEs un compromiso hermoso participar de estas charlas. La muestra es un trabajo colectivo que implica el trabajo de muchos y por eso ese conjunto de im\u00e1genes son representativas e identitarias. Me gusta contar un poco c\u00f3mo trabajamos, qu\u00e9 nos pasa, c\u00f3mo sentimos el trabajo y qu\u00e9 pasa con la fotograf\u00eda y tambi\u00e9n me encuentro con muchas preguntas. Es muy linda la din\u00e1mica que se da\u00bb, cuenta el fotoperiodista Leonardo Vaca.<\/p>\n\n\n\n<p>Merle estuvo a cargo del recorrido de un grupo de estudiantes de fotograf\u00eda. \u00abSacaban fotos y hac\u00edan muchas preguntas, fueron muy activos. La visita dur\u00f3 dos horas cuando por lo general duran un poco menos\u00bb, repasa y asume como \u00abuna experiencia hermosa\u00bb poder acompa\u00f1ar a esos grupos: \u00abEst\u00e1 buen\u00edsimo recibir la mirada del p\u00fablico sobre las fotos, pero tambi\u00e9n son interesantes las preguntas que surgen y los comentarios sobre los acontecimientos de la realidad que vivimos en este caso en el 2021\u00bb.<\/p>\n\n\n\n<h2 class=\"wp-block-heading\">Sobre la muestra<\/h2>\n\n\n\n<p><strong>La muestra m\u00e1s importante de fotoperiodismo que se organiza en nuestro pa\u00eds<\/strong>&nbsp;y en la regi\u00f3n&nbsp;<strong>cumple en esta edici\u00f3n 80 a\u00f1os<\/strong>&nbsp;desde su creaci\u00f3n, el 4 de septiembre de 1942.<\/p>\n\n\n\n<p>Se exhiben<strong>&nbsp;m\u00e1s de 130 fotograf\u00edas seleccionadas para la exposici\u00f3n<\/strong>, entre las 1700 im\u00e1genes enviadas por reporteras y reporteros de todo el pa\u00eds. Por primera vez el Comit\u00e9 Editor de la muestra tuvo una mayor representaci\u00f3n de mujeres: estuvo integrado por Daniel Garc\u00eda, Silvana Colombo, In\u00e9s Quinteros Orio, Candelaria Lagos y Emiliana Miguelez.<\/p>\n\n\n\n<p>La muestra se exhibe en el&nbsp;<strong>Centro Cultural Borges (Viamonte 525, CABA)<\/strong>&nbsp;y el<strong>&nbsp;acceso es libre y gratuito.<\/strong>&nbsp;Las instituciones y escuelas que quieran participar de las visitas educativas pueden escribir a: publicos.ccborges@gmail.com<\/p>\n\n\n\n<p><strong>La visita de este domingo ser\u00e1 a las 17, abierta a todo el p\u00fablico y la guiar\u00e1 el fot\u00f3grafo Mat\u00edas Baglietto.<\/strong><\/p>\n\n\n\n<figure class=\"wp-block-image size-full is-style-rounded\"><a href=\"https:\/\/www.telam.com.ar\/notas\/202207\/597332-estudiantes-muestra-argra-fotografia.html\" target=\"_blank\" rel=\"noreferrer noopener\"><img fetchpriority=\"high\" decoding=\"async\" width=\"964\" height=\"96\" src=\"https:\/\/circuitosalta.com.ar\/wp-content\/uploads\/2022\/05\/Captura-web_6-4-2022_125922_www.telam_.com_.ar_.jpeg\" alt=\"\" class=\"wp-image-664\" srcset=\"https:\/\/circuitosalta.com.ar\/wp-content\/uploads\/2022\/05\/Captura-web_6-4-2022_125922_www.telam_.com_.ar_.jpeg 964w, https:\/\/circuitosalta.com.ar\/wp-content\/uploads\/2022\/05\/Captura-web_6-4-2022_125922_www.telam_.com_.ar_-300x30.jpeg 300w, https:\/\/circuitosalta.com.ar\/wp-content\/uploads\/2022\/05\/Captura-web_6-4-2022_125922_www.telam_.com_.ar_-768x76.jpeg 768w, https:\/\/circuitosalta.com.ar\/wp-content\/uploads\/2022\/05\/Captura-web_6-4-2022_125922_www.telam_.com_.ar_-696x69.jpeg 696w\" sizes=\"(max-width: 964px) 100vw, 964px\" \/><\/a><\/figure>\n","protected":false},"excerpt":{"rendered":"<p>Foto: Victoria Gesualdi. Se trata de la exposici\u00f3n m\u00e1s importante de fotoperiodismo en nuestro pa\u00eds y en la regi\u00f3n, y cumple en esta edici\u00f3n 80 a\u00f1os. Se la puede disfrutar en el Centro Cultural Borges (Viamonte 525, CABA) y el acceso es libre y gratuito. Estudiantes de todos los niveles, aspirantes a fot\u00f3grafos y tambi\u00e9n [&hellip;]<\/p>\n","protected":false},"author":2,"featured_media":1017,"comment_status":"open","ping_status":"open","sticky":false,"template":"","format":"standard","meta":{"tdm_status":"","tdm_grid_status":"","footnotes":""},"categories":[26,17],"tags":[],"class_list":{"0":"post-1016","1":"post","2":"type-post","3":"status-publish","4":"format-standard","5":"has-post-thumbnail","7":"category-culturales","8":"category-sociales"},"_links":{"self":[{"href":"https:\/\/circuitosalta.com.ar\/index.php?rest_route=\/wp\/v2\/posts\/1016"}],"collection":[{"href":"https:\/\/circuitosalta.com.ar\/index.php?rest_route=\/wp\/v2\/posts"}],"about":[{"href":"https:\/\/circuitosalta.com.ar\/index.php?rest_route=\/wp\/v2\/types\/post"}],"author":[{"embeddable":true,"href":"https:\/\/circuitosalta.com.ar\/index.php?rest_route=\/wp\/v2\/users\/2"}],"replies":[{"embeddable":true,"href":"https:\/\/circuitosalta.com.ar\/index.php?rest_route=%2Fwp%2Fv2%2Fcomments&post=1016"}],"version-history":[{"count":1,"href":"https:\/\/circuitosalta.com.ar\/index.php?rest_route=\/wp\/v2\/posts\/1016\/revisions"}],"predecessor-version":[{"id":1018,"href":"https:\/\/circuitosalta.com.ar\/index.php?rest_route=\/wp\/v2\/posts\/1016\/revisions\/1018"}],"wp:featuredmedia":[{"embeddable":true,"href":"https:\/\/circuitosalta.com.ar\/index.php?rest_route=\/wp\/v2\/media\/1017"}],"wp:attachment":[{"href":"https:\/\/circuitosalta.com.ar\/index.php?rest_route=%2Fwp%2Fv2%2Fmedia&parent=1016"}],"wp:term":[{"taxonomy":"category","embeddable":true,"href":"https:\/\/circuitosalta.com.ar\/index.php?rest_route=%2Fwp%2Fv2%2Fcategories&post=1016"},{"taxonomy":"post_tag","embeddable":true,"href":"https:\/\/circuitosalta.com.ar\/index.php?rest_route=%2Fwp%2Fv2%2Ftags&post=1016"}],"curies":[{"name":"wp","href":"https:\/\/api.w.org\/{rel}","templated":true}]}}