{"id":1019,"date":"2022-07-04T13:12:11","date_gmt":"2022-07-04T16:12:11","guid":{"rendered":"https:\/\/circuitosalta.com.ar\/?p=1019"},"modified":"2022-07-04T13:12:13","modified_gmt":"2022-07-04T16:12:13","slug":"charla-abierta-y-presentacion-del-libro-de-rolando-goldman","status":"publish","type":"post","link":"https:\/\/circuitosalta.com.ar\/?p=1019","title":{"rendered":"Charla abierta y presentaci\u00f3n del libro de Rolando Goldman"},"content":{"rendered":"\n<h4 class=\"has-cyan-bluish-gray-color has-text-color has-background wp-block-heading\" style=\"background-color:#7a5a02\">Con motivo de la visita del maestro Rolando Goldman a nuestra ciudad, se realizar\u00e1 la presentaci\u00f3n de su \u00faltimo libro en la sede de la OSIJS.<\/h4>\n\n\n\n<p>La Orquesta Sinf\u00f3nica Infantil y Juvenil de Salta (OSIJS) tiene el honor de recibir al Mtro. Rolando Goldman, quien estar\u00e1 compartiendo una charla abierta y presentaci\u00f3n de su \u00faltimo libro \u00ab\u00bfGESTI\u00d3N CULTURAL O POL\u00cdTICA CULTURAL?\u00bb junto a Juan Mart\u00edn Leguizam\u00f3n, este miercoles 6 de julio de 19 a 20:30 hs.,en la sede de la OSIJS (20 de Febrero N\u00b0 647).<br>&nbsp;<br>La actividad es abierta y gratuita, destinada a todo p\u00fablico. Se solicita reservar cupo mediante el siguiente link de inscripci\u00f3n:&nbsp;<a href=\"https:\/\/forms.gle\/qVmuoMSSfvfkZnig8\">https:\/\/forms.gle\/qVmuoMSSfvfkZnig8<\/a><br>&nbsp;<br>Ronaldo Goldman a trav\u00e9s de su libro \u00ab\u00bfGESTI\u00d3N CULTURAL O POL\u00cdTICA CULTURAL? Aportes posibles hacia la construcci\u00f3n del trabajo en el terreno de la cultura\u00bb, propone la reivindicaci\u00f3n de la pol\u00edtica cultural por sobre la gesti\u00f3n cultural; \u00e9sta \u00faltima, una terminolog\u00eda poco inocente que implica una pincelada supuestamente desideologizada en las pol\u00edticas p\u00fablicas. Camina y revive acciones que le dieron vida a esos principios: la cultura de todos y no para todos, la m\u00fasica y el teatro como fen\u00f3menos de creaci\u00f3n popular y no trasladados como hechos ajenos a escenarios donde s\u00f3lo hay espectadores est\u00e1ticos.<br>&nbsp;<br>Describe a la cultura y al arte como espacios que constituyen escenarios de disputa. Los sectores hegem\u00f3nicos proponen modelos, ideas, representaciones sociales que, internalizados, puedan ser garantes de la continuidad del orden instituido. Las pol\u00edticas pueden orientarse a los efectos de obtener consensos al servicio del control social y la dominaci\u00f3n. O, en cambio, representar la v\u00eda que promueva la creaci\u00f3n de herramientas para la producci\u00f3n cultural y el protagonismo colectivo en una perspectiva de transformaci\u00f3n social.<br>&nbsp;<br>Juan Fal\u00fa analiza en el pr\u00f3logo que \u201cen tiempos de apogeo de los mandatos medi\u00e1ticos, imperan formas sutiles y contundentes de colonizaci\u00f3n cultural de los pueblos\u201d, y advierte que se busca \u201cla supresi\u00f3n de la memoria colectiva\u201d. Es en esa l\u00ednea que el autor argumenta que \u201cla memoria de los pueblos est\u00e1 determinada, entre muchos de sus aspectos, por la producci\u00f3n art\u00edstica y cultural\u201d.<\/p>\n\n\n\n<p>Asimismo, recordamos que, el jueves 7 de julio a las 21 hs., actuar\u00e1 como solista en el concierto que ofrecer\u00e1 la Orquesta Sinf\u00f3nica de Salta en el Teatro Provincial con un repertorio integrado por obras de compositores argentinos.<br>&nbsp;<br>Bajo la direcci\u00f3n de la maestra Yeny Delgado se interpretar\u00e1 Escenas argentinas de Carlos L\u00f3pez Buchardo, Concierto del Meridiano, para charango y orquesta (Estreno en Salta) de Pablo Loudet, y El Valle de los Menhires de Eduardo Alonso Crespo.<br>&nbsp;<br>La entrada es gratuita con reserva previa al mail&nbsp;<a href=\"http:\/\/reservatuentrada2021@gmail.com\/\">http:\/\/reservatuentrada2021@gmail.com<\/a><\/p>\n\n\n\n<hr class=\"wp-block-separator has-alpha-channel-opacity\"\/>\n\n\n\n<p>Fuente:\u00a0<strong><a href=\"https:\/\/www.salta.gob.ar\/prensa\/noticias\/charla-abierta-y-presentacion-del-libro-de-rolando-goldman-83403\" target=\"_blank\" rel=\"noreferrer noopener\">Secretar\u00eda de Prensa y Comunicaci\u00f3n<\/a><\/strong><\/p>\n","protected":false},"excerpt":{"rendered":"<p>Con motivo de la visita del maestro Rolando Goldman a nuestra ciudad, se realizar\u00e1 la presentaci\u00f3n de su \u00faltimo libro en la sede de la OSIJS. La Orquesta Sinf\u00f3nica Infantil y Juvenil de Salta (OSIJS) tiene el honor de recibir al Mtro. Rolando Goldman, quien estar\u00e1 compartiendo una charla abierta y presentaci\u00f3n de su \u00faltimo [&hellip;]<\/p>\n","protected":false},"author":2,"featured_media":1020,"comment_status":"open","ping_status":"open","sticky":false,"template":"","format":"standard","meta":{"tdm_status":"","tdm_grid_status":"","footnotes":""},"categories":[14,26],"tags":[],"class_list":{"0":"post-1019","1":"post","2":"type-post","3":"status-publish","4":"format-standard","5":"has-post-thumbnail","7":"category-anuncios","8":"category-culturales"},"_links":{"self":[{"href":"https:\/\/circuitosalta.com.ar\/index.php?rest_route=\/wp\/v2\/posts\/1019"}],"collection":[{"href":"https:\/\/circuitosalta.com.ar\/index.php?rest_route=\/wp\/v2\/posts"}],"about":[{"href":"https:\/\/circuitosalta.com.ar\/index.php?rest_route=\/wp\/v2\/types\/post"}],"author":[{"embeddable":true,"href":"https:\/\/circuitosalta.com.ar\/index.php?rest_route=\/wp\/v2\/users\/2"}],"replies":[{"embeddable":true,"href":"https:\/\/circuitosalta.com.ar\/index.php?rest_route=%2Fwp%2Fv2%2Fcomments&post=1019"}],"version-history":[{"count":1,"href":"https:\/\/circuitosalta.com.ar\/index.php?rest_route=\/wp\/v2\/posts\/1019\/revisions"}],"predecessor-version":[{"id":1021,"href":"https:\/\/circuitosalta.com.ar\/index.php?rest_route=\/wp\/v2\/posts\/1019\/revisions\/1021"}],"wp:featuredmedia":[{"embeddable":true,"href":"https:\/\/circuitosalta.com.ar\/index.php?rest_route=\/wp\/v2\/media\/1020"}],"wp:attachment":[{"href":"https:\/\/circuitosalta.com.ar\/index.php?rest_route=%2Fwp%2Fv2%2Fmedia&parent=1019"}],"wp:term":[{"taxonomy":"category","embeddable":true,"href":"https:\/\/circuitosalta.com.ar\/index.php?rest_route=%2Fwp%2Fv2%2Fcategories&post=1019"},{"taxonomy":"post_tag","embeddable":true,"href":"https:\/\/circuitosalta.com.ar\/index.php?rest_route=%2Fwp%2Fv2%2Ftags&post=1019"}],"curies":[{"name":"wp","href":"https:\/\/api.w.org\/{rel}","templated":true}]}}