{"id":1022,"date":"2022-07-04T13:17:21","date_gmt":"2022-07-04T16:17:21","guid":{"rendered":"https:\/\/circuitosalta.com.ar\/?p=1022"},"modified":"2022-07-04T13:17:24","modified_gmt":"2022-07-04T16:17:24","slug":"salta-sera-anfitriona-del-seminario-internacional-sobre-proteccion-del-patrimonio-cultural","status":"publish","type":"post","link":"https:\/\/circuitosalta.com.ar\/?p=1022","title":{"rendered":"Salta ser\u00e1 anfitriona del Seminario Internacional sobre Protecci\u00f3n del Patrimonio Cultural"},"content":{"rendered":"\n<h4 class=\"has-white-color has-text-color has-background wp-block-heading\" style=\"background-color:#035f98\">Participan en este importante encuentro la UNESCO, INTERPOL, Polic\u00eda Federal Argentina, el Ministerio de Seguridad y Justicia de la Provincia de Salta y representantes de fuerzas de seguridad y de cultura de la Regi\u00f3n NOA.<\/h4>\n\n\n\n<p>El martes 5 y mi\u00e9rcoles 6 de julio, en la Casa de la Cultura, se realizar\u00e1 el Seminario Internacional sobre Protecci\u00f3n del Patrimonio Cultural, impulsado por los Ministerios de Cultura y Seguridad de la Naci\u00f3n y la Secretar\u00eda de Cultura de la Provincia de Salta como anfitriona.<\/p>\n\n\n\n<p>El acto de apertura tendr\u00e1 lugar en el Centro Cultural Am\u00e9rica (Mitre 23), ma\u00f1ana&nbsp;martes 5, a las 10.30, con la presencia de autoridades nacionales y provinciales.<\/p>\n\n\n\n<p>Participan en este importante encuentro la UNESCO, INTERPOL, Polic\u00eda Federal Argentina, el Ministerio de Seguridad y Justicia de la Provincia de Salta y representantes de fuerzas de seguridad y cultura de la Regi\u00f3n NOA.<\/p>\n\n\n\n<p>La importancia de este Seminario consiste en educar en la protecci\u00f3n de los bienes culturales, conforme a los establecido por la Convenci\u00f3n UNESCO de 1970 acerca de las medidas que deben adoptarse para prohibir e impedir la importaci\u00f3n, la exportaci\u00f3n y la transferencia de propiedad il\u00edcitas de bienes culturales, la cual ha sido ratificada por nuestro pa\u00eds mediante la Ley N\u00b0 19.943, se\u00f1alando la obligaci\u00f3n de los Estados Partes a crear y desarrollar en el p\u00fablico conciencia sobre el valor de los bienes patrimoniales.<\/p>\n\n\n\n<p>Asimismo, el Seminario tiene como objetivo fortalecer un \u00e1mbito de di\u00e1logo e intercambio entre los\/as diversos\/as actores que intervienen en las tareas de protecci\u00f3n del patrimonio culturales y, de un modo m\u00e1s espec\u00edfico, brindar herramientas te\u00f3rico-metodol\u00f3gicas para fortalecer las capacidades para la prevenci\u00f3n y lucha contra el tr\u00e1fico il\u00edcito de bienes culturales.<\/p>\n\n\n\n<p>El Seminario combinar\u00e1 charlas, conversatorios y m\u00f3dulos tem\u00e1ticos donde especialistas de las Fuerzas Policiales y de Seguridad presentan sus procesos de trabajo, proponiendo desde su \u00e1mbito de intervenci\u00f3n los desaf\u00edos por venir para la protecci\u00f3n del patrimonio cultural.<\/p>\n\n\n\n<p>Es cerrado y estar\u00e1 destinado a personal de las fuerzas de seguridad y de las \u00e1reas de patrimonio cultural de diferentes provincias.<\/p>\n\n\n\n<hr class=\"wp-block-separator has-alpha-channel-opacity\"\/>\n\n\n\n<p>Fuente:\u00a0<strong><a href=\"https:\/\/www.salta.gob.ar\/prensa\/noticias\/salta-sera-anfitriona-del-seminario-internacional-sobre-proteccion-del-patrimonio-cultural-83369\" target=\"_blank\" rel=\"noreferrer noopener\">Secretar\u00eda de Prensa y Comunicaci\u00f3n<\/a><\/strong><\/p>\n","protected":false},"excerpt":{"rendered":"<p>Participan en este importante encuentro la UNESCO, INTERPOL, Polic\u00eda Federal Argentina, el Ministerio de Seguridad y Justicia de la Provincia de Salta y representantes de fuerzas de seguridad y de cultura de la Regi\u00f3n NOA. El martes 5 y mi\u00e9rcoles 6 de julio, en la Casa de la Cultura, se realizar\u00e1 el Seminario Internacional sobre [&hellip;]<\/p>\n","protected":false},"author":2,"featured_media":1023,"comment_status":"open","ping_status":"open","sticky":false,"template":"","format":"standard","meta":{"tdm_status":"","tdm_grid_status":"","footnotes":""},"categories":[26,15],"tags":[],"class_list":{"0":"post-1022","1":"post","2":"type-post","3":"status-publish","4":"format-standard","5":"has-post-thumbnail","7":"category-culturales","8":"category-provincial"},"_links":{"self":[{"href":"https:\/\/circuitosalta.com.ar\/index.php?rest_route=\/wp\/v2\/posts\/1022"}],"collection":[{"href":"https:\/\/circuitosalta.com.ar\/index.php?rest_route=\/wp\/v2\/posts"}],"about":[{"href":"https:\/\/circuitosalta.com.ar\/index.php?rest_route=\/wp\/v2\/types\/post"}],"author":[{"embeddable":true,"href":"https:\/\/circuitosalta.com.ar\/index.php?rest_route=\/wp\/v2\/users\/2"}],"replies":[{"embeddable":true,"href":"https:\/\/circuitosalta.com.ar\/index.php?rest_route=%2Fwp%2Fv2%2Fcomments&post=1022"}],"version-history":[{"count":1,"href":"https:\/\/circuitosalta.com.ar\/index.php?rest_route=\/wp\/v2\/posts\/1022\/revisions"}],"predecessor-version":[{"id":1024,"href":"https:\/\/circuitosalta.com.ar\/index.php?rest_route=\/wp\/v2\/posts\/1022\/revisions\/1024"}],"wp:featuredmedia":[{"embeddable":true,"href":"https:\/\/circuitosalta.com.ar\/index.php?rest_route=\/wp\/v2\/media\/1023"}],"wp:attachment":[{"href":"https:\/\/circuitosalta.com.ar\/index.php?rest_route=%2Fwp%2Fv2%2Fmedia&parent=1022"}],"wp:term":[{"taxonomy":"category","embeddable":true,"href":"https:\/\/circuitosalta.com.ar\/index.php?rest_route=%2Fwp%2Fv2%2Fcategories&post=1022"},{"taxonomy":"post_tag","embeddable":true,"href":"https:\/\/circuitosalta.com.ar\/index.php?rest_route=%2Fwp%2Fv2%2Ftags&post=1022"}],"curies":[{"name":"wp","href":"https:\/\/api.w.org\/{rel}","templated":true}]}}