{"id":1025,"date":"2022-07-05T12:59:28","date_gmt":"2022-07-05T15:59:28","guid":{"rendered":"https:\/\/circuitosalta.com.ar\/?p=1025"},"modified":"2022-07-05T12:59:30","modified_gmt":"2022-07-05T15:59:30","slug":"cultura-en-la-legislatura-de-la-provincia-de-jujuy","status":"publish","type":"post","link":"https:\/\/circuitosalta.com.ar\/?p=1025","title":{"rendered":"Cultura en la Legislatura de la Provincia de Jujuy"},"content":{"rendered":"\n<h3 class=\"has-vivid-green-cyan-color has-text-color has-background wp-block-heading\" style=\"background-color:#765805\">Autoridades de Cultura se reunieron con la Comisi\u00f3n de Cultura y Turismo de la Casa de Piedra para informar sobre los programas y proyectos concretados en el primer semestre y la agenda para el segundo semestre.<\/h3>\n\n\n\n<p>El Secretario de\u00a0<a href=\"https:\/\/prensa.jujuy.gob.ar\/cultura-a14730\" target=\"_blank\" rel=\"noreferrer noopener\">Cultura<\/a>, Luis Medina Zar acompa\u00f1ado por las directoras provinciales de Cultura y Patrimonio, Gisela Arias y Valentina Mill\u00f3n, respectivamente, se reunieron en el Sal\u00f3n Marcos Paz, con la Comisi\u00f3n de Cultura y Turismo, encabezado por Mariela Ortiz, abordando diversos temas patrimoniales y culturales. Adem\u00e1s de avanzar con propuestas culturales que se realizar\u00e1n en Casa de Piedra.<\/p>\n\n\n\n<p>Al respecto, el titular de la Secretar\u00eda de Estado, calific\u00f3 el encuentro de positivo y fruct\u00edfera, se\u00f1alando que no solo se tocaron temas patrimoniales sino tambi\u00e9n las actividades que se llevan adelante en los diferentes espacios culturales y los&nbsp;<a href=\"https:\/\/prensa.jujuy.gob.ar\/programas-a515\">programas<\/a>&nbsp;y proyectos que se desarrollaron y se van a desarrollar a lo largo y ancho de la Provincia.<\/p>\n\n\n\n<p>Remarc\u00f3 que \u201cnosotros tenemos muchos programas que tienen lugar en territorio y la Legislatura nos va a acompa\u00f1ar\u201d y acot\u00f3 que \u201cadem\u00e1s est\u00e1 la idea de los legisladores de generar un espacio&nbsp;<a href=\"https:\/\/prensa.jujuy.gob.ar\/cultural-a10443\">cultural<\/a>&nbsp;en este lugar, lo que est\u00e1 bueno y obviamente de la Secretar\u00eda lo vamos a acompa\u00f1ar\u201d<\/p>\n\n\n\n<p>Continuo detallando que \u201ctambi\u00e9n abordamos los proyectos que tenemos para segundo semestre, entre ellos los programas de Recreo Largo, Agosto Cultural, el Ciclo de conciertos que acompa\u00f1a y gusta mucho a la gente, adem\u00e1s de las fiestas patronales, y las restauraciones del Teatro Mitre, entre otros\u201d y agreg\u00f3 que \u201cvamos a delinear una agenda en com\u00fan donde los miembros de la Comisi\u00f3n nos acompa\u00f1en\u201d.&nbsp;<\/p>\n\n\n\n<p>Concluy\u00f3 diciendo que \u201cfue una reuni\u00f3n muy amena, con aportes no solo de mis dos directoras sino tambi\u00e9n de los legisladores\u201d.&nbsp;<\/p>\n\n\n\n<p>Por su parte la presidenta de la Comisi\u00f3n de Cultura y Turismo, Mariela Ortiz, entre otros conceptos, expres\u00f3 que \u201cfue una charla interesante, donde hemos aunado algunos criterios, nos hemos interiorizado del circuito cultural que viene llevando adelante al Provincia, sobre todo en Capital con la puesta en Valor de Cabildo, el circuito tur\u00edstico y gastron\u00f3mico que obviamente tiene que ver con lo cultural\u201d.&nbsp;<\/p>\n\n\n\n<p>Concluy\u00f3 diciendo que \u201ctanto del Poder Legislativo como el Ejecutivo, sin lugar a dudas, el esp\u00edritu es trabajar en conjunto y fortalecer todo el acervo cultural de la Provincia, para conservarlo y mostrarlo, no solo para los juje\u00f1os sino al Mundo, que hoy nos visitan nuevamente\u201d.&nbsp;<\/p>\n\n\n\n<p>Cabe se\u00f1alar que tambi\u00e9n estuvieron presentes el Vicepresidente de la comisi\u00f3n Cultura y Turismo, Santiago Jubert, y los legisladores Fatima Tisera Villagra, Gustavo Arias, Gabriel Burgos, Omar Gutierrez, Luciano Angelini, Mariela Ferreyra, Daniela del Carmen V\u00e9lez, y Cynthia Alvarado.<\/p>\n\n\n\n<figure class=\"wp-block-image size-full is-resized\"><a href=\"https:\/\/prensa.jujuy.gob.ar\/cultural\/cultura-la-legislatura-la-provincia-n107435\" target=\"_blank\" rel=\"noreferrer noopener\"><img decoding=\"async\" src=\"https:\/\/circuitosalta.com.ar\/wp-content\/uploads\/2022\/07\/Captura-web_5-7-2022_12563_prensa.jujuy_.gob_.ar_.jpeg\" alt=\"\" class=\"wp-image-1026\" width=\"253\" height=\"45\"\/><\/a><\/figure>\n","protected":false},"excerpt":{"rendered":"<p>Autoridades de Cultura se reunieron con la Comisi\u00f3n de Cultura y Turismo de la Casa de Piedra para informar sobre los programas y proyectos concretados en el primer semestre y la agenda para el segundo semestre. El Secretario de\u00a0Cultura, Luis Medina Zar acompa\u00f1ado por las directoras provinciales de Cultura y Patrimonio, Gisela Arias y Valentina [&hellip;]<\/p>\n","protected":false},"author":2,"featured_media":1027,"comment_status":"open","ping_status":"open","sticky":false,"template":"","format":"standard","meta":{"tdm_status":"","tdm_grid_status":"","footnotes":""},"categories":[10],"tags":[],"class_list":{"0":"post-1025","1":"post","2":"type-post","3":"status-publish","4":"format-standard","5":"has-post-thumbnail","7":"category-colaboradores"},"_links":{"self":[{"href":"https:\/\/circuitosalta.com.ar\/index.php?rest_route=\/wp\/v2\/posts\/1025"}],"collection":[{"href":"https:\/\/circuitosalta.com.ar\/index.php?rest_route=\/wp\/v2\/posts"}],"about":[{"href":"https:\/\/circuitosalta.com.ar\/index.php?rest_route=\/wp\/v2\/types\/post"}],"author":[{"embeddable":true,"href":"https:\/\/circuitosalta.com.ar\/index.php?rest_route=\/wp\/v2\/users\/2"}],"replies":[{"embeddable":true,"href":"https:\/\/circuitosalta.com.ar\/index.php?rest_route=%2Fwp%2Fv2%2Fcomments&post=1025"}],"version-history":[{"count":1,"href":"https:\/\/circuitosalta.com.ar\/index.php?rest_route=\/wp\/v2\/posts\/1025\/revisions"}],"predecessor-version":[{"id":1028,"href":"https:\/\/circuitosalta.com.ar\/index.php?rest_route=\/wp\/v2\/posts\/1025\/revisions\/1028"}],"wp:featuredmedia":[{"embeddable":true,"href":"https:\/\/circuitosalta.com.ar\/index.php?rest_route=\/wp\/v2\/media\/1027"}],"wp:attachment":[{"href":"https:\/\/circuitosalta.com.ar\/index.php?rest_route=%2Fwp%2Fv2%2Fmedia&parent=1025"}],"wp:term":[{"taxonomy":"category","embeddable":true,"href":"https:\/\/circuitosalta.com.ar\/index.php?rest_route=%2Fwp%2Fv2%2Fcategories&post=1025"},{"taxonomy":"post_tag","embeddable":true,"href":"https:\/\/circuitosalta.com.ar\/index.php?rest_route=%2Fwp%2Fv2%2Ftags&post=1025"}],"curies":[{"name":"wp","href":"https:\/\/api.w.org\/{rel}","templated":true}]}}