{"id":1029,"date":"2022-07-05T18:35:48","date_gmt":"2022-07-05T21:35:48","guid":{"rendered":"https:\/\/circuitosalta.com.ar\/?p=1029"},"modified":"2022-07-05T18:35:50","modified_gmt":"2022-07-05T21:35:50","slug":"manana-llegara-el-primer-vuelo-directo-desde-bariloche","status":"publish","type":"post","link":"https:\/\/circuitosalta.com.ar\/?p=1029","title":{"rendered":"Ma\u00f1ana llegar\u00e1 el primer vuelo directo desde Bariloche"},"content":{"rendered":"\n<h3 class=\"has-white-color has-text-color has-background wp-block-heading\" style=\"background-color:#d7224f\">A las 17 arribar\u00e1 al aeropuerto Mart\u00edn Miguel de G\u00fcemes el vuelo con turistas nacionales e internacionales que llegan desde la Patagonia Argentina. Se realizar\u00e1 un agasajo especial para los pasajeros.<\/h3>\n\n\n\n<p>Autoridades provinciales y representantes del sector privado del turismo recibir\u00e1n ma\u00f1ana en el aeropuerto Mart\u00edn Miguel de G\u00fcemes al primer vuelo que arribar\u00e1 desde la ciudad de Bariloche. La llegada del avi\u00f3n de Aerol\u00edneas Argentinas est\u00e1 prevista para las 17 y se realizar\u00e1&nbsp;una recepci\u00f3n oficial a los pasajeros que vienen desde la Patagonia.<\/p>\n\n\n\n<p>Bailarines y cantores recibir\u00e1n a los pasajeros que llegar\u00e1n en un vuelo de Aerol\u00edneas Argentinas. Adem\u00e1s durante el vuelo, se brindar\u00e1\u00a0un servicio especial con productos salte\u00f1os.<\/p>\n\n\n\n<p>Fuente:\u00a0<strong><a href=\"https:\/\/www.salta.gob.ar\/prensa\/noticias\/maniana-llegara-el-primer-vuelo-directo-desde-bariloche-83435\" target=\"_blank\" rel=\"noreferrer noopener\">Secretar\u00eda de Prensa y Comunicaci\u00f3n<\/a><\/strong><\/p>\n","protected":false},"excerpt":{"rendered":"<p>A las 17 arribar\u00e1 al aeropuerto Mart\u00edn Miguel de G\u00fcemes el vuelo con turistas nacionales e internacionales que llegan desde la Patagonia Argentina. Se realizar\u00e1 un agasajo especial para los pasajeros. Autoridades provinciales y representantes del sector privado del turismo recibir\u00e1n ma\u00f1ana en el aeropuerto Mart\u00edn Miguel de G\u00fcemes al primer vuelo que arribar\u00e1 desde [&hellip;]<\/p>\n","protected":false},"author":2,"featured_media":1030,"comment_status":"open","ping_status":"open","sticky":false,"template":"","format":"standard","meta":{"tdm_status":"","tdm_grid_status":"","footnotes":""},"categories":[5],"tags":[],"class_list":{"0":"post-1029","1":"post","2":"type-post","3":"status-publish","4":"format-standard","5":"has-post-thumbnail","7":"category-buses-y-aeropuertos"},"_links":{"self":[{"href":"https:\/\/circuitosalta.com.ar\/index.php?rest_route=\/wp\/v2\/posts\/1029"}],"collection":[{"href":"https:\/\/circuitosalta.com.ar\/index.php?rest_route=\/wp\/v2\/posts"}],"about":[{"href":"https:\/\/circuitosalta.com.ar\/index.php?rest_route=\/wp\/v2\/types\/post"}],"author":[{"embeddable":true,"href":"https:\/\/circuitosalta.com.ar\/index.php?rest_route=\/wp\/v2\/users\/2"}],"replies":[{"embeddable":true,"href":"https:\/\/circuitosalta.com.ar\/index.php?rest_route=%2Fwp%2Fv2%2Fcomments&post=1029"}],"version-history":[{"count":1,"href":"https:\/\/circuitosalta.com.ar\/index.php?rest_route=\/wp\/v2\/posts\/1029\/revisions"}],"predecessor-version":[{"id":1031,"href":"https:\/\/circuitosalta.com.ar\/index.php?rest_route=\/wp\/v2\/posts\/1029\/revisions\/1031"}],"wp:featuredmedia":[{"embeddable":true,"href":"https:\/\/circuitosalta.com.ar\/index.php?rest_route=\/wp\/v2\/media\/1030"}],"wp:attachment":[{"href":"https:\/\/circuitosalta.com.ar\/index.php?rest_route=%2Fwp%2Fv2%2Fmedia&parent=1029"}],"wp:term":[{"taxonomy":"category","embeddable":true,"href":"https:\/\/circuitosalta.com.ar\/index.php?rest_route=%2Fwp%2Fv2%2Fcategories&post=1029"},{"taxonomy":"post_tag","embeddable":true,"href":"https:\/\/circuitosalta.com.ar\/index.php?rest_route=%2Fwp%2Fv2%2Ftags&post=1029"}],"curies":[{"name":"wp","href":"https:\/\/api.w.org\/{rel}","templated":true}]}}