{"id":1032,"date":"2022-07-06T09:19:13","date_gmt":"2022-07-06T12:19:13","guid":{"rendered":"https:\/\/circuitosalta.com.ar\/?p=1032"},"modified":"2022-07-06T09:19:15","modified_gmt":"2022-07-06T12:19:15","slug":"lammens-en-formosa-el-turismo-es-una-de-las-actividades-que-empujan-el-crecimiento-de-las-economias-regionales","status":"publish","type":"post","link":"https:\/\/circuitosalta.com.ar\/?p=1032","title":{"rendered":"Lammens en Formosa: \u201cEl turismo es una de las actividades que empujan el crecimiento de las econom\u00edas regionales\u201d"},"content":{"rendered":"\n<h2 class=\"has-text-color wp-block-heading\" style=\"color:#05527e\">11\u00b0 Asamblea del Norte Grande<\/h2>\n\n\n\n<p>El ministro de Turismo y Deportes de la Naci\u00f3n,&nbsp;<strong>Mat\u00edas Lammens<\/strong>, particip\u00f3 de la&nbsp;<strong>11\u00b0 Asamblea del Consejo Regional del Norte Grande<\/strong>, que se llev\u00f3 adelante en la provincia de&nbsp;<strong>Formosa<\/strong>. All\u00ed analiz\u00f3 las pol\u00edticas p\u00fablicas que est\u00e1 llevando adelante el Gobierno Nacional para la&nbsp;<strong>reactivaci\u00f3n de la actividad tur\u00edstica<\/strong>&nbsp;a nivel federal.<\/p>\n\n\n\n<p>Durante el encuentro,&nbsp;<strong>Lammens<\/strong>&nbsp;repas\u00f3 los n\u00fameros del \u00faltimo fin de semana extralargo, que tuvo un&nbsp;<strong>130% de crecimiento<\/strong>&nbsp;en comparaci\u00f3n con la misma fecha en 2019, y los impactos de&nbsp;<strong>PreViaje<\/strong>, con 40% de prestadores tur\u00edsticos de las provincias del Norte Grande. En ese sentido, explic\u00f3 que la pr\u00f3xima edici\u00f3n del programa buscar\u00e1 seguir generando&nbsp;<strong>empleo formal<\/strong>&nbsp;en las PyMEs tur\u00edsticas durante los meses de temporada media y baja.<\/p>\n\n\n\n<p><em>\u201cEl turismo es una de las actividades que empujan el crecimiento de las econom\u00edas regionales\u201d<\/em>, asegur\u00f3 el ministro nacional desde&nbsp;<strong>Formosa<\/strong>. Y agreg\u00f3:&nbsp;<em>\u201cEstamos llevando adelante un ambicioso plan de est\u00edmulo de la demanda, desarrollo y formaci\u00f3n del sector a nivel federal\u201d<\/em>.<\/p>\n\n\n\n<p>Adem\u00e1s, el titular de la cartera explic\u00f3 que Argentina lidera, junto con Colombia, la reactivaci\u00f3n del&nbsp;<strong>turismo receptivo<\/strong>&nbsp;en la regi\u00f3n, encabezada por la llegada de visitantes de Brasil, Uruguay y los Estados Unidos. En ese sentido, repas\u00f3 la recuperaci\u00f3n de vuelos llevada adelante por&nbsp;<strong>Aerol\u00edneas Argentinas<\/strong>&nbsp;y comparti\u00f3 las expectativas de que los destinos nacionales disfruten una temporada de invierno r\u00e9cord, con el arribo de m\u00e1s de un&nbsp;<strong>mill\u00f3n de turistas del extranjero<\/strong>.<\/p>\n\n\n\n<p>Finalmente,&nbsp;<strong>Lammens<\/strong>&nbsp;comparti\u00f3 estad\u00edsticas sobre&nbsp;<a href=\"https:\/\/www.argentina.gob.ar\/turismoydeportes\/pacit\/50-destinos\">\u201c50 Destinos\u201d<\/a>, el plan de infraestructura tur\u00edstica que se est\u00e1 llevando adelante con una inversi\u00f3n superior a los&nbsp;<strong>$1400 millones<\/strong>&nbsp;para las provincias del Norte Grande. Tambi\u00e9n expuso sobre&nbsp;<a href=\"https:\/\/www.larutanatural.gob.ar\/\">\u201cLa Ruta Natural\u201d,<\/a>&nbsp;el programa para la promoci\u00f3n y el desarrollo del&nbsp;<strong>turismo de naturaleza<\/strong>, que cuenta con financiamiento del Banco Interamericano de Desarrollo (BID) por USD 33 millones.<\/p>\n\n\n\n<p>Con la participaci\u00f3n del jefe de Gabinete,\u00a0<strong>Juan Manzur<\/strong>; de los ministros del Interior,\u00a0<strong>Eduardo \u00abWado\u00bb de Pedro<\/strong>, de Desarrollo Social,\u00a0<strong>Juan Zabaleta<\/strong>, y de Desarrollo Productivo,\u00a0<strong>Daniel Scioli<\/strong>; y del embajador argentino en los Estados Unidos,\u00a0<strong>Jorge Arg\u00fcello<\/strong>, se celebr\u00f3 una nueva Asamblea del Consejo Regional del Norte Grande, que cont\u00f3 con la presencia de las autoridades de\u00a0<strong>Catamarca, Chaco, Corrientes, Formosa, Jujuy, La Rioja, Misiones, Salta, Santiago del Estero y Tucum\u00e1n<\/strong>.<\/p>\n\n\n\n<figure class=\"wp-block-image size-full is-style-rounded\"><a href=\"https:\/\/www.argentina.gob.ar\/noticias\/lammens-en-formosa-el-turismo-es-una-de-las-actividades-que-empujan-el-crecimiento-de-las\" target=\"_blank\" rel=\"noreferrer noopener\"><img decoding=\"async\" src=\"https:\/\/circuitosalta.com.ar\/wp-content\/uploads\/2022\/06\/779x142.png\" alt=\"\" class=\"wp-image-873\"\/><\/a><\/figure>\n","protected":false},"excerpt":{"rendered":"<p>11\u00b0 Asamblea del Norte Grande El ministro de Turismo y Deportes de la Naci\u00f3n,&nbsp;Mat\u00edas Lammens, particip\u00f3 de la&nbsp;11\u00b0 Asamblea del Consejo Regional del Norte Grande, que se llev\u00f3 adelante en la provincia de&nbsp;Formosa. All\u00ed analiz\u00f3 las pol\u00edticas p\u00fablicas que est\u00e1 llevando adelante el Gobierno Nacional para la&nbsp;reactivaci\u00f3n de la actividad tur\u00edstica&nbsp;a nivel federal. Durante el [&hellip;]<\/p>\n","protected":false},"author":2,"featured_media":1033,"comment_status":"open","ping_status":"open","sticky":false,"template":"","format":"standard","meta":{"tdm_status":"","tdm_grid_status":"","footnotes":""},"categories":[21],"tags":[],"class_list":{"0":"post-1032","1":"post","2":"type-post","3":"status-publish","4":"format-standard","5":"has-post-thumbnail","7":"category-nacional"},"_links":{"self":[{"href":"https:\/\/circuitosalta.com.ar\/index.php?rest_route=\/wp\/v2\/posts\/1032"}],"collection":[{"href":"https:\/\/circuitosalta.com.ar\/index.php?rest_route=\/wp\/v2\/posts"}],"about":[{"href":"https:\/\/circuitosalta.com.ar\/index.php?rest_route=\/wp\/v2\/types\/post"}],"author":[{"embeddable":true,"href":"https:\/\/circuitosalta.com.ar\/index.php?rest_route=\/wp\/v2\/users\/2"}],"replies":[{"embeddable":true,"href":"https:\/\/circuitosalta.com.ar\/index.php?rest_route=%2Fwp%2Fv2%2Fcomments&post=1032"}],"version-history":[{"count":1,"href":"https:\/\/circuitosalta.com.ar\/index.php?rest_route=\/wp\/v2\/posts\/1032\/revisions"}],"predecessor-version":[{"id":1034,"href":"https:\/\/circuitosalta.com.ar\/index.php?rest_route=\/wp\/v2\/posts\/1032\/revisions\/1034"}],"wp:featuredmedia":[{"embeddable":true,"href":"https:\/\/circuitosalta.com.ar\/index.php?rest_route=\/wp\/v2\/media\/1033"}],"wp:attachment":[{"href":"https:\/\/circuitosalta.com.ar\/index.php?rest_route=%2Fwp%2Fv2%2Fmedia&parent=1032"}],"wp:term":[{"taxonomy":"category","embeddable":true,"href":"https:\/\/circuitosalta.com.ar\/index.php?rest_route=%2Fwp%2Fv2%2Fcategories&post=1032"},{"taxonomy":"post_tag","embeddable":true,"href":"https:\/\/circuitosalta.com.ar\/index.php?rest_route=%2Fwp%2Fv2%2Ftags&post=1032"}],"curies":[{"name":"wp","href":"https:\/\/api.w.org\/{rel}","templated":true}]}}