{"id":1045,"date":"2022-07-07T22:24:38","date_gmt":"2022-07-08T01:24:38","guid":{"rendered":"https:\/\/circuitosalta.com.ar\/?p=1045"},"modified":"2022-07-07T22:24:40","modified_gmt":"2022-07-08T01:24:40","slug":"arribo-a-jujuy-el-vuelo-inaugural-de-la-temporada-con-turistas-provenientes-desde-iguazu","status":"publish","type":"post","link":"https:\/\/circuitosalta.com.ar\/?p=1045","title":{"rendered":"Arrib\u00f3 a Jujuy el vuelo inaugural de la temporada, con turistas provenientes desde Iguaz\u00fa"},"content":{"rendered":"\n<h4 class=\"has-pale-cyan-blue-background-color has-background wp-block-heading\">A pura m\u00fasica y danzas tradicionales los visitantes del vuelo de Aerol\u00edneas Argentinas proveniente de la ciudad misionera\u00a0fueron sorprendidos con agasajos y recordatorios de las bondades naturales provinciales.<\/h4>\n\n\n\n<p>La provincia de Jujuy recibi\u00f3 este lunes a los&nbsp;<strong>primeros turistas de la temporada invernal&nbsp;<\/strong>a trav\u00e9s del vuelo inaugural de<strong>&nbsp;Aerol\u00edneas Argentinas<\/strong>&nbsp;proveniente de la ciudad de Iguaz\u00fa (Misiones).<\/p>\n\n\n\n<p>El aeropuerto internacional Horacio Guzm\u00e1n, ubicado en la ciudad juje\u00f1a de Perico, fue el lugar donde a pura m\u00fasica y danzas tradicionales los visitantes fueron sorprendidos con agasajos y recordatorios de las bondades naturales provinciales.<\/p>\n\n\n\n<p>\u201cEst\u00e1bamos&nbsp;<strong>ansiosos de inaugurar este vuelo<\/strong>, el primero que nos va a conectar con la regi\u00f3n del litoral\u201d, dijo el ministro de Cultura y Turismo de Jujuy,&nbsp;<strong>Federico Posadas<\/strong>, al recibir a los primeros turistas, al tiempo que refiri\u00f3 que \u201cfunci\u00f3n de la demanda que est\u00e1 teniendo el destino Jujuy, fue escuchado\u201d por las autoridades de la aerol\u00ednea de bandera para concretar la ruta.<\/p>\n\n\n\n<p>Para esta temporada invernal<strong>&nbsp;Jujuy suma la conexi\u00f3n dos veces por semana con la ciudad litorale\u00f1a<\/strong>, mientras que este martes se inaugurar\u00e1 un nuevo vuelo que unir\u00e1 a la provincia de Mendoza con la jurisdicci\u00f3n norte\u00f1a.<\/p>\n\n\n\n<figure class=\"wp-block-image size-full\"><img fetchpriority=\"high\" decoding=\"async\" width=\"900\" height=\"506\" src=\"https:\/\/circuitosalta.com.ar\/wp-content\/uploads\/2022\/07\/62c36114519ee_900.jpg\" alt=\"\" class=\"wp-image-1046\" srcset=\"https:\/\/circuitosalta.com.ar\/wp-content\/uploads\/2022\/07\/62c36114519ee_900.jpg 900w, https:\/\/circuitosalta.com.ar\/wp-content\/uploads\/2022\/07\/62c36114519ee_900-300x169.jpg 300w, https:\/\/circuitosalta.com.ar\/wp-content\/uploads\/2022\/07\/62c36114519ee_900-768x432.jpg 768w, https:\/\/circuitosalta.com.ar\/wp-content\/uploads\/2022\/07\/62c36114519ee_900-696x391.jpg 696w, https:\/\/circuitosalta.com.ar\/wp-content\/uploads\/2022\/07\/62c36114519ee_900-747x420.jpg 747w\" sizes=\"(max-width: 900px) 100vw, 900px\" \/><figcaption><br>(Foto: Valera Edgardo)<\/figcaption><\/figure>\n\n\n\n<p>\u201cSon&nbsp;<strong>dos destinos muy tur\u00edsticos que se complementan con la provincia de Jujuy<\/strong>&nbsp;y la expectativa es que los dos vuelos semanales puedan aumentar\u201d, manifest\u00f3 Posadas, para luego anunciar que durante este mes \u201cseis vuelos diarios nos conectar\u00e1n con Buenos Aires y cuatro vuelos semanales con C\u00f3rdoba\u201d.<\/p>\n\n\n\n<p>\u201cTenemos el aeropuerto m\u00e1s grande del&nbsp;<strong>Norte Argentino<\/strong>&nbsp;-continu\u00f3- y la idea es seguir aumentando la conectividad, teniendo en cuenta que Jujuy es uno de los destinos m\u00e1s elegidos y cada vez que se anuncia un nuevo vuelo viene lleno de turistas\u201d, complet\u00f3<\/p>\n\n\n\n<p>M\u00e1s adelante hizo referencia que el pasado mes de junio \u201cfue un mes r\u00e9cord en relaci\u00f3n a la llegada de visitantes\u201d ,por lo que se avizor\u00f3 que \u201cvamos a tener una buena temporada, tambi\u00e9n r\u00e9cord\u201d, estim\u00f3.<\/p>\n\n\n\n<p>A su vez el vicegobernador de Jujuy,&nbsp;<strong>Carlos Haquim<\/strong>, consider\u00f3 la nueva ruta a\u00e9rea \u201cnos genera las esperanzas de tener un pa\u00eds federal con la interconexi\u00f3n de las provincias\u201d, lo cual consider\u00f3 \u201cun avance porque se abre posibilidades de la llegada de turistas\u201d, de diversos puntos del pa\u00eds.<\/p>\n\n\n\n<p>La banda de m\u00fasica del Regimiento de Infanter\u00eda de Monta\u00f1a 20, y bailarines juje\u00f1os le dieron color y ritmo al primer al inicio de la temporada tur\u00edstica en la terminal a\u00e9rea que permiti\u00f3 el disfrute de los turistas reci\u00e9n llegados.<\/p>\n\n\n\n<figure class=\"wp-block-image size-full is-style-rounded\"><a href=\"https:\/\/www.telam.com.ar\/notas\/202207\/597502-arribo-jujuy-vuelo-inaugural-turistas-provenientes-iguazu.html\" target=\"_blank\" rel=\"noreferrer noopener\"><img decoding=\"async\" width=\"964\" height=\"96\" src=\"https:\/\/circuitosalta.com.ar\/wp-content\/uploads\/2022\/05\/Captura-web_6-4-2022_125922_www.telam_.com_.ar_.jpeg\" alt=\"\" class=\"wp-image-664\" srcset=\"https:\/\/circuitosalta.com.ar\/wp-content\/uploads\/2022\/05\/Captura-web_6-4-2022_125922_www.telam_.com_.ar_.jpeg 964w, https:\/\/circuitosalta.com.ar\/wp-content\/uploads\/2022\/05\/Captura-web_6-4-2022_125922_www.telam_.com_.ar_-300x30.jpeg 300w, https:\/\/circuitosalta.com.ar\/wp-content\/uploads\/2022\/05\/Captura-web_6-4-2022_125922_www.telam_.com_.ar_-768x76.jpeg 768w, https:\/\/circuitosalta.com.ar\/wp-content\/uploads\/2022\/05\/Captura-web_6-4-2022_125922_www.telam_.com_.ar_-696x69.jpeg 696w\" sizes=\"(max-width: 964px) 100vw, 964px\" \/><\/a><\/figure>\n","protected":false},"excerpt":{"rendered":"<p>A pura m\u00fasica y danzas tradicionales los visitantes del vuelo de Aerol\u00edneas Argentinas proveniente de la ciudad misionera\u00a0fueron sorprendidos con agasajos y recordatorios de las bondades naturales provinciales. La provincia de Jujuy recibi\u00f3 este lunes a los&nbsp;primeros turistas de la temporada invernal&nbsp;a trav\u00e9s del vuelo inaugural de&nbsp;Aerol\u00edneas Argentinas&nbsp;proveniente de la ciudad de Iguaz\u00fa (Misiones). El [&hellip;]<\/p>\n","protected":false},"author":2,"featured_media":1047,"comment_status":"open","ping_status":"open","sticky":false,"template":"","format":"standard","meta":{"tdm_status":"","tdm_grid_status":"","footnotes":""},"categories":[5,11,18],"tags":[],"class_list":{"0":"post-1045","1":"post","2":"type-post","3":"status-publish","4":"format-standard","5":"has-post-thumbnail","7":"category-buses-y-aeropuertos","8":"category-datos-utiles","9":"category-rutas-y-caminos"},"_links":{"self":[{"href":"https:\/\/circuitosalta.com.ar\/index.php?rest_route=\/wp\/v2\/posts\/1045"}],"collection":[{"href":"https:\/\/circuitosalta.com.ar\/index.php?rest_route=\/wp\/v2\/posts"}],"about":[{"href":"https:\/\/circuitosalta.com.ar\/index.php?rest_route=\/wp\/v2\/types\/post"}],"author":[{"embeddable":true,"href":"https:\/\/circuitosalta.com.ar\/index.php?rest_route=\/wp\/v2\/users\/2"}],"replies":[{"embeddable":true,"href":"https:\/\/circuitosalta.com.ar\/index.php?rest_route=%2Fwp%2Fv2%2Fcomments&post=1045"}],"version-history":[{"count":1,"href":"https:\/\/circuitosalta.com.ar\/index.php?rest_route=\/wp\/v2\/posts\/1045\/revisions"}],"predecessor-version":[{"id":1048,"href":"https:\/\/circuitosalta.com.ar\/index.php?rest_route=\/wp\/v2\/posts\/1045\/revisions\/1048"}],"wp:featuredmedia":[{"embeddable":true,"href":"https:\/\/circuitosalta.com.ar\/index.php?rest_route=\/wp\/v2\/media\/1047"}],"wp:attachment":[{"href":"https:\/\/circuitosalta.com.ar\/index.php?rest_route=%2Fwp%2Fv2%2Fmedia&parent=1045"}],"wp:term":[{"taxonomy":"category","embeddable":true,"href":"https:\/\/circuitosalta.com.ar\/index.php?rest_route=%2Fwp%2Fv2%2Fcategories&post=1045"},{"taxonomy":"post_tag","embeddable":true,"href":"https:\/\/circuitosalta.com.ar\/index.php?rest_route=%2Fwp%2Fv2%2Ftags&post=1045"}],"curies":[{"name":"wp","href":"https:\/\/api.w.org\/{rel}","templated":true}]}}