{"id":1049,"date":"2022-07-08T17:41:11","date_gmt":"2022-07-08T20:41:11","guid":{"rendered":"https:\/\/circuitosalta.com.ar\/?p=1049"},"modified":"2022-07-08T17:41:13","modified_gmt":"2022-07-08T20:41:13","slug":"para-todos-los-gustos-esto-es-lo-que-podes-hacer-este-invierno-en-tucuman","status":"publish","type":"post","link":"https:\/\/circuitosalta.com.ar\/?p=1049","title":{"rendered":"Para todos los gustos: esto es lo que pod\u00e9s hacer este invierno en Tucum\u00e1n"},"content":{"rendered":"\n<h2 class=\"has-white-color has-text-color has-background wp-block-heading\" style=\"background-color:#910528\"><strong>Turismo de la Provincia prepar\u00f3 una nutrida agenda para disfrutar de la temporada en los diferentes destinos tucumanos.<\/strong><\/h2>\n\n\n\n<p>El invierno, uno de los puntos m\u00e1s altos del calendario tur\u00edstico de Tucum\u00e1n, convoca a miles de turistas que escogen la provincia como destino vacacional o de descanso, seducidos por la riqueza cultural e hist\u00f3rica de la capital o por la exuberante naturaleza de las comunas y municipios del interior. En esa l\u00ednea, el Ente Tucum\u00e1n Turismo (ETT), junto a las distintas jurisdicciones, prepar\u00f3 una amplia lista de actividades gratuitas para disfrutar y descubrir, en familia, el Jard\u00edn de la Rep\u00fablica.<\/p>\n\n\n\n<p><strong>Historia viva en San Miguel de Tucum\u00e1n<\/strong><\/p>\n\n\n\n<p>Como en cada temporada invernal, estas vacaciones se podr\u00e1 disfrutar de las representaciones \u201cSecretos y misterios de la Independencia\u201d, a cargo de la compa\u00f1\u00eda art\u00edstica Los Int\u00e9rpretes, que del 8 al 31 de julio (con excepci\u00f3n del 9) recorrer\u00e1n las calles de la capital reviviendo los sucesos m\u00e1s destacados previos a la Declaraci\u00f3n de la Independencia. Luego, frente al Museo Casa Hist\u00f3rica montar\u00e1n cuadros vivientes que te llevar\u00e1n directo a los momentos claves que condujeron a la formaci\u00f3n de Argentina. Podr\u00e1s verlo de 10.30 a 12.30 horas.<\/p>\n\n\n\n<p>El grupo de actores tambi\u00e9n representar\u00e1 \u201cTucum\u00e1n, Tierra de la Independencia\u201d, puesta esc\u00e9nica que del 8 al 31 de julio (con excepci\u00f3n del 9) mostrar\u00e1 a los transe\u00fantes que pasen por el microcentro tucumano escenas tradicionales de la vida colonial y de los sucesos de la gesta independentista, sumado a una puesta con m\u00fasicos y bailarines que se llevar\u00e1 a cabo en el centro de la Plaza Independencia. Estas acciones suceder\u00e1n de 16 a 18 horas.&nbsp;<\/p>\n\n\n\n<p><strong>Historia y fe: otras propuestas para disfrutar este invierno<\/strong><\/p>\n\n\n\n<p>Otro infaltable de la agenda invernal en San Miguel de Tucum\u00e1n es la visita guiada a los Templos Hist\u00f3ricos. Se trata de salidas peatonales para recorrer los principales templos del centro tucumano: la Catedral, La Merced con su Campanario y la Iglesia Santo Domingo, cada una de ellas emblem\u00e1ticas por su contenido hist\u00f3rico y religioso que data de la primera fundaci\u00f3n de la ciudad. Podr\u00e1s visitarlas de jueves a domingos del 10 al 31 de julio en dos horarios diferentes, de 9.30 a 12.30 y de 17 a 20. El recorrido, que se extiende por 50 minutos, sale desde la Oficina de Informes del ETT frente a Plaza Independencia, donde tambi\u00e9n se realizan las inscripciones con cupo limitado.<\/p>\n\n\n\n<p>Tras una exitosa primera edici\u00f3n en el verano, regresan los recorridos a trav\u00e9s de la Ruta de la Fe de la provincia, en sus versiones Norte y Sur. En primer lugar, los domingos 17 y 31 de julio ser\u00e1 el turno de la visita por los templos del Norte, que comprende el Monasterio Benedictino del Siamb\u00f3n, el Pozo de San Francisco Solano y la Iglesia Sagrado Coraz\u00f3n en Trancas, y la Gruta de Lourdes junto a la Iglesia San Pedro de Colalao.&nbsp;<\/p>\n\n\n\n<p>Para aquellos que prefieran conocer los templos del sur de la provincia, est\u00e1 disponible la misma actividad los domingos 10 y 24 de julio, en un recorrido que incluye la Iglesia Nuestra Se\u00f1ora del Carmen de Aguilares, la Iglesia Nuestra Se\u00f1ora de la Merced de Villa de Medina, la Iglesia Nuestra Se\u00f1ora del Rosario de Monteros, la Galer\u00eda de la Veneraci\u00f3n en Famaill\u00e1 y las Ruinas Jesu\u00edticas de San Jos\u00e9 de Lules.&nbsp;<\/p>\n\n\n\n<p>Las inscripciones para ambas salidas, que se encuentran abiertas hasta dos d\u00edas antes de cada acci\u00f3n, se realizan en la Oficina de Informes del ETT y son con cupo limitado. Se trata de actividades gratuitas de jornada completa (9 a 18 horas), con salida desde la misma oficina, traslado incluido, y lo \u00fanico que corre por cuenta del pasajero es el almuerzo.&nbsp;<\/p>\n\n\n\n<p><strong>Invierno para disfrutar la naturaleza de San Javier<\/strong><\/p>\n\n\n\n<p>Con un entorno del Cristo Bendicente remozado, este invierno vuelven las tardes de folclore en la explanada de la famosa escultura creada por Juan Carlos Iramain. Todos los viernes del 8 al 29 de julio, de 16 a 18 horas, se bailar\u00e1n danzas folcl\u00f3ricas con vestimentas tradicionales y quienes deseen aprender o mostrar sus dotes con los pasos del folclore podr\u00e1n hacerlo de la mano de los mejores. Esta actividad, que cuenta con apoyo del Ministerio del Interior de la provincia, se suspende por lluvia.&nbsp;&nbsp;&nbsp;&nbsp;&nbsp;&nbsp;&nbsp;&nbsp;&nbsp;&nbsp;&nbsp;&nbsp;&nbsp;&nbsp;&nbsp;&nbsp;&nbsp;&nbsp;&nbsp;&nbsp;&nbsp;&nbsp;&nbsp;&nbsp;&nbsp;&nbsp;&nbsp;&nbsp;&nbsp;&nbsp;&nbsp;&nbsp;&nbsp;&nbsp;<\/p>\n\n\n\n<p>Otra propuesta para disfrutar de los paisajes inigualables que ofrece el cerro San Javier bajo el sol invernal son los espect\u00e1culos musicales en los alrededores del Cristo. Podr\u00e1n disfrutarlo todos los s\u00e1bados y domingos del 9 al 31 de julio a partir de las 15.30 horas. La acci\u00f3n se suspende en caso de lluvia.&nbsp;&nbsp;&nbsp;&nbsp;&nbsp;<\/p>\n\n\n\n<p><strong>Gastronom\u00eda y m\u00fasica frente al lago<\/strong><\/p>\n\n\n\n<p>Otro destino imperdible para disfrutar los d\u00edas de invierno en la provincia es El Cadillal con su gran espejo de agua y la naturaleza que lo rodea. Entre las actividades planificadas por el ETT se encuentran los shows de cocina en vivo a cargo de un importante chef tucumano que elaborar\u00e1 platos gourmet con insumos t\u00edpicos de nuestra regi\u00f3n. Las invitaciones son los viernes 15, 22 y 29 de julio a las 13 horas y son con reserva previa al tel\u00e9fono de los bares y restaurantes donde se desarrolla cada actividad. El 15 ser\u00e1 en Alfonsina (3814421192), el 22 en El Faro (3816536061) y el 29 en Black Paradise (3814173085). Cabe destacar que no se cobra derecho de espect\u00e1culo.&nbsp;<\/p>\n\n\n\n<p>En tanto, los s\u00e1bados y domingos de julio, a partir de las 16 horas, podr\u00e1s disfrutar de espect\u00e1culos musicales en el Anfiteatro Tucu Tucu de El Cadillal, con el incomparable marco que brinda el espejo de agua Celestino Gelsi. La acci\u00f3n, que cuenta con apoyo del Ministerio del Interior, se suspende en caso de lluvia.&nbsp;&nbsp;<\/p>\n\n\n\n<p><strong>Tradici\u00f3n ancestral en Taf\u00ed del Valle<\/strong><\/p>\n\n\n\n<p>Un destino perfecto para pasar este invierno es Taf\u00ed del Valle, que despierta ciertos d\u00edas de esta estaci\u00f3n bajo un manto blanco id\u00edlico. Con el objetivo de promocionar la Ruta del Artesano de esa ciudad, el ETT organiz\u00f3 un tour para que recorras los talleres que integran este circuito y puedas apreciar cada una de las etapas de la producci\u00f3n artesanal. Las citas son los s\u00e1bados 9, 16, 23 y 30 de julio con inscripci\u00f3n y salida desde la Casa del Turista de Taf\u00ed del Valle, ubicada en la Peatonal Los Faroles. La excursi\u00f3n que se extiende por tres horas cuenta con cupos limitados y es completamente gratuita con traslado incluido. &nbsp;&nbsp;<strong>&nbsp;<\/strong><\/p>\n\n\n\n<p>Por otra parte, podr\u00e1s degustar platos elaborados con productos t\u00edpicos del valle en la acci\u00f3n \u201cSabores de Taf\u00ed\u201d, que se realizar\u00e1 los s\u00e1bados 16 y 30 de julio, la primera fecha en el Restaurante El Museo y la segunda en el Hotel Mirador del Taf\u00ed, con reservas al (03867) 421243. Ram\u00f3n Gonz\u00e1lez, destacado chef de la provincia, ser\u00e1 el encargado de combinar las bondades de la tierra, la cultura y la identidad vallista para crear sabores \u00fanicos. Para aquellos que reserven no se cobrar\u00e1 derecho de espect\u00e1culo.<\/p>\n\n\n\n<p>Adem\u00e1s, este invierno podr\u00e1s degustar los frutos de nuestra Ruta del Vino, que se emplaza en las localidades de Amaicha y Colalao del Valle. Se trata del Tour de Vinos del Tucum\u00e1n, que se realizar\u00e1 los viernes 15 y 22 de julio de 9 a 18.30 horas, con punto de partida y regreso en la Casa del Turista de Taf\u00ed del Valle, al igual que las inscripciones que cuentan con cupo limitado.<\/p>\n\n\n\n<p>Cabe destacar que el traslado es gratuito y se solicitar\u00e1 pase sanitario. En tanto, las degustaciones tendr\u00e1n un costo de $500 por bodega por persona. Estas incluyen variedades de vinos, maridaje con productos locales, charla sobre la historia del emprendimiento y del proceso de elaboraci\u00f3n de cada vino y el recorrido por el vi\u00f1edo. Asimismo, los pasajeros podr\u00e1n adquirir un men\u00fa accesible durante el almuerzo.&nbsp;<\/p>\n\n\n\n<p><strong>Las puertas de La Sucursal del Cielo estar\u00e1n abiertas<\/strong><\/p>\n\n\n\n<p>La comuna prepar\u00f3 actividades gratuitas que se suman a su oferta permanente. En ese sentido, el 9 de julio,&nbsp; en la plaza Leocadio Paz, la banda Mano e Mono brindar\u00e1 un show gratuito, acci\u00f3n que se repetir\u00e1 el s\u00e1bado 16, en la explanada de la Iglesia San Pedro, donde se celebrar\u00e1 el espect\u00e1culo \u201cCanto a mi Tierra\u201d, con la participaci\u00f3n de reconocidas agrupaciones locales.&nbsp;<\/p>\n\n\n\n<p>Signada por su incalculable valor religioso, la Gruta de Lourdes, sitio que replica en sus paredes de piedra a la que se encuentra en Francia, es uno de los atractivos m\u00e1s importantes de la villa tur\u00edstica,y si bien re\u00fane a miles de fieles en el mes de febrero, se erige como un imperdible para todo aquel que visite San Pedro.&nbsp;<\/p>\n\n\n\n<p>Emplazado en una hist\u00f3rica construcci\u00f3n que data del a\u00f1o 1850, el Museo Arqueol\u00f3gico Manuel Garc\u00eda Salemi expone colecciones de cer\u00e1mica y urnas de las culturas Candelaria y Santa Mar\u00eda, pueblos que anta\u00f1o crecieron rodeados del exuberante verde de San Pedro. Adem\u00e1s de atestiguar la riqueza cultural de la villa tur\u00edstica, en el espacio se relata la biograf\u00eda de Garc\u00eda Salemi, uno de los arque\u00f3logos m\u00e1s importantes de la provincia.<\/p>\n\n\n\n<p>Otro de los fuertes de la Sucursal del Cielo es la pr\u00e1ctica de deportes en la naturaleza, entre ellas las caminatas y las actividades ecuestres. Si este invierno deseas descubrir la riqueza de sus senderos y paisajes ya sea a pie o a caballo, la Fundaci\u00f3n Coquena puede cumplirte el sue\u00f1o. Entre sus servicios se encuentran cabalgatas, caminatas, monta\u00f1ismo, excursiones y todo lo que comprende turismo de aventura. Estas actividades se realizan en diferentes sitios de la villa como el Camino de Mar\u00eda, Monte Bello, Gruta de Lourdes, Ojo de Agua, Dique Las Tacanas, Piedra Pintada y el Puente del Indio.&nbsp;<\/p>\n\n\n\n<p>M\u00e1s informaci\u00f3n de los servicios en la web&nbsp;<a href=\"http:\/\/www.fundacioncoquena.org\/\" target=\"_blank\" rel=\"noreferrer noopener\">www.fundacioncoquena.org<\/a>&nbsp;o en la fanpage Fundaci\u00f3n Coquena DTS.<\/p>\n\n\n\n<p><strong>Taf\u00ed Viejo te espera durante toda la temporada<\/strong><\/p>\n\n\n\n<p>Desde el 9 de julio y hasta el 23 del mismo mes, el municipio program\u00f3 una actividad guiada de senderismo para disfrutar de la naturaleza de la Capital del Lim\u00f3n. El punto de partida ser\u00e1 la hoster\u00eda Atahualpa Yupanqui y los interesados deben realizar su inscripci\u00f3n comunic\u00e1ndose al n\u00famero 3816130506.&nbsp;<\/p>\n\n\n\n<p>Otra de las propuestas impulsadas por Taf\u00ed Viejo es el recorrido \u201cEntre Yungas y Rieles\u201d, un paseo encabezado por un gu\u00eda tur\u00edstico donde se muestra el capital natural, hist\u00f3rico y cultural del departamento tafice\u00f1o.<\/p>\n\n\n\n<p>La oferta permanente siempre es seductora y esta temporada no ser\u00e1 la excepci\u00f3n. El Museo Ferroviario (mi\u00e9rcoles y s\u00e1bados) y el Centro de Interpretaci\u00f3n Arqueol\u00f3gica (todos los d\u00edas) Thaaui esperan por turistas \u00e1vidos de conocer el legado cultural de los pueblos que habitaron y desarrollaron su vida en Taf\u00ed Viejo.&nbsp;<\/p>\n\n\n\n<p><strong>Paisaje invernal y tradici\u00f3n en Talapazo<\/strong><\/p>\n\n\n\n<p>Uno de los imperdibles para este invierno es, sin dudas, la propuesta que traen en conjunto el ETT y el grupo de Turismo Rural Comunitario: una experiencia para compartir con la comunidad de Talapazo sus costumbres y tradiciones. Se trata de una jornada completa que se llevar\u00e1 a cabo el s\u00e1bado 16 de julio con inscripci\u00f3n (con cupos limitados y disponible hasta dos d\u00edas antes de la acci\u00f3n) y punto de partida desde la Oficina de Informes.<\/p>\n\n\n\n<p>El traslado desde San Miguel de Tucum\u00e1n ser\u00e1 a partir de las 7.00 y la experiencia iniciar\u00e1 con la recepci\u00f3n de los visitantes a cargo de la comunidad, que les transmitir\u00e1n la labor de cada uno dentro del pueblo y les brindar\u00e1n un almuerzo tradicional. Luego, podr\u00e1n emprender una caminata de baja dificultad hacia el mirador de la loma con la compa\u00f1\u00eda de un gu\u00eda local. Ya en el lugar, ser\u00e1n part\u00edcipes de la cultura viva del lugar a trav\u00e9s de una ceremonia a la Pachamama. Tras el descenso de la loma, aprender\u00e1n los secretos para elaborar pan casero que luego ser\u00e1 degustado en una merienda campestre.&nbsp;<\/p>\n\n\n\n<p>Cabe destacar que la actividad es gratuita con traslado incluido y el pasajero solo deber\u00e1 abonar el almuerzo en el Kincho del pueblo. Por contacto, llamar al tel\u00e9fono 3816222254.<\/p>\n\n\n\n<p><strong>La belleza del Circuito Sur, siempre presente<\/strong><\/p>\n\n\n\n<p>El imponente marco de naturaleza del Parque Nacional Aconquija esperar\u00e1 con los brazos abiertos a quienes deseen maravillarse con sus paisajes. El 23 de julio, en el Portal Campo de Los Alisos, se llevar\u00e1 adelante una jornada de observaci\u00f3n de aves. Se trata de una actividad gratuita y los interesados podr\u00e1n realizar su inscripci\u00f3n en la Oficina de Informaci\u00f3n Tur\u00edstica del ETT hasta dos d\u00edas antes de la acci\u00f3n. All\u00ed se le informar\u00e1 sobre el equipamiento necesario para la excursi\u00f3n que tendr\u00e1 su punto de largada en el organismo, frente a Plaza Independencia, a las 7.&nbsp;<\/p>\n\n\n\n<p>A tan solo 35 kil\u00f3metros de la capital provincial, Famaill\u00e1 invita a disfrutar del invierno con algunos de sus cl\u00e1sicos eventos. El 9 de julio a las 11, en el Parque Tem\u00e1tico, tendr\u00e1 lugar la Fiesta Nacional de los Mellizos, y todos los domingos, de 11 a 23, se desarrollar\u00e1 la recientemente inaugurada Feria de los Emprendedores, frente al Cabildo de la localidad, donde cientos de artesanos tucumanos ofrecen y comercializan sus productos en un colorido paseo.\u00a0<\/p>\n\n\n\n<figure class=\"wp-block-gallery has-nested-images columns-default is-cropped wp-block-gallery-1 is-layout-flex wp-block-gallery-is-layout-flex\">\n<figure class=\"wp-block-image size-large\"><img fetchpriority=\"high\" decoding=\"async\" width=\"750\" height=\"500\" data-id=\"1052\" src=\"https:\/\/circuitosalta.com.ar\/wp-content\/uploads\/2022\/07\/actividadesinvierno1.jpg\" alt=\"\" class=\"wp-image-1052\" srcset=\"https:\/\/circuitosalta.com.ar\/wp-content\/uploads\/2022\/07\/actividadesinvierno1.jpg 750w, https:\/\/circuitosalta.com.ar\/wp-content\/uploads\/2022\/07\/actividadesinvierno1-300x200.jpg 300w, https:\/\/circuitosalta.com.ar\/wp-content\/uploads\/2022\/07\/actividadesinvierno1-696x464.jpg 696w, https:\/\/circuitosalta.com.ar\/wp-content\/uploads\/2022\/07\/actividadesinvierno1-630x420.jpg 630w\" sizes=\"(max-width: 750px) 100vw, 750px\" \/><\/figure>\n\n\n\n<figure class=\"wp-block-image size-large\"><img decoding=\"async\" width=\"750\" height=\"500\" data-id=\"1050\" src=\"https:\/\/circuitosalta.com.ar\/wp-content\/uploads\/2022\/07\/actividadesinvierno2.jpg\" alt=\"\" class=\"wp-image-1050\" srcset=\"https:\/\/circuitosalta.com.ar\/wp-content\/uploads\/2022\/07\/actividadesinvierno2.jpg 750w, https:\/\/circuitosalta.com.ar\/wp-content\/uploads\/2022\/07\/actividadesinvierno2-300x200.jpg 300w, https:\/\/circuitosalta.com.ar\/wp-content\/uploads\/2022\/07\/actividadesinvierno2-696x464.jpg 696w, https:\/\/circuitosalta.com.ar\/wp-content\/uploads\/2022\/07\/actividadesinvierno2-630x420.jpg 630w\" sizes=\"(max-width: 750px) 100vw, 750px\" \/><\/figure>\n\n\n\n<figure class=\"wp-block-image size-large\"><img decoding=\"async\" width=\"750\" height=\"500\" data-id=\"1051\" src=\"https:\/\/circuitosalta.com.ar\/wp-content\/uploads\/2022\/07\/actividadesinvierno4.jpg\" alt=\"\" class=\"wp-image-1051\" srcset=\"https:\/\/circuitosalta.com.ar\/wp-content\/uploads\/2022\/07\/actividadesinvierno4.jpg 750w, https:\/\/circuitosalta.com.ar\/wp-content\/uploads\/2022\/07\/actividadesinvierno4-300x200.jpg 300w, https:\/\/circuitosalta.com.ar\/wp-content\/uploads\/2022\/07\/actividadesinvierno4-696x464.jpg 696w, https:\/\/circuitosalta.com.ar\/wp-content\/uploads\/2022\/07\/actividadesinvierno4-630x420.jpg 630w\" sizes=\"(max-width: 750px) 100vw, 750px\" \/><\/figure>\n<\/figure>\n\n\n\n<figure class=\"wp-block-image size-full\"><a href=\"https:\/\/www.institucionalturismotuc.gob.ar\/noticias\/noticia\/449\/Para+todos+los+gustos:+esto+es+lo+que+pod%C3%A9s+hacer+este+invierno+en+Tucum%C3%A1n\" target=\"_blank\" rel=\"noreferrer noopener\"><img loading=\"lazy\" decoding=\"async\" width=\"423\" height=\"75\" src=\"https:\/\/circuitosalta.com.ar\/wp-content\/uploads\/2022\/07\/Captura-web_8-7-2022_173840_www.institucionalturismotuc.gob_.ar_.jpeg\" alt=\"\" class=\"wp-image-1053\" srcset=\"https:\/\/circuitosalta.com.ar\/wp-content\/uploads\/2022\/07\/Captura-web_8-7-2022_173840_www.institucionalturismotuc.gob_.ar_.jpeg 423w, https:\/\/circuitosalta.com.ar\/wp-content\/uploads\/2022\/07\/Captura-web_8-7-2022_173840_www.institucionalturismotuc.gob_.ar_-300x53.jpeg 300w\" sizes=\"(max-width: 423px) 100vw, 423px\" \/><\/a><\/figure>\n","protected":false},"excerpt":{"rendered":"<p>Turismo de la Provincia prepar\u00f3 una nutrida agenda para disfrutar de la temporada en los diferentes destinos tucumanos. El invierno, uno de los puntos m\u00e1s altos del calendario tur\u00edstico de Tucum\u00e1n, convoca a miles de turistas que escogen la provincia como destino vacacional o de descanso, seducidos por la riqueza cultural e hist\u00f3rica de la [&hellip;]<\/p>\n","protected":false},"author":2,"featured_media":1054,"comment_status":"open","ping_status":"open","sticky":false,"template":"","format":"standard","meta":{"tdm_status":"","tdm_grid_status":"","footnotes":""},"categories":[3,4,18],"tags":[],"class_list":{"0":"post-1049","1":"post","2":"type-post","3":"status-publish","4":"format-standard","5":"has-post-thumbnail","7":"category-gourmet","8":"category-paisajes","9":"category-rutas-y-caminos"},"_links":{"self":[{"href":"https:\/\/circuitosalta.com.ar\/index.php?rest_route=\/wp\/v2\/posts\/1049"}],"collection":[{"href":"https:\/\/circuitosalta.com.ar\/index.php?rest_route=\/wp\/v2\/posts"}],"about":[{"href":"https:\/\/circuitosalta.com.ar\/index.php?rest_route=\/wp\/v2\/types\/post"}],"author":[{"embeddable":true,"href":"https:\/\/circuitosalta.com.ar\/index.php?rest_route=\/wp\/v2\/users\/2"}],"replies":[{"embeddable":true,"href":"https:\/\/circuitosalta.com.ar\/index.php?rest_route=%2Fwp%2Fv2%2Fcomments&post=1049"}],"version-history":[{"count":1,"href":"https:\/\/circuitosalta.com.ar\/index.php?rest_route=\/wp\/v2\/posts\/1049\/revisions"}],"predecessor-version":[{"id":1055,"href":"https:\/\/circuitosalta.com.ar\/index.php?rest_route=\/wp\/v2\/posts\/1049\/revisions\/1055"}],"wp:featuredmedia":[{"embeddable":true,"href":"https:\/\/circuitosalta.com.ar\/index.php?rest_route=\/wp\/v2\/media\/1054"}],"wp:attachment":[{"href":"https:\/\/circuitosalta.com.ar\/index.php?rest_route=%2Fwp%2Fv2%2Fmedia&parent=1049"}],"wp:term":[{"taxonomy":"category","embeddable":true,"href":"https:\/\/circuitosalta.com.ar\/index.php?rest_route=%2Fwp%2Fv2%2Fcategories&post=1049"},{"taxonomy":"post_tag","embeddable":true,"href":"https:\/\/circuitosalta.com.ar\/index.php?rest_route=%2Fwp%2Fv2%2Ftags&post=1049"}],"curies":[{"name":"wp","href":"https:\/\/api.w.org\/{rel}","templated":true}]}}