{"id":1079,"date":"2022-07-14T10:05:19","date_gmt":"2022-07-14T13:05:19","guid":{"rendered":"https:\/\/circuitosalta.com.ar\/?p=1079"},"modified":"2022-07-14T10:05:21","modified_gmt":"2022-07-14T13:05:21","slug":"la-celebracion-al-poncho-una-tradicion-que-atrae-a-miles-de-turistas-a-catamarca","status":"publish","type":"post","link":"https:\/\/circuitosalta.com.ar\/?p=1079","title":{"rendered":"La celebraci\u00f3n al poncho, una tradici\u00f3n que atrae a miles de turistas a Catamarca"},"content":{"rendered":"\n<h6 class=\"has-text-align-right has-cyan-bluish-gray-color has-text-color wp-block-heading\"><em>POR GONZALO P\u00c9REZ BUSTAMANTE<\/em><\/h6>\n\n\n\n<h4 class=\"has-cyan-bluish-gray-color has-text-color has-background wp-block-heading\" style=\"background-color:#552502\">Es la fiesta del invierno m\u00e1s importante del noroeste argentino y celebra este a\u00f1o su\u00a051\u00b0 edici\u00f3n, la primera presencial tras la pandemia. Durante 10 d\u00edas, participar\u00e1n m\u00e1s de 700 artesanos y productores y habr\u00e1 un gran festival con artistas de primer nivel.<\/h4>\n\n\n\n<p>Catamarca se prepara para vivir la fiesta de invierno m\u00e1s importante del noroeste argentino, la&nbsp;<strong>51\u00b0 edici\u00f3n de la Fiesta Nacional e Internacional del Poncho<\/strong>, que albergar\u00e1 durante diez d\u00edas a m\u00e1s de 700 artesanos y productores, y espera recibir la visita de m\u00e1s de 200 mil turistas de todo el pa\u00eds.<\/p>\n\n\n\n<p>Este a\u00f1o, el encuentro que marcar\u00e1a&nbsp;<strong>el regreso a la presencialidad de esta celebraci\u00f3n, tras la suspensi\u00f3n de 2020<\/strong>&nbsp;por la pandemia de coronavirus y el formato virtual del a\u00f1o pasado, tendr\u00e1 lugar en el renovado Predio Ferial Catamarca, desde el 15 de Julio hasta el 24.<\/p>\n\n\n\n<p>\u00abLas expectativas son las mejores. La Fiesta Nacional e Internacional del Poncho vuelve con un Predio Ferial que luce a nuevo, con<strong>&nbsp;700 expositores, entre artesanos y productores<\/strong>, con un gran festival y artistas de primer nivel en la cartelera\u00bb, dijo a T\u00e9lam el ministro de Cultura, Turismo y Deporte de la provincia, Roberto Brunello.<\/p>\n\n\n\n<blockquote class=\"wp-block-quote is-layout-flow wp-block-quote-is-layout-flow\"><p>\u00abLa Fiesta Nacional e Internacional del Poncho vuelve con un Predio Ferial que luce a nuevo, con 700 expositores, entre artesanos y productores, con un gran festival y artistas de primer nivel en la cartelera\u00bb<\/p><cite>Roberto Brunello,&nbsp;ministro de Cultura, Turismo y Deporte de Catamarca<\/cite><\/blockquote>\n\n\n\n<p>En esta l\u00ednea, el titular de la cartera tur\u00edstica destaco que&nbsp;<strong>las reservas ya est\u00e1n \u00aben el orden del 100% de nuestra hoteler\u00eda<\/strong>, a lo que hemos tenido que sumar casas de familia, inclusive para garantizar alojamiento a todos los que nos visiten\u00bb, explic\u00f3.<\/p>\n\n\n\n<p>Seg\u00fan datos suministrados desde la secretaria de Gesti\u00f3n Tur\u00edstica de la provincia, durante su \u00faltima medici\u00f3n en el mes de Junio, Catamarca elev\u00f3 un 7% la cantidad de plazas hoteleras disponibles en toda la provincia, pasando de 8.450 a 9.050.<\/p>\n\n\n\n<p>Brunello adelant\u00f3 que se esperaba, de base, \u00abque m\u00e1s de 200 mil personas visiten la fiesta del 15 al 24 de julio, que tendr\u00e1 un&nbsp;<strong>impacto importante en lo econ\u00f3mico<\/strong>\u00ab.<\/p>\n\n\n\n<p>El mandatario estim\u00f3 ese impacto en \u00ab600 millones de pesos a lo largo de toda la cadena de valor que se dinamiza con el poncho: hoteler\u00eda, servicios tur\u00edsticos, gastronom\u00eda, artesanos, comercios y transporte, entre otros\u00bb.<\/p>\n\n\n\n<figure class=\"wp-block-image size-large\"><img decoding=\"async\" src=\"https:\/\/www.telam.com.ar\/thumbs\/bluesteel\/advf\/imagenes\/2022\/07\/62c9a5ff70106_900.jpg\" alt=\"\"\/><\/figure>\n\n\n\n<h2 class=\"wp-block-heading\">M\u00e1s de 50 a\u00f1os de historia<\/h2>\n\n\n\n<p>La Fiesta Nacional e Internacional del Poncho, denominada&nbsp;<strong>la mayor fiesta de invierno del pa\u00eds<\/strong>, comenz\u00f3 a escribir sus p\u00e1ginas en la historia de las mayores festividades de la Argentina el 5 de Julio de 1967, con su primera edici\u00f3n desarrollada en la Manzana del Turismo de Catamarca.<\/p>\n\n\n\n<p>A m\u00e1s de 50 a\u00f1os de la primera edici\u00f3n, el Poncho se ha transformado en un&nbsp;<strong>s\u00edmbolo de la identidad de Catamarca<\/strong>, y su fiesta es asumida y vivida como &#8216;la fiesta de todos&#8217;, donde cientos de artesanos, artistas y m\u00fasicos de todo el pa\u00eds desfilaron por los stands y escenarios exponiendo sus obras.<\/p>\n\n\n\n<figure class=\"wp-block-image size-large\"><img decoding=\"async\" src=\"https:\/\/www.telam.com.ar\/thumbs\/bluesteel\/advf\/imagenes\/2022\/07\/62c9a5ffa8992_900.jpg\" alt=\"\"\/><figcaption>Otras propuesta exclusiva para esta nueva edici\u00f3n es \u00abPoncho Dise\u00f1o\u00bb, un espacio que apuesta a la creatividad en cuanto a tendencias.<\/figcaption><\/figure>\n\n\n\n<h2 class=\"wp-block-heading\">Diez d\u00edas de fiesta<\/h2>\n\n\n\n<p>Una de las caracter\u00edsticas de la fiesta de invierno m\u00e1s destacada del noroeste argentino, es que la entrada al predio y a distintos espacios es libre y gratuita, excepto el ingreso al Festival en el sal\u00f3n mayor, donde durante las 10 noches actuar\u00e1n m\u00fasicos de la talla de&nbsp;<strong>Soledad Pastorutti, Los Palmeras, Luciano Pereyra, Vicentico, el Chaque\u00f1o Palavecino y Los Tekis<\/strong>, entre otros artistas, con un valor de las entradas que oscilar\u00e1 entre los 1.500 y 5.000 pesos.<\/p>\n\n\n\n<p>La fiesta tambi\u00e9n contar\u00e1 con los<strong>&nbsp;tradicionales pabellones de artesan\u00edas<\/strong>, donde m\u00e1s de 700 artesanos de todo el pa\u00eds podr\u00e1n exponer y comercializar sus creaciones, como el caso del catamarque\u00f1o Carlos Reinoso.<\/p>\n\n\n\n<p>\u00abTodos los artesanos esperamos con muchas expectativas est\u00e1 nueva edici\u00f3n que va a ser muy especial, despu\u00e9s de dos a\u00f1os sin poncho. El reencontrarse con la gente y ofrecer lo que uno realiza, que es el esp\u00edritu de la fiesta\u00bb, dijo en di\u00e1logo con T\u00e9lam el joven alfarero.<\/p>\n\n\n\n<blockquote class=\"wp-block-quote is-layout-flow wp-block-quote-is-layout-flow\"><p>\u00abTodos los artesanos esperamos con muchas expectativas est\u00e1 nueva edici\u00f3n que va a ser muy especial, despu\u00e9s de dos a\u00f1os sin poncho. El reencontrarse con la gente y ofrecer lo que uno realiza, que es el esp\u00edritu de la fiesta\u00bb<\/p><cite>Carlos Reinoso, alfarero<\/cite><\/blockquote>\n\n\n\n<p>\u00abAdem\u00e1s -continu\u00f3- es muy bueno volver a encontrarse con artesanos de todo el pa\u00eds y compartir con los distintos oficios que son trasmitidos de generaci\u00f3n en generaci\u00f3n\u00bb.<\/p>\n\n\n\n<p>Esta edici\u00f3n n\u00famero 51 de la Fiesta Nacional e Internacional del Poncho tendr\u00e1 como nueva propuesta el&nbsp;<strong>\u00abPatio de las Provincias\u00bb<\/strong>, un espacio gratuito e interactivo pensado para que el p\u00fablico pueda pasar una tarde de entretenimiento.<\/p>\n\n\n\n<p>Adem\u00e1s de disfrutar de la actuaci\u00f3n de artistas de todos los g\u00e9neros, el visitante podr\u00e1 sacar fotograf\u00edas de los bellos paisajes catamarque\u00f1os en el&nbsp;<strong>punto panor\u00e1mico&nbsp;<\/strong>instalado con ese fin y conocer la oferta tur\u00edstica de varias provincias argentinas en los stands dispuestos alrededor del patio.<\/p>\n\n\n\n<figure class=\"wp-block-image size-large\"><img decoding=\"async\" src=\"https:\/\/www.telam.com.ar\/thumbs\/bluesteel\/advf\/imagenes\/2022\/07\/62c9a5ff94494_900.jpg\" alt=\"\"\/><figcaption>A m\u00e1s de 50 a\u00f1os de la primera edici\u00f3n, el Poncho se ha transformado en un s\u00edmbolo de la identidad de Catamarca.<\/figcaption><\/figure>\n\n\n\n<p>Otras propuesta exclusiva para esta nueva edici\u00f3n es<strong>&nbsp;\u00abPoncho Dise\u00f1o\u00bb<\/strong>, un espacio que apuesta a la creatividad en cuanto a tendencias conformado por 34 dise\u00f1adores catamarque\u00f1os, que adem\u00e1s contar\u00e1 con renovados stands de venta y exposici\u00f3n en torno a los rubros de indumentaria, calzado, dise\u00f1o textil, marroquiner\u00eda, objetos, decoraci\u00f3n, mobiliario, emprendimientos gr\u00e1ficos y artes visuales.<\/p>\n\n\n\n<p>Tambi\u00e9n destacar\u00e1 el stand<strong>&nbsp;\u00abCatamarca es Naturaleza\u00bb<\/strong>, que expondr\u00e1 toda la oferta de destino de la provincia, donde cada municipio podr\u00e1 mostrar sus atractivos tur\u00edsticos, culturales y gastron\u00f3micos, con la presencia de las agencias de viajes que ofrecer\u00e1n servicios y paquetes con las distintas opciones para recorrer Catamarca.<\/p>\n\n\n\n<p>Seg\u00fan datos de la direcci\u00f3n de Planificaci\u00f3n Tur\u00edstica de Catamarca, durante su \u00faltima edici\u00f3n presencial en el a\u00f1o 2019, la Fiesta Nacional e Internacional del Ponchos movilizo a m\u00e1s de 542.077 personas.<\/p>\n\n\n\n<figure class=\"wp-block-image size-large\"><img decoding=\"async\" src=\"https:\/\/www.telam.com.ar\/thumbs\/bluesteel\/advf\/imagenes\/2022\/07\/62c9a5ff82fb5_900.jpg\" alt=\"\"\/><figcaption><br>La Fiesta Nacional e Internacional del Poncho es denominada la mayor fiesta de invierno del pa\u00eds.<\/figcaption><\/figure>\n\n\n\n<figure class=\"wp-block-image size-full\"><a href=\"https:\/\/www.telam.com.ar\/notas\/202207\/598010-catamarca-fiesta-nacional-poncho-turismo.html\" target=\"_blank\" rel=\"noreferrer noopener\"><img fetchpriority=\"high\" decoding=\"async\" width=\"964\" height=\"96\" src=\"https:\/\/circuitosalta.com.ar\/wp-content\/uploads\/2022\/05\/Captura-web_6-4-2022_125922_www.telam_.com_.ar_.jpeg\" alt=\"\" class=\"wp-image-664\" srcset=\"https:\/\/circuitosalta.com.ar\/wp-content\/uploads\/2022\/05\/Captura-web_6-4-2022_125922_www.telam_.com_.ar_.jpeg 964w, https:\/\/circuitosalta.com.ar\/wp-content\/uploads\/2022\/05\/Captura-web_6-4-2022_125922_www.telam_.com_.ar_-300x30.jpeg 300w, https:\/\/circuitosalta.com.ar\/wp-content\/uploads\/2022\/05\/Captura-web_6-4-2022_125922_www.telam_.com_.ar_-768x76.jpeg 768w, https:\/\/circuitosalta.com.ar\/wp-content\/uploads\/2022\/05\/Captura-web_6-4-2022_125922_www.telam_.com_.ar_-696x69.jpeg 696w\" sizes=\"(max-width: 964px) 100vw, 964px\" \/><\/a><\/figure>\n","protected":false},"excerpt":{"rendered":"<p>POR GONZALO P\u00c9REZ BUSTAMANTE Es la fiesta del invierno m\u00e1s importante del noroeste argentino y celebra este a\u00f1o su\u00a051\u00b0 edici\u00f3n, la primera presencial tras la pandemia. Durante 10 d\u00edas, participar\u00e1n m\u00e1s de 700 artesanos y productores y habr\u00e1 un gran festival con artistas de primer nivel. Catamarca se prepara para vivir la fiesta de invierno [&hellip;]<\/p>\n","protected":false},"author":2,"featured_media":1080,"comment_status":"open","ping_status":"open","sticky":false,"template":"","format":"standard","meta":{"tdm_status":"","tdm_grid_status":"","footnotes":""},"categories":[18],"tags":[],"class_list":{"0":"post-1079","1":"post","2":"type-post","3":"status-publish","4":"format-standard","5":"has-post-thumbnail","7":"category-rutas-y-caminos"},"_links":{"self":[{"href":"https:\/\/circuitosalta.com.ar\/index.php?rest_route=\/wp\/v2\/posts\/1079"}],"collection":[{"href":"https:\/\/circuitosalta.com.ar\/index.php?rest_route=\/wp\/v2\/posts"}],"about":[{"href":"https:\/\/circuitosalta.com.ar\/index.php?rest_route=\/wp\/v2\/types\/post"}],"author":[{"embeddable":true,"href":"https:\/\/circuitosalta.com.ar\/index.php?rest_route=\/wp\/v2\/users\/2"}],"replies":[{"embeddable":true,"href":"https:\/\/circuitosalta.com.ar\/index.php?rest_route=%2Fwp%2Fv2%2Fcomments&post=1079"}],"version-history":[{"count":1,"href":"https:\/\/circuitosalta.com.ar\/index.php?rest_route=\/wp\/v2\/posts\/1079\/revisions"}],"predecessor-version":[{"id":1081,"href":"https:\/\/circuitosalta.com.ar\/index.php?rest_route=\/wp\/v2\/posts\/1079\/revisions\/1081"}],"wp:featuredmedia":[{"embeddable":true,"href":"https:\/\/circuitosalta.com.ar\/index.php?rest_route=\/wp\/v2\/media\/1080"}],"wp:attachment":[{"href":"https:\/\/circuitosalta.com.ar\/index.php?rest_route=%2Fwp%2Fv2%2Fmedia&parent=1079"}],"wp:term":[{"taxonomy":"category","embeddable":true,"href":"https:\/\/circuitosalta.com.ar\/index.php?rest_route=%2Fwp%2Fv2%2Fcategories&post=1079"},{"taxonomy":"post_tag","embeddable":true,"href":"https:\/\/circuitosalta.com.ar\/index.php?rest_route=%2Fwp%2Fv2%2Ftags&post=1079"}],"curies":[{"name":"wp","href":"https:\/\/api.w.org\/{rel}","templated":true}]}}