{"id":1085,"date":"2022-07-15T11:02:58","date_gmt":"2022-07-15T14:02:58","guid":{"rendered":"https:\/\/circuitosalta.com.ar\/?p=1085"},"modified":"2022-07-15T11:03:02","modified_gmt":"2022-07-15T14:03:02","slug":"el-galpon-presento-sus-actividades-para-vivir-un-mes-de-julio-turistico-y-cultural","status":"publish","type":"post","link":"https:\/\/circuitosalta.com.ar\/?p=1085","title":{"rendered":"El Galp\u00f3n present\u00f3 sus actividades para vivir un mes de Julio Tur\u00edstico y Cultural"},"content":{"rendered":"\n<h3 class=\"has-white-color has-text-color has-background wp-block-heading\" style=\"background-color:#461f03\">En honor a San Francisco Solano se llevar\u00e1n adelante diferentes eventos gastron\u00f3micos, religiosos, culturales, deportivos y tur\u00edsticos para que sus visitantes disfruten en estas vacaciones.<\/h3>\n\n\n\n<p>El&nbsp;subsecretario de Desarrollo y Competitividad Tur\u00edstica,&nbsp;Alejandro&nbsp;Cha&nbsp;junto al intendente de El Galp\u00f3n, Federico Sacca encabez\u00f3&nbsp;esta ma\u00f1ana la presentaci\u00f3n de las actividades de \u201cJulio Tur\u00edstico y Cultural 2022\u201d.<\/p>\n\n\n\n<p>\u201cDesde el Ministerio de Turismo y Deportes queremos agradecer y felicitar a El Galp\u00f3n por el trabajo que vienen realizando y por sumar nuevas actividades al nutrido calendario de actividades que tenemos para este invierno y que har\u00e1 que cada vez sean m\u00e1s los turistas que elijan visitar nuestra provincia\u201d, expres\u00f3 el Subsecretario.<\/p>\n\n\n\n<p>Por su parte el Jefe Comunal dijo \u201choy queremos invitarlos a vivir con nosotros todas las actividades que organizamos en honor a nuestro Santo Patrono San Francisco Solano para disfrutar en el mes de julio en el marco de todo lo que tiene para ofrecer El Galp\u00f3n: nuestro mercado artesanal, nuestro patrimonio hist\u00f3rico y tantas riquezas naturales\u201d, al tiempo que agradeci\u00f3 al equipo de trabajo del Ministerio de Turismo y Deportes por su acompa\u00f1amiento.<\/p>\n\n\n\n<figure class=\"wp-block-image\"><a href=\"https:\/\/www.salta.gob.ar\/public\/images\/noticias\/contenidos\/3443-presentacion.jpg\"><img decoding=\"async\" src=\"https:\/\/www.salta.gob.ar\/public\/images\/noticias\/contenidos\/3443-presentacion.jpg\" alt=\"Presentaci\u00f3n.\"\/><\/a><\/figure>\n\n\n\n<p>Entre las actividades que se presentaron se puede destacar el Concurso de la Empanada y Festival Folkl\u00f3rico que se realizar\u00e1 el pr\u00f3ximo domingo 17 de julio con entrada libre y gratuita; y las actividades centrales que se llevar\u00e1n adelante el domingo 24 de julio que iniciar\u00e1n con la procesi\u00f3n y misa al Santo Patrono finalizando la jornada con un Festival Folcl\u00f3rico que contar\u00e1 con la presencia de importantes artistas como Los Nocheros y Ahyre.<\/p>\n\n\n\n<p>Adem\u00e1s se dio a conocer el nuevo circuito religioso \u00a8Las Huellas de San Francisco Solano\u201d, que gracias a un trabajo conjunto entre el sector privado, p\u00fablico y municipal distintas agencias de la Provincia comenzar\u00e1n a ofrecer a turistas.<\/p>\n\n\n\n<p>En la presentaci\u00f3n participaron tambi\u00e9n los directores de Productos Tur\u00edsticos del Ministerio de Turismo y Deportes, Javier Arias y de Turismo de El Galp\u00f3n, Enrique J\u00e1uregui.<\/p>\n\n\n\n<p>El calendario completo de actividades se puede consultar en\u00a0<a href=\"http:\/\/www.turismosalta.gov.ar.%20\/\" target=\"_blank\" rel=\"noreferrer noopener\">http:\/\/www.turismosalta.gov.ar.\u00a0<\/a><\/p>\n\n\n\n<hr class=\"wp-block-separator has-alpha-channel-opacity\"\/>\n\n\n\n<p>Fuente:&nbsp;<strong>Secretar\u00eda de Prensa y Comunicaci\u00f3n<\/strong><\/p>\n","protected":false},"excerpt":{"rendered":"<p>En honor a San Francisco Solano se llevar\u00e1n adelante diferentes eventos gastron\u00f3micos, religiosos, culturales, deportivos y tur\u00edsticos para que sus visitantes disfruten en estas vacaciones. El&nbsp;subsecretario de Desarrollo y Competitividad Tur\u00edstica,&nbsp;Alejandro&nbsp;Cha&nbsp;junto al intendente de El Galp\u00f3n, Federico Sacca encabez\u00f3&nbsp;esta ma\u00f1ana la presentaci\u00f3n de las actividades de \u201cJulio Tur\u00edstico y Cultural 2022\u201d. \u201cDesde el Ministerio de [&hellip;]<\/p>\n","protected":false},"author":2,"featured_media":1086,"comment_status":"open","ping_status":"open","sticky":false,"template":"","format":"standard","meta":{"tdm_status":"","tdm_grid_status":"","footnotes":""},"categories":[15],"tags":[],"class_list":{"0":"post-1085","1":"post","2":"type-post","3":"status-publish","4":"format-standard","5":"has-post-thumbnail","7":"category-provincial"},"_links":{"self":[{"href":"https:\/\/circuitosalta.com.ar\/index.php?rest_route=\/wp\/v2\/posts\/1085"}],"collection":[{"href":"https:\/\/circuitosalta.com.ar\/index.php?rest_route=\/wp\/v2\/posts"}],"about":[{"href":"https:\/\/circuitosalta.com.ar\/index.php?rest_route=\/wp\/v2\/types\/post"}],"author":[{"embeddable":true,"href":"https:\/\/circuitosalta.com.ar\/index.php?rest_route=\/wp\/v2\/users\/2"}],"replies":[{"embeddable":true,"href":"https:\/\/circuitosalta.com.ar\/index.php?rest_route=%2Fwp%2Fv2%2Fcomments&post=1085"}],"version-history":[{"count":1,"href":"https:\/\/circuitosalta.com.ar\/index.php?rest_route=\/wp\/v2\/posts\/1085\/revisions"}],"predecessor-version":[{"id":1087,"href":"https:\/\/circuitosalta.com.ar\/index.php?rest_route=\/wp\/v2\/posts\/1085\/revisions\/1087"}],"wp:featuredmedia":[{"embeddable":true,"href":"https:\/\/circuitosalta.com.ar\/index.php?rest_route=\/wp\/v2\/media\/1086"}],"wp:attachment":[{"href":"https:\/\/circuitosalta.com.ar\/index.php?rest_route=%2Fwp%2Fv2%2Fmedia&parent=1085"}],"wp:term":[{"taxonomy":"category","embeddable":true,"href":"https:\/\/circuitosalta.com.ar\/index.php?rest_route=%2Fwp%2Fv2%2Fcategories&post=1085"},{"taxonomy":"post_tag","embeddable":true,"href":"https:\/\/circuitosalta.com.ar\/index.php?rest_route=%2Fwp%2Fv2%2Ftags&post=1085"}],"curies":[{"name":"wp","href":"https:\/\/api.w.org\/{rel}","templated":true}]}}