{"id":1088,"date":"2022-07-15T11:06:26","date_gmt":"2022-07-15T14:06:26","guid":{"rendered":"https:\/\/circuitosalta.com.ar\/?p=1088"},"modified":"2022-07-15T11:06:28","modified_gmt":"2022-07-15T14:06:28","slug":"gran-expectativa-de-agentes-de-viaje-de-san-pablo-que-recorren-salta","status":"publish","type":"post","link":"https:\/\/circuitosalta.com.ar\/?p=1088","title":{"rendered":"Gran expectativa de agentes de viaje de San Pablo que recorren Salta"},"content":{"rendered":"\n<h4 class=\"has-white-color has-text-color has-background wp-block-heading\" style=\"background-color:#8a6605\">Agentes de viajes de Brasil del mayorista Diversa esta semana estuvieron en Salta en un nuevo fam tour organizado por el Gobierno para posicionar el destino, situaci\u00f3n que se potencia por el vuelo directo con la ciudad de San Pablo.<\/h4>\n\n\n\n<p>\u201cEs un honor estar en este incre\u00edble destino, que nos encant\u00f3 a m\u00ed y a todo nuestro grupo en estos d\u00edas tan especiales\u201d, se\u00f1al\u00f3 Arnaldo Franken, director socio del Grupo Arbo quien junto a agentes de viajes arribaron a Salta desde San Pablo en el vuelo directo que une ambos destinos.<\/p>\n\n\n\n<figure class=\"wp-block-image\"><a href=\"https:\/\/www.salta.gob.ar\/public\/images\/noticias\/contenidos\/3441-agentes-de-viajes-de-brasil-del-mayorista-diversa-esta-semana-estuvieron-en-salta.jpeg\"><img decoding=\"async\" src=\"https:\/\/www.salta.gob.ar\/public\/images\/noticias\/contenidos\/3441-agentes-de-viajes-de-brasil-del-mayorista-diversa-esta-semana-estuvieron-en-salta.jpeg\" alt=\"Agentes de viajes de Brasil del mayorista Diversa esta semana estuvieron en Salta.\"\/><\/a><\/figure>\n\n\n\n<p>Los fam tour son viajes de familiarizaci\u00f3n para que agencias ofrezcan a Salta entre su oferta de productos. Son parte de la estrategia de promoci\u00f3n internacional vinculada con el vuelo directo que desde la semana pasada une a la provincia y San Pablo. Al consumidor final tambi\u00e9n se realizan acciones a trav\u00e9s de redes sociales y notas period\u00edsticas gestionadas mediante fam press.<\/p>\n\n\n\n<p>En el transcurso de 2022 el Ministerio de Turismo Deportes a trav\u00e9s de Inprotur Salta, de manera conjunta con Inprotur Naci\u00f3n, realiz\u00f3 varias operatorias de familiarizaci\u00f3n de este tipo, que se profundiz\u00f3 junto a Aerol\u00edneas Argentinas tras el anuncio de la ruta a\u00e9rea directa.&nbsp; Son 30 los operadores tur\u00edsticos y 17 representantes de medios de comunicaci\u00f3n que visitaron la provincia en los \u00faltimos tres meses.<\/p>\n\n\n\n<p>Esta semana el fam tour se realiz\u00f3 con la mayorista Diversa y sus agencias asociadas, quienes en los \u00faltimos d\u00edas recorrieron localidades de regiones tur\u00edsticas, destac\u00e1ndose experiencias gastron\u00f3micas, culturales e hist\u00f3ricas de Salta.&nbsp; &nbsp; &nbsp; &nbsp; &nbsp; &nbsp; &nbsp; &nbsp; &nbsp; &nbsp; &nbsp;&nbsp;<\/p>\n\n\n\n<p>\u201cEl grupo est\u00e1 agradecido por la selecci\u00f3n de experiencias, desde los paisajes espectaculares hasta la gastronom\u00eda, desde las bodegas y el partido de rugby internacional de Los Pumas; fueron d\u00edas inolvidables\u201d, afirm\u00f3. Por \u00faltimo, confi\u00f3 en la continuidad de este vuelo para que \u201cSalta sea un destino principal para los brasile\u00f1os y regreso a mi pa\u00eds con la certeza de que nuestra asociaci\u00f3n ser\u00e1 un gran \u00e9xito\u201d, finaliz\u00f3 Arnaldo Franken.<\/p>\n\n\n\n<p>Estas acciones son claves pensando en la consolidaci\u00f3n de la ruta directa con San Pablo, siendo Salta una nueva puerta de ingreso al pa\u00eds y un nodo distribuidor hacia toda la Argentina.&nbsp; \u201cActualmente Brasil est\u00e1 en su temporada de turismo emisivo y trabajamos para reforzar esta vinculaci\u00f3n\u201d, indic\u00f3 el ministro de Turismo y Deportes Mario Pe\u00f1a, quien sostuvo que en un trabajo conjunto \u201cse abre el camino para que esta ruta se fortalezca\u201d.<\/p>\n\n\n\n<figure class=\"wp-block-image\"><a href=\"https:\/\/www.salta.gob.ar\/public\/images\/noticias\/contenidos\/3442-gran-expectativa-de-agentes-de-viaje-de-san-pablo-que-recorren-salta.jpeg\"><img decoding=\"async\" src=\"https:\/\/www.salta.gob.ar\/public\/images\/noticias\/contenidos\/3442-gran-expectativa-de-agentes-de-viaje-de-san-pablo-que-recorren-salta.jpeg\" alt=\"Gran expectativa de agentes de viaje de San Pablo que recorren Salta.\"\/><\/a><\/figure>\n\n\n\n<hr class=\"wp-block-separator has-alpha-channel-opacity\"\/>\n\n\n\n<p>Fuente:&nbsp;<strong>Secretar\u00eda de Prensa y Comunicaci\u00f3n<\/strong><\/p>\n","protected":false},"excerpt":{"rendered":"<p>Agentes de viajes de Brasil del mayorista Diversa esta semana estuvieron en Salta en un nuevo fam tour organizado por el Gobierno para posicionar el destino, situaci\u00f3n que se potencia por el vuelo directo con la ciudad de San Pablo. \u201cEs un honor estar en este incre\u00edble destino, que nos encant\u00f3 a m\u00ed y a [&hellip;]<\/p>\n","protected":false},"author":2,"featured_media":1089,"comment_status":"open","ping_status":"open","sticky":false,"template":"","format":"standard","meta":{"tdm_status":"","tdm_grid_status":"","footnotes":""},"categories":[22],"tags":[],"class_list":{"0":"post-1088","1":"post","2":"type-post","3":"status-publish","4":"format-standard","5":"has-post-thumbnail","7":"category-internacional"},"_links":{"self":[{"href":"https:\/\/circuitosalta.com.ar\/index.php?rest_route=\/wp\/v2\/posts\/1088"}],"collection":[{"href":"https:\/\/circuitosalta.com.ar\/index.php?rest_route=\/wp\/v2\/posts"}],"about":[{"href":"https:\/\/circuitosalta.com.ar\/index.php?rest_route=\/wp\/v2\/types\/post"}],"author":[{"embeddable":true,"href":"https:\/\/circuitosalta.com.ar\/index.php?rest_route=\/wp\/v2\/users\/2"}],"replies":[{"embeddable":true,"href":"https:\/\/circuitosalta.com.ar\/index.php?rest_route=%2Fwp%2Fv2%2Fcomments&post=1088"}],"version-history":[{"count":1,"href":"https:\/\/circuitosalta.com.ar\/index.php?rest_route=\/wp\/v2\/posts\/1088\/revisions"}],"predecessor-version":[{"id":1090,"href":"https:\/\/circuitosalta.com.ar\/index.php?rest_route=\/wp\/v2\/posts\/1088\/revisions\/1090"}],"wp:featuredmedia":[{"embeddable":true,"href":"https:\/\/circuitosalta.com.ar\/index.php?rest_route=\/wp\/v2\/media\/1089"}],"wp:attachment":[{"href":"https:\/\/circuitosalta.com.ar\/index.php?rest_route=%2Fwp%2Fv2%2Fmedia&parent=1088"}],"wp:term":[{"taxonomy":"category","embeddable":true,"href":"https:\/\/circuitosalta.com.ar\/index.php?rest_route=%2Fwp%2Fv2%2Fcategories&post=1088"},{"taxonomy":"post_tag","embeddable":true,"href":"https:\/\/circuitosalta.com.ar\/index.php?rest_route=%2Fwp%2Fv2%2Ftags&post=1088"}],"curies":[{"name":"wp","href":"https:\/\/api.w.org\/{rel}","templated":true}]}}