{"id":1099,"date":"2022-07-18T10:57:42","date_gmt":"2022-07-18T13:57:42","guid":{"rendered":"https:\/\/circuitosalta.com.ar\/?p=1099"},"modified":"2022-07-18T10:57:45","modified_gmt":"2022-07-18T13:57:45","slug":"los-festejos-por-los-50-anos-del-tren-a-las-nubes-iniciaron-con-un-recital-de-ahyre","status":"publish","type":"post","link":"https:\/\/circuitosalta.com.ar\/?p=1099","title":{"rendered":"Los festejos por los 50 a\u00f1os del Tren a las Nubes iniciaron con un recital de Ahyre"},"content":{"rendered":"\n<h4 class=\"has-white-color has-text-color has-background wp-block-heading\" style=\"background-color:#8e092a\">En la estaci\u00f3n de trenes de la ciudad de Salta se congregaron salte\u00f1os y turistas para disfrutar de un espect\u00e1culo de primer nivel. La jornada principal ser\u00e1 ma\u00f1ana cuando el \u00edcono tur\u00edstico realice su trayecto al viaducto La Polvorilla.<\/h4>\n\n\n\n<p>Con un encuentro de m\u00fasica, alegr\u00eda e historia comenzaron hoy las actividades por los 50 a\u00f1os del Tren a las Nubes, un \u00edcono tur\u00edstico de Salta que representa a la provincia en el pa\u00eds y el mundo con las distintas postales de su recorrido por la Puna de los Andes.<\/p>\n\n\n\n<p>En la estaci\u00f3n de trenes de la ciudad de Salta se congregaron salte\u00f1os y turistas para disfrutar el recital de grupo salte\u00f1o Ahyre, con la presencia del ministro de Turismo y Deportes Mario Pe\u00f1a, el presidente del Tren a las Nubes, Sebasti\u00e1n Vidal. Acompa\u00f1\u00f3 el secretario de Cultura Diego Ashur.<\/p>\n\n\n\n<p>El Tren a las Nubes no tan solo es un \u00edcono tur\u00edstico de Salta, sino que es Marca Pa\u00eds, por lo que representa a la identidad nacional en el mundo y en el contexto de la industria tur\u00edstica. Naci\u00f3 en 1972 como emprendimiento ferro-tur\u00edstico donde combina una obra de ingenier\u00eda \u00fanica del tercer sistema ferroviario m\u00e1s alto del planeta, con paisajes \u00fanicos.<\/p>\n\n\n\n<p>Actualmente, es visitado por miles de periodistas, comunicadores (o medios de comunicaci\u00f3n) y turistas nacionales e internacionales que proyecta sus im\u00e1genes a todos los pa\u00edses; este a\u00f1o con r\u00e9cord de pasajeros, avanza a tener la mejor temporada de su historia. El sitio emblema es el viaducto La Polvorilla donde alcanza los 4.220 m.s.n.m. y cuenta con rigurosos est\u00e1ndares de calidad y seguridad internacionales.<\/p>\n\n\n\n<p>Fuente:\u00a0<strong>Secretar\u00eda de Prensa y Comunicaci\u00f3n<\/strong><br>\u00a0<\/p>\n","protected":false},"excerpt":{"rendered":"<p>En la estaci\u00f3n de trenes de la ciudad de Salta se congregaron salte\u00f1os y turistas para disfrutar de un espect\u00e1culo de primer nivel. La jornada principal ser\u00e1 ma\u00f1ana cuando el \u00edcono tur\u00edstico realice su trayecto al viaducto La Polvorilla. Con un encuentro de m\u00fasica, alegr\u00eda e historia comenzaron hoy las actividades por los 50 a\u00f1os [&hellip;]<\/p>\n","protected":false},"author":2,"featured_media":1100,"comment_status":"open","ping_status":"open","sticky":false,"template":"","format":"standard","meta":{"tdm_status":"","tdm_grid_status":"","footnotes":""},"categories":[13],"tags":[],"class_list":{"0":"post-1099","1":"post","2":"type-post","3":"status-publish","4":"format-standard","5":"has-post-thumbnail","7":"category-festivales"},"_links":{"self":[{"href":"https:\/\/circuitosalta.com.ar\/index.php?rest_route=\/wp\/v2\/posts\/1099"}],"collection":[{"href":"https:\/\/circuitosalta.com.ar\/index.php?rest_route=\/wp\/v2\/posts"}],"about":[{"href":"https:\/\/circuitosalta.com.ar\/index.php?rest_route=\/wp\/v2\/types\/post"}],"author":[{"embeddable":true,"href":"https:\/\/circuitosalta.com.ar\/index.php?rest_route=\/wp\/v2\/users\/2"}],"replies":[{"embeddable":true,"href":"https:\/\/circuitosalta.com.ar\/index.php?rest_route=%2Fwp%2Fv2%2Fcomments&post=1099"}],"version-history":[{"count":1,"href":"https:\/\/circuitosalta.com.ar\/index.php?rest_route=\/wp\/v2\/posts\/1099\/revisions"}],"predecessor-version":[{"id":1101,"href":"https:\/\/circuitosalta.com.ar\/index.php?rest_route=\/wp\/v2\/posts\/1099\/revisions\/1101"}],"wp:featuredmedia":[{"embeddable":true,"href":"https:\/\/circuitosalta.com.ar\/index.php?rest_route=\/wp\/v2\/media\/1100"}],"wp:attachment":[{"href":"https:\/\/circuitosalta.com.ar\/index.php?rest_route=%2Fwp%2Fv2%2Fmedia&parent=1099"}],"wp:term":[{"taxonomy":"category","embeddable":true,"href":"https:\/\/circuitosalta.com.ar\/index.php?rest_route=%2Fwp%2Fv2%2Fcategories&post=1099"},{"taxonomy":"post_tag","embeddable":true,"href":"https:\/\/circuitosalta.com.ar\/index.php?rest_route=%2Fwp%2Fv2%2Ftags&post=1099"}],"curies":[{"name":"wp","href":"https:\/\/api.w.org\/{rel}","templated":true}]}}