{"id":1114,"date":"2022-07-19T12:01:47","date_gmt":"2022-07-19T15:01:47","guid":{"rendered":"https:\/\/circuitosalta.com.ar\/?p=1114"},"modified":"2022-07-19T12:01:49","modified_gmt":"2022-07-19T15:01:49","slug":"tucuman-ofrece-sus-reservas-naturales-como-opcion-para-la-temporada-invernal","status":"publish","type":"post","link":"https:\/\/circuitosalta.com.ar\/?p=1114","title":{"rendered":"Tucum\u00e1n ofrece sus reservas naturales como opci\u00f3n para la temporada invernal"},"content":{"rendered":"\n<h6 class=\"has-text-align-right has-cyan-bluish-gray-color has-text-color wp-block-heading\"><strong><em>POR SOF\u00cdA ZANOLI<\/em><\/strong><\/h6>\n\n\n\n<h5 class=\"has-white-color has-vivid-green-cyan-background-color has-text-color has-background wp-block-heading\">La propuesta invita a conocer distintos ecosistemas a trav\u00e9s de senderos interpretativos y educativos que\u00a0promueven el respeto por las especies animales y vegetales, con el fin conservar los ambientes y recursos naturales existentes en sus extensiones.<\/h5>\n\n\n\n<p>La provincia de Tucum\u00e1n cuenta con imponentes parques naturales que proponen a sus visitantes conocer distintos ecosistemas a trav\u00e9s de senderos interpretativos y educativos que\u00a0<strong>promueven el respeto por las especies animales y vegetales, con el fin conservar los ambientes y recursos naturales existentes en sus extensiones.<\/strong><\/p>\n\n\n\n<p>Durante los recorridos por los parques naturales, algunos de ellos guiados por guardaparques, carteles informativos indican los distintos tipos de senderos que se pueden seguir, adem\u00e1s de los servicios que se encuentran a disposici\u00f3n y las normas de conducta a cumplir para reducir y\/o evitar impactos negativos sobre los ambientes naturales.<\/p>\n\n\n\n<p><strong>A 25 kil\u00f3metros hacia el oeste de la capital tucumana se encuentra el Parque Sierra San Javier,<\/strong>&nbsp;al cual se accede por la ruta provincial N\u00ba 340 y que abarca 14 mil hect\u00e1reas que se caracterizan porque la mayor parte de su vegetaci\u00f3n pertenece a la ecorregi\u00f3n de yungas.<\/p>\n\n\n\n<p>Los recorridos que propone, con diferentes extensiones e intensidad, son el sendero Anta Yacu, Las Yungas, La Cascada, Puerta del Cielo, el Funicular y Velardez o de la Nina, y todos ellos permiten apreciar el parque desde distintos \u00e1ngulos.<\/p>\n\n\n\n<p><strong>Sierra San Javier<\/strong><br>Este parque<strong>,<\/strong>&nbsp;que depende de la Universidad Nacional de Tucum\u00e1n,&nbsp;<strong>comprende dos \u00e1reas protegidas<\/strong>, una de ellas es la&nbsp;<strong>Reserva Experimental Horco Molle<\/strong>, que funciona como centro de referencia en educaci\u00f3n ambiental, rescate y rehabilitaci\u00f3n de fauna y programas de conservaci\u00f3n de especies y ecosistemas.<\/p>\n\n\n\n<p>La reserva se encuentra abierta al p\u00fablico de lunes a domingo de 9 a 19 y la entrada tiene un precio de 250 pesos para menores y 300 para mayores.<\/p>\n\n\n\n<p>Recomiendan llevar protector contra insectos, zapatillas c\u00f3modas, campera y remera mangas cortas, protector solar y agua, ya que suele haber sol fuerte, en especial durante el mediod\u00eda, .<\/p>\n\n\n\n<figure class=\"wp-block-image size-large\"><img decoding=\"async\" src=\"https:\/\/www.telam.com.ar\/thumbs\/bluesteel\/advf\/imagenes\/2022\/07\/62d41b38dcf4d_900.jpg\" alt=\"\"\/><figcaption>Foto\/Diego Ar\u00e1oz.<\/figcaption><\/figure>\n\n\n\n<p><strong>El Jard\u00edn Bot\u00e1nico es otra de las \u00e1reas protegidas de este parque<\/strong>&nbsp;que, ubicado frente a la reserva, cuenta con una superficie total de 89 hect\u00e1reas, y e uno de los jardines m\u00e1s grandes del pa\u00eds, inmerso en la ecorregi\u00f3n de yungas o tambi\u00e9n llamada selva tucumano-boliviana.<\/p>\n\n\n\n<p><strong>El Jard\u00edn busca promover la conservaci\u00f3n y el conocimiento de la diversidad vegetal mediante acciones como restauraci\u00f3n ecol\u00f3gica y mantenimiento de colecciones de plantas debidamente catalogadas y monitoreadas peri\u00f3dicamente<\/strong>, con el fin de generar informaci\u00f3n t\u00e9cnico-cient\u00edfica.<\/p>\n\n\n\n<p>Est\u00e1 abierto al p\u00fablico de lunes a domingos de 9 a 19 y se pueden recorrer los senderos de forma autoguiada o solicitar un gu\u00eda previo la visita, comunic\u00e1ndote al 381-4250936 o escribiendo a botanicohorcomolle@csnat.unt.e<\/p>\n\n\n\n<p><strong>El Parque Provincial Cochuna<\/strong><br>Esta reserva&nbsp;<strong>se caracteriza por un clima c\u00e1lido que lo habilita para ser visitado durante todo el a\u00f1o.<\/strong><\/p>\n\n\n\n<p>Cochuna deriva del quechua y significa \u00abquebrada por donde se pasa\u00bb, lo que describe uno de los rasgos de la zona debido a que la quebrada del R\u00edo Cochuna es el lugar por donde m\u00e1s f\u00e1cilmente se accede a los peque\u00f1os y altos valles de la zona central de los Nevados del Aconquija.<\/p>\n\n\n\n<p>Se puede llegar a esta reserva natural a trav\u00e9s de la ruta nacional n\u00ba 365, hasta el pueblo de Alpachiri donde culmina el pavimento, y continuando por un camino de tierra unos 20 kil\u00f3metros, se arriba a la entrada del parque.<\/p>\n\n\n\n<figure class=\"wp-block-image size-large\"><img decoding=\"async\" src=\"https:\/\/www.telam.com.ar\/thumbs\/bluesteel\/advf\/imagenes\/2022\/07\/62d41b39189dd_900.jpg\" alt=\"\"\/><figcaption>Foto\/Diego Ar\u00e1oz.<\/figcaption><\/figure>\n\n\n\n<p>Los especialistas recomiendan realizar su recorrido a pie para poder apreciar los horco molles, laureles, nogales y numerosas especies de helechos, que forman la vegetaci\u00f3n aut\u00f3ctona.<\/p>\n\n\n\n<p>Los visitantes m\u00e1s experimentados&nbsp;<strong>pueden realizar excursiones de monta\u00f1ismo para ascender a picos importantes del cord\u00f3n del Aconquija o a la mayor cumbre de Tucum\u00e1n,<\/strong>&nbsp;que es el Clavillo de los Cerrillos, situada a 5.550 metros sobre el nivel del mar.<\/p>\n\n\n\n<p>Y<strong>&nbsp;los interesados en acampar pueden hacerlo en la planta de campamentos educativos Samay Cochuna, que cuenta con caba\u00f1as, quincho, sanitarios, energ\u00eda el\u00e9ctrica y camping.<\/strong><\/p>\n\n\n\n<p><strong>Parque La Florida<\/strong><br>Hac\u00eda el oeste de la provincia, a solo 60 kil\u00f3metros de la ciudad de San Miguel de Tucum\u00e1n, el Parque La Florida fue la primera \u00e1rea de la provincia protegida por la Naci\u00f3n a partir de 1936.<\/p>\n\n\n\n<p>Con una extensi\u00f3n de 10 mil hect\u00e1reas conserva uno de los pocos relictos de selva pedemontana en terrenos planos, un tipo de vegetaci\u00f3n que cubr\u00eda gran parte de la superficie tucumana, ahora ocupada por cultivos.<\/p>\n\n\n\n<p>Tambi\u00e9n es posible acceder a zonas de pastizales de neblinas y altoandinos, a una altitud que va desde los 550 a los 5.400 metros sobre el nivel del mar.<\/p>\n\n\n\n<figure class=\"wp-block-image size-large\"><img decoding=\"async\" src=\"https:\/\/www.telam.com.ar\/thumbs\/bluesteel\/advf\/imagenes\/2022\/07\/62d41b3900594_900.jpg\" alt=\"\"\/><figcaption>Foto\/Diego Ar\u00e1oz.<\/figcaption><\/figure>\n\n\n\n<p><strong>En este parque viven alrededor de 39 especies de mam\u00edferos y 58 especies de aves.<\/strong><\/p>\n\n\n\n<p><strong>Otros de sus tesoros es el vivero junto a un bosque de antiguos \u00e1rboles<\/strong>, que abarca 300 hect\u00e1reas y cuenta con merenderos, zona de camping agreste y senderos que pueden realizarse autoguiados por carteler\u00eda dispuesta en el camino.<\/p>\n\n\n\n<p>En zona de sierras, el parque cuenta con \u00e1rea restringida donde hay yacimientos arqueol\u00f3gicos prehisp\u00e1nicos pertenecientes a las comunidades ind\u00edgenas que vivieron en la zona.<\/p>\n\n\n\n<p>Es un lugar agradable para visitar durante el invierno; luego, en la segunda quincena de octubre florecen las azucenas que cubre gran parte del territorio de colores rojizos y naranjas, y lo hacen aun m\u00e1s atractivo.<\/p>\n\n\n\n<p>Para programar visitas prolongadas, se debe contactar a la Direcci\u00f3n de Flora y Fauna de la Provincia al n\u00famero (0381) 4218150.<\/p>\n\n\n\n<figure class=\"wp-block-image size-full\"><a href=\"https:\/\/www.telam.com.ar\/notas\/202207\/598830-tucuman-reservas-naturales-temporada-invernal.html\" target=\"_blank\" rel=\"noreferrer noopener\"><img fetchpriority=\"high\" decoding=\"async\" width=\"964\" height=\"96\" src=\"https:\/\/circuitosalta.com.ar\/wp-content\/uploads\/2022\/05\/Captura-web_6-4-2022_125922_www.telam_.com_.ar_.jpeg\" alt=\"\" class=\"wp-image-664\" srcset=\"https:\/\/circuitosalta.com.ar\/wp-content\/uploads\/2022\/05\/Captura-web_6-4-2022_125922_www.telam_.com_.ar_.jpeg 964w, https:\/\/circuitosalta.com.ar\/wp-content\/uploads\/2022\/05\/Captura-web_6-4-2022_125922_www.telam_.com_.ar_-300x30.jpeg 300w, https:\/\/circuitosalta.com.ar\/wp-content\/uploads\/2022\/05\/Captura-web_6-4-2022_125922_www.telam_.com_.ar_-768x76.jpeg 768w, https:\/\/circuitosalta.com.ar\/wp-content\/uploads\/2022\/05\/Captura-web_6-4-2022_125922_www.telam_.com_.ar_-696x69.jpeg 696w\" sizes=\"(max-width: 964px) 100vw, 964px\" \/><\/a><\/figure>\n","protected":false},"excerpt":{"rendered":"<p>POR SOF\u00cdA ZANOLI La propuesta invita a conocer distintos ecosistemas a trav\u00e9s de senderos interpretativos y educativos que\u00a0promueven el respeto por las especies animales y vegetales, con el fin conservar los ambientes y recursos naturales existentes en sus extensiones. La provincia de Tucum\u00e1n cuenta con imponentes parques naturales que proponen a sus visitantes conocer distintos [&hellip;]<\/p>\n","protected":false},"author":2,"featured_media":1115,"comment_status":"open","ping_status":"open","sticky":false,"template":"","format":"standard","meta":{"tdm_status":"","tdm_grid_status":"","footnotes":""},"categories":[18],"tags":[],"class_list":{"0":"post-1114","1":"post","2":"type-post","3":"status-publish","4":"format-standard","5":"has-post-thumbnail","7":"category-rutas-y-caminos"},"_links":{"self":[{"href":"https:\/\/circuitosalta.com.ar\/index.php?rest_route=\/wp\/v2\/posts\/1114"}],"collection":[{"href":"https:\/\/circuitosalta.com.ar\/index.php?rest_route=\/wp\/v2\/posts"}],"about":[{"href":"https:\/\/circuitosalta.com.ar\/index.php?rest_route=\/wp\/v2\/types\/post"}],"author":[{"embeddable":true,"href":"https:\/\/circuitosalta.com.ar\/index.php?rest_route=\/wp\/v2\/users\/2"}],"replies":[{"embeddable":true,"href":"https:\/\/circuitosalta.com.ar\/index.php?rest_route=%2Fwp%2Fv2%2Fcomments&post=1114"}],"version-history":[{"count":1,"href":"https:\/\/circuitosalta.com.ar\/index.php?rest_route=\/wp\/v2\/posts\/1114\/revisions"}],"predecessor-version":[{"id":1116,"href":"https:\/\/circuitosalta.com.ar\/index.php?rest_route=\/wp\/v2\/posts\/1114\/revisions\/1116"}],"wp:featuredmedia":[{"embeddable":true,"href":"https:\/\/circuitosalta.com.ar\/index.php?rest_route=\/wp\/v2\/media\/1115"}],"wp:attachment":[{"href":"https:\/\/circuitosalta.com.ar\/index.php?rest_route=%2Fwp%2Fv2%2Fmedia&parent=1114"}],"wp:term":[{"taxonomy":"category","embeddable":true,"href":"https:\/\/circuitosalta.com.ar\/index.php?rest_route=%2Fwp%2Fv2%2Fcategories&post=1114"},{"taxonomy":"post_tag","embeddable":true,"href":"https:\/\/circuitosalta.com.ar\/index.php?rest_route=%2Fwp%2Fv2%2Ftags&post=1114"}],"curies":[{"name":"wp","href":"https:\/\/api.w.org\/{rel}","templated":true}]}}