{"id":1135,"date":"2022-07-20T11:54:54","date_gmt":"2022-07-20T14:54:54","guid":{"rendered":"https:\/\/circuitosalta.com.ar\/?p=1135"},"modified":"2022-07-20T11:54:57","modified_gmt":"2022-07-20T14:54:57","slug":"invierno-2022-gran-movimiento-turistico-en-salta","status":"publish","type":"post","link":"https:\/\/circuitosalta.com.ar\/?p=1135","title":{"rendered":"Invierno 2022: gran movimiento tur\u00edstico en Salta"},"content":{"rendered":"\n<h2 class=\"has-white-color has-vivid-cyan-blue-background-color has-text-color has-background wp-block-heading\">Ministro Lammens, recibi\u00f3 a Mario Pe\u00f1a Ministro de turismo y deportes de Salta<\/h2>\n\n\n\n<p>Para repasar los primeros impactos de las vacaciones de invierno 2022 en Salta, el ministro de Turismo y Deportes de la Naci\u00f3n,&nbsp;<strong>Mat\u00edas Lammens<\/strong>, recibi\u00f3 al titular de la cartera de Turismo y Deportes provincial,&nbsp;<strong>Mario Pe\u00f1a<\/strong>.<\/p>\n\n\n\n<p><em>\u00abLos destinos del Norte Argentino tuvieron una temporada de verano r\u00e9cord gracias al impulso de PreViaje. Desde el Gobierno Nacional trabajamos para mantener esta tendencia durante el invierno, con el impacto que genera la recuperaci\u00f3n del turismo receptivo\u00bb<\/em>, asegur\u00f3&nbsp;<strong>Lammens<\/strong>&nbsp;tras el encuentro.<\/p>\n\n\n\n<p><em>\u00abEstamos teniendo n\u00fameros muy favorables de crecimiento con respecto al 2019. Fue un semestre r\u00e9cord para el turismo en Salta\u00bb<\/em>, agreg\u00f3 Pe\u00f1a.<\/p>\n\n\n\n<p>Seg\u00fan los primeros relevamientos del Observatorio Argentino de Turismo (OAT), los destinos salte\u00f1os tuvieron un gran movimiento tur\u00edstico durante el inicio de las vacaciones: 89% de ocupaci\u00f3n en la ciudad de&nbsp;<strong>Salta<\/strong>, 93% en San Lorenzo, 90% en&nbsp;<strong>Cafayate<\/strong>&nbsp;y 92% en&nbsp;<strong>Cachi<\/strong>.<\/p>\n\n\n\n<p>En el mismo sentido, la capital provincial fue uno de los diez destinos m\u00e1s elegidos por los m\u00e1s de&nbsp;<strong>300 mil turistas<\/strong>&nbsp;que accedieron a la segunda edici\u00f3n de PreViaje para usar el beneficio durante el invierno 2022.<\/p>\n\n\n\n<p>La provincia norte\u00f1a tambi\u00e9n est\u00e1 entre los destinos m\u00e1s elegidos por pasajeros y pasajeras de\u00a0<strong>Aerol\u00edneas Argentinas<\/strong>, con conectividad desde Buenos Aires, C\u00f3rdoba, Rosario, Tucum\u00e1n, Mendoza, San Carlos de Bariloche, Puerto Iguaz\u00fa, Neuqu\u00e9n, Resistencia y San Pablo, Brasil.<\/p>\n\n\n\n<figure class=\"wp-block-image size-full is-style-rounded\"><a href=\"https:\/\/www.argentina.gob.ar\/noticias\/invierno-2022-gran-movimiento-turistico-en-salta\" target=\"_blank\" rel=\"noreferrer noopener\"><img decoding=\"async\" src=\"https:\/\/circuitosalta.com.ar\/wp-content\/uploads\/2022\/07\/779x142-1.png\" alt=\"\" class=\"wp-image-1106\"\/><\/a><\/figure>\n","protected":false},"excerpt":{"rendered":"<p>Ministro Lammens, recibi\u00f3 a Mario Pe\u00f1a Ministro de turismo y deportes de Salta Para repasar los primeros impactos de las vacaciones de invierno 2022 en Salta, el ministro de Turismo y Deportes de la Naci\u00f3n,&nbsp;Mat\u00edas Lammens, recibi\u00f3 al titular de la cartera de Turismo y Deportes provincial,&nbsp;Mario Pe\u00f1a. \u00abLos destinos del Norte Argentino tuvieron una [&hellip;]<\/p>\n","protected":false},"author":2,"featured_media":1136,"comment_status":"open","ping_status":"open","sticky":false,"template":"","format":"standard","meta":{"tdm_status":"","tdm_grid_status":"","footnotes":""},"categories":[14,21],"tags":[],"class_list":{"0":"post-1135","1":"post","2":"type-post","3":"status-publish","4":"format-standard","5":"has-post-thumbnail","7":"category-anuncios","8":"category-nacional"},"_links":{"self":[{"href":"https:\/\/circuitosalta.com.ar\/index.php?rest_route=\/wp\/v2\/posts\/1135"}],"collection":[{"href":"https:\/\/circuitosalta.com.ar\/index.php?rest_route=\/wp\/v2\/posts"}],"about":[{"href":"https:\/\/circuitosalta.com.ar\/index.php?rest_route=\/wp\/v2\/types\/post"}],"author":[{"embeddable":true,"href":"https:\/\/circuitosalta.com.ar\/index.php?rest_route=\/wp\/v2\/users\/2"}],"replies":[{"embeddable":true,"href":"https:\/\/circuitosalta.com.ar\/index.php?rest_route=%2Fwp%2Fv2%2Fcomments&post=1135"}],"version-history":[{"count":1,"href":"https:\/\/circuitosalta.com.ar\/index.php?rest_route=\/wp\/v2\/posts\/1135\/revisions"}],"predecessor-version":[{"id":1137,"href":"https:\/\/circuitosalta.com.ar\/index.php?rest_route=\/wp\/v2\/posts\/1135\/revisions\/1137"}],"wp:featuredmedia":[{"embeddable":true,"href":"https:\/\/circuitosalta.com.ar\/index.php?rest_route=\/wp\/v2\/media\/1136"}],"wp:attachment":[{"href":"https:\/\/circuitosalta.com.ar\/index.php?rest_route=%2Fwp%2Fv2%2Fmedia&parent=1135"}],"wp:term":[{"taxonomy":"category","embeddable":true,"href":"https:\/\/circuitosalta.com.ar\/index.php?rest_route=%2Fwp%2Fv2%2Fcategories&post=1135"},{"taxonomy":"post_tag","embeddable":true,"href":"https:\/\/circuitosalta.com.ar\/index.php?rest_route=%2Fwp%2Fv2%2Ftags&post=1135"}],"curies":[{"name":"wp","href":"https:\/\/api.w.org\/{rel}","templated":true}]}}