{"id":1138,"date":"2022-07-20T12:55:51","date_gmt":"2022-07-20T15:55:51","guid":{"rendered":"https:\/\/circuitosalta.com.ar\/?p=1138"},"modified":"2022-07-20T12:55:54","modified_gmt":"2022-07-20T15:55:54","slug":"veni-a-festejar-el-dia-del-amigo-en-la-usina-cultural","status":"publish","type":"post","link":"https:\/\/circuitosalta.com.ar\/?p=1138","title":{"rendered":"Ven\u00ed a festejar el D\u00eda del Amigo en la Usina Cultural"},"content":{"rendered":"\n<h4 class=\"has-white-color has-text-color has-background wp-block-heading\" style=\"background-color:#97092d\">Hoy a partir de las 17 horas pod\u00e9s disfrutar de la puesta en escena de La Faranda con \u201cUna Aventura Flaut\u00e1stica\u201d y el Taller de Escritura Creativa. Ambas actividades tienen entrada libre y gratuita.<\/h4>\n\n\n\n<p>El D\u00eda del Amigo es una fecha&nbsp;propuesta&nbsp;para celebrar la amistad y la Usina Cultural te ofrece distintas actividades para festejarlo entre amigos con una variada propuesta art\u00edstica.<\/p>\n\n\n\n<p>Hoy a partir de las 17, se presentar\u00e1 Una Aventura Flaut\u00e1stica en el teatro de la Usina. La obra comprende una puesta en escena con t\u00edteres mec\u00e1nicos, t\u00edteres de manipulaci\u00f3n directa y m\u00e1scaras con m\u00fasica de W. A. Mozart.<\/p>\n\n\n\n<p>Sinopsis: La historia se desarrolla en un universo donde Sarastro se enfrenta a la Reina de la Noche y su pelea tiene consecuencias terribles que caer\u00e1n sobre seres encantadores como sus nombres. Pamina y Tamino, valientes y decididos, no podr\u00e1n evitar la cat\u00e1strofe. Pero hay una asombrosa flauta y un final incre\u00edble, vibrante como la m\u00fasica del genio Mozart. (Basada en La Flauta M\u00e1gica de W. A. Mozart)<\/p>\n\n\n\n<p>Esta vez La Faranda cuenta con m\u00fasica interpretada por j\u00f3venes m\u00fasicos: Sim\u00f3n, Celina y Santiago Seghezzo. Ellos ejecutan viol\u00edn, clarinete, fagot, glockenspiel y piano. La adaptaci\u00f3n y los arreglos fueron hechos por Sim\u00f3n.&nbsp;<\/p>\n\n\n\n<p>Es un espect\u00e1culo para toda la familia, con una historia atrapante, bellas im\u00e1genes, humor, suspenso, personajes adorables y un broche de oro: \u00a1la maravillosa m\u00fasica de Mozart!<\/p>\n\n\n\n<p>La entrada es &nbsp;libre y gratuita hasta agotar el cupo del teatro.<\/p>\n\n\n\n<p><em><strong>Taller de Escritura Creativa<\/strong><\/em><\/p>\n\n\n\n<p>Desde las 18, se llevar\u00e1 a cabo el Taller de Escritura Creativa en el aula-taller de la Usina Cultural.<\/p>\n\n\n\n<p>Esta propuesta de escritura creativa nos invita a emprender la b\u00fasqueda de llaves que nos dan la posibilidad de abrir mundos posibles e infinitos.<\/p>\n\n\n\n<p>Alejandra Pizarnik escribe \u00abEn la noche a tu lado \/ las palabras son claves, son llaves\u00bb. Durante ocho encuentros ahondaremos en la potencia de la palabra escrita y oral, jugando con el lenguaje y con el cuerpo.<\/p>\n\n\n\n<p>Esta actividad se brinda de manera gratuita, abierto a todo p\u00fablico.<\/p>\n\n\n\n<p>Para inscripciones y m\u00e1s informaci\u00f3n consultar al 3875167845 o @gae_tornello_<\/p>\n\n\n\n<hr class=\"wp-block-separator has-alpha-channel-opacity\"\/>\n\n\n\n<p>Fuente:\u00a0<strong><a href=\"https:\/\/www.salta.gob.ar\/prensa\/noticias\/veni-a-festejar-el-dia-del-amigo-en-la-usina-cultural-83716\" target=\"_blank\" rel=\"noreferrer noopener\">Secretar\u00eda de Prensa y Comunicaci\u00f3n<\/a><\/strong><\/p>\n","protected":false},"excerpt":{"rendered":"<p>Hoy a partir de las 17 horas pod\u00e9s disfrutar de la puesta en escena de La Faranda con \u201cUna Aventura Flaut\u00e1stica\u201d y el Taller de Escritura Creativa. Ambas actividades tienen entrada libre y gratuita. El D\u00eda del Amigo es una fecha&nbsp;propuesta&nbsp;para celebrar la amistad y la Usina Cultural te ofrece distintas actividades para festejarlo entre [&hellip;]<\/p>\n","protected":false},"author":2,"featured_media":1139,"comment_status":"open","ping_status":"open","sticky":false,"template":"","format":"standard","meta":{"tdm_status":"","tdm_grid_status":"","footnotes":""},"categories":[26,13],"tags":[],"class_list":{"0":"post-1138","1":"post","2":"type-post","3":"status-publish","4":"format-standard","5":"has-post-thumbnail","7":"category-culturales","8":"category-festivales"},"_links":{"self":[{"href":"https:\/\/circuitosalta.com.ar\/index.php?rest_route=\/wp\/v2\/posts\/1138"}],"collection":[{"href":"https:\/\/circuitosalta.com.ar\/index.php?rest_route=\/wp\/v2\/posts"}],"about":[{"href":"https:\/\/circuitosalta.com.ar\/index.php?rest_route=\/wp\/v2\/types\/post"}],"author":[{"embeddable":true,"href":"https:\/\/circuitosalta.com.ar\/index.php?rest_route=\/wp\/v2\/users\/2"}],"replies":[{"embeddable":true,"href":"https:\/\/circuitosalta.com.ar\/index.php?rest_route=%2Fwp%2Fv2%2Fcomments&post=1138"}],"version-history":[{"count":1,"href":"https:\/\/circuitosalta.com.ar\/index.php?rest_route=\/wp\/v2\/posts\/1138\/revisions"}],"predecessor-version":[{"id":1140,"href":"https:\/\/circuitosalta.com.ar\/index.php?rest_route=\/wp\/v2\/posts\/1138\/revisions\/1140"}],"wp:featuredmedia":[{"embeddable":true,"href":"https:\/\/circuitosalta.com.ar\/index.php?rest_route=\/wp\/v2\/media\/1139"}],"wp:attachment":[{"href":"https:\/\/circuitosalta.com.ar\/index.php?rest_route=%2Fwp%2Fv2%2Fmedia&parent=1138"}],"wp:term":[{"taxonomy":"category","embeddable":true,"href":"https:\/\/circuitosalta.com.ar\/index.php?rest_route=%2Fwp%2Fv2%2Fcategories&post=1138"},{"taxonomy":"post_tag","embeddable":true,"href":"https:\/\/circuitosalta.com.ar\/index.php?rest_route=%2Fwp%2Fv2%2Ftags&post=1138"}],"curies":[{"name":"wp","href":"https:\/\/api.w.org\/{rel}","templated":true}]}}