{"id":1173,"date":"2022-07-27T11:12:46","date_gmt":"2022-07-27T14:12:46","guid":{"rendered":"https:\/\/circuitosalta.com.ar\/?p=1173"},"modified":"2022-07-27T11:12:48","modified_gmt":"2022-07-27T14:12:48","slug":"clase-magistral-de-composicion-saxofon-contemporaneo-y-concierto","status":"publish","type":"post","link":"https:\/\/circuitosalta.com.ar\/?p=1173","title":{"rendered":"Clase Magistral de composici\u00f3n, saxof\u00f3n contempor\u00e1neo y concierto"},"content":{"rendered":"\n<h4 class=\"has-white-color has-text-color has-background wp-block-heading\" style=\"background-color:#c90737\">Ser\u00e1 el martes 2 de agosto y estar\u00e1 a cargo de la saxofonista de m\u00fasica contempor\u00e1nea Bera Romairone y el compositor italiano Alberto Barberis.<\/h4>\n\n\n\n<p>La Escuela Superior de M\u00fasica de la Provincia de Salta N\u00b06003 (ESM), en el marco del aniversario de sus 50 a\u00f1os, invita a participar de las actividades con la destacada saxofonista de m\u00fasica contempor\u00e1nea radicada en Suiza,&nbsp;<strong>Bera Romairone<\/strong>&nbsp;y el compositor italiano&nbsp;<strong>Alberto Barberis<\/strong>.<\/p>\n\n\n\n<p>La clase tendr\u00e1 lugar el martes 2 de agosto de 10.30 a 12.30 y de 15 a 17 en la sede de la Escuela Superior de M\u00fasica, Lucrecia Barquet y Benjam\u00edn \u00c1vila del Barrio El Huaico.&nbsp;<\/p>\n\n\n\n<p>Se llevar\u00e1 a cabo un taller y clase magistral donde se abordar\u00e1n los siguientes temas:<\/p>\n\n\n\n<p>&#8211; Presentaci\u00f3n de t\u00e9cnicas extendidas para saxof\u00f3n e introducci\u00f3n a la m\u00fasica mixta con electr\u00f3nica en directo: Recursos para la composici\u00f3n y la interpretaci\u00f3n.<\/p>\n\n\n\n<p>&#8211; Sesi\u00f3n de lectura de obras para saxo<\/p>\n\n\n\n<p>El cierre de las actividades se realizar\u00e1 el d\u00eda mi\u00e9rcoles 3 de agosto a las 21 en la Usina Cultural con un Concierto audiovisual Oratorio Virtuale; una reelaboraci\u00f3n electroac\u00fastica del oratorio barroco San Giovanni Battista compuesto en 1675 por Alessandro Stradella. Una experiencia audiovisual de fuerte impacto emocional, que estalla como un acto de rebeli\u00f3n de fuerzas ancestrales y proto-humanas. Fuerzas naturales ineludibles, siempre capaces de renovarse, superando incluso el dominio de la hipertecnolog\u00eda de nuestro tiempo.<\/p>\n\n\n\n<p>Este evento se inscribe dentro del proyecto del Festival Internacional de M\u00fasica Contempor\u00e1nea \u201cTARA\u201d de Salta.<\/p>\n\n\n\n<p>Todas las actividades a realizarse los d\u00edas 2 y 3 de agosto son de entrada libre y gratuita y destinada a saxofonistas, compositores, estudiantes de m\u00fasica y p\u00fablico en general.<\/p>\n\n\n\n<p><strong>Bera Romairone<\/strong>: Saxofonista argentina se especializa en la creaci\u00f3n contempor\u00e1nea y la gesti\u00f3n cultural.Obtuvo su t\u00edtulo de Licenciada en la UNA (ARG).Estudi\u00f3 en Holanda, Francia y Suiza,donde obtuvo Maestr\u00edas en Interpretaci\u00f3n y pedagog\u00eda musical. Recibi\u00f3 el premio P\u00e1leo Hes-So Prize (Suiza), as\u00ed como el apoyo de distintas fundaciones: Mozarteum Argentino, FNA, Iberm\u00fasicas, ProHelvetia, etc. Es profesora de saxof\u00f3n en Suiza y lleva a cabo actividades pedag\u00f3gicas en Universidades y Festivales a nivel internacional.Actualmente desarolla proyectos interdisciplinarios entre m\u00fasica y danza, artes visuales, artes esc\u00e9nicas y cine. Es la fundadora y directora art\u00edstica del ensamble de m\u00fasica contempor\u00e1nea Awkas y presidente de la asociaci\u00f3n Reka (Suiza).<\/p>\n\n\n\n<p><strong>Alberto Barberis<\/strong>: Trabaja como compositor, int\u00e9rprete electroac\u00fastico, code artist e ingeniero de sonido, principalmente en los campos de la m\u00fasica contempor\u00e1nea y electr\u00f3nica, el arte digital y las instalaciones audiovisuales. Adem\u00e1s de su actividad art\u00edstica internacional (Biennale Musica di Venezia -IT,MCME -RUS,ElectroPark-IT, Lugano In Scena -CH, Afekt -ET,etc.) es profesor de M\u00fasica Electr\u00f3nica y Electr\u00f3nica en directo en el Conservatorio della Svizzera Italiana (Lugano -CH).Estudi\u00f3 guitarra cl\u00e1sica, composici\u00f3n musical, cine e ingenier\u00eda de medios, mezclando estos conocimientos con una est\u00e9tica personal, donde combina instrumentos ac\u00fasticos,dispositivos electr\u00f3nicos,m\u00fasica cl\u00e1sica,m\u00fasica electr\u00f3nica experimental, arte digital y programaci\u00f3n buscando una emotividad tecno(bio)l\u00f3gica profunda y conmovedora. Bera Romairone: Saxofonista argentina se especializa en la creaci\u00f3n contempor\u00e1nea y la gesti\u00f3n cultural.Obtuvo su t\u00edtulo de Licenciada en la UNA (ARG).Estudi\u00f3 en Holanda, Francia y Suiza,donde obtuvo Maestr\u00edas en Interpretaci\u00f3n y pedagog\u00eda musical. Recibi\u00f3 el premio P\u00e1leo Hes-So Prize (Suiza), as\u00ed como el apoyo de distintas fundaciones: Mozarteum Argentino, FNA, Iberm\u00fasicas, ProHelvetia, etc. Es profesora de saxof\u00f3n en Suiza y lleva a cabo actividades pedag\u00f3gicas en Universidades y Festivales a nivel internacional.Actualmente desarolla proyectos interdisciplinarios entre m\u00fasica y danza, artes visuales, artes esc\u00e9nicas y cine. Es la fundadora y directora art\u00edstica del ensamble de m\u00fasica contempor\u00e1nea Awkas y presidente de la asociaci\u00f3n Reka (Suiza).<\/p>\n\n\n\n<hr class=\"wp-block-separator has-alpha-channel-opacity\"\/>\n\n\n\n<p>Fuente:\u00a0<strong><a href=\"https:\/\/www.salta.gob.ar\/prensa\/noticias\/clase-magistral-de-composicion-saxofon-contemporaneo-y-concierto-83822\" target=\"_blank\" rel=\"noreferrer noopener\">Secretar\u00eda de Prensa y Comunicaci\u00f3n<\/a><\/strong><\/p>\n","protected":false},"excerpt":{"rendered":"<p>Ser\u00e1 el martes 2 de agosto y estar\u00e1 a cargo de la saxofonista de m\u00fasica contempor\u00e1nea Bera Romairone y el compositor italiano Alberto Barberis. La Escuela Superior de M\u00fasica de la Provincia de Salta N\u00b06003 (ESM), en el marco del aniversario de sus 50 a\u00f1os, invita a participar de las actividades con la destacada saxofonista [&hellip;]<\/p>\n","protected":false},"author":2,"featured_media":1174,"comment_status":"open","ping_status":"open","sticky":false,"template":"","format":"standard","meta":{"tdm_status":"","tdm_grid_status":"","footnotes":""},"categories":[26,13],"tags":[],"class_list":{"0":"post-1173","1":"post","2":"type-post","3":"status-publish","4":"format-standard","5":"has-post-thumbnail","7":"category-culturales","8":"category-festivales"},"_links":{"self":[{"href":"https:\/\/circuitosalta.com.ar\/index.php?rest_route=\/wp\/v2\/posts\/1173"}],"collection":[{"href":"https:\/\/circuitosalta.com.ar\/index.php?rest_route=\/wp\/v2\/posts"}],"about":[{"href":"https:\/\/circuitosalta.com.ar\/index.php?rest_route=\/wp\/v2\/types\/post"}],"author":[{"embeddable":true,"href":"https:\/\/circuitosalta.com.ar\/index.php?rest_route=\/wp\/v2\/users\/2"}],"replies":[{"embeddable":true,"href":"https:\/\/circuitosalta.com.ar\/index.php?rest_route=%2Fwp%2Fv2%2Fcomments&post=1173"}],"version-history":[{"count":1,"href":"https:\/\/circuitosalta.com.ar\/index.php?rest_route=\/wp\/v2\/posts\/1173\/revisions"}],"predecessor-version":[{"id":1175,"href":"https:\/\/circuitosalta.com.ar\/index.php?rest_route=\/wp\/v2\/posts\/1173\/revisions\/1175"}],"wp:featuredmedia":[{"embeddable":true,"href":"https:\/\/circuitosalta.com.ar\/index.php?rest_route=\/wp\/v2\/media\/1174"}],"wp:attachment":[{"href":"https:\/\/circuitosalta.com.ar\/index.php?rest_route=%2Fwp%2Fv2%2Fmedia&parent=1173"}],"wp:term":[{"taxonomy":"category","embeddable":true,"href":"https:\/\/circuitosalta.com.ar\/index.php?rest_route=%2Fwp%2Fv2%2Fcategories&post=1173"},{"taxonomy":"post_tag","embeddable":true,"href":"https:\/\/circuitosalta.com.ar\/index.php?rest_route=%2Fwp%2Fv2%2Ftags&post=1173"}],"curies":[{"name":"wp","href":"https:\/\/api.w.org\/{rel}","templated":true}]}}