{"id":1194,"date":"2022-07-29T09:46:24","date_gmt":"2022-07-29T12:46:24","guid":{"rendered":"https:\/\/circuitosalta.com.ar\/?p=1194"},"modified":"2022-07-29T09:46:26","modified_gmt":"2022-07-29T12:46:26","slug":"salta-potencia-la-economia-del-conocimiento","status":"publish","type":"post","link":"https:\/\/circuitosalta.com.ar\/?p=1194","title":{"rendered":"Salta potencia la Econom\u00eda del Conocimiento"},"content":{"rendered":"\n<h3 class=\"has-pale-cyan-blue-color has-luminous-vivid-orange-background-color has-text-color has-background wp-block-heading\">Se llevan adelante diferentes acciones para impulsar al sector.<\/h3>\n\n\n\n<p>Este jueves se realiz\u00f3 el Segundo Encuentro de Econom\u00eda del Conocimiento de Salta, en el que participaron autoridades nacionales y provinciales de las carteras involucradas en la tem\u00e1tica.<\/p>\n\n\n\n<p>El ministro de Educaci\u00f3n de la Provincia,&nbsp;<strong>Mat\u00edas C\u00e1nepa<\/strong>, se refiri\u00f3 a las acciones que se est\u00e1n llevando adelante desde su cartera: entrega de aportes no reembolsables a Pymes salte\u00f1as; la construcci\u00f3n del nuevo Nodo Tecnol\u00f3gico Norte, que funcionar\u00e1 en Ufidet y est\u00e1 pr\u00f3ximo a licitarse; el Nodo Audiovisual que funcionar\u00e1 en la Usina Cultura; la capacitaci\u00f3n Mil Programadores Salte\u00f1os y un Hub de innovaci\u00f3n abierta, son algunas de las l\u00edneas de trabajo que se est\u00e1n desarrollando para fortalecer la Econom\u00eda del Conocimiento como pol\u00edtica de Estado.<\/p>\n\n\n\n<p>Estos trabajos se enmarcan en la &nbsp;Mesa de Econom\u00eda del Conocimiento de Salta que conforman los ministerios de Educaci\u00f3n, Producci\u00f3n y Econom\u00eda.<\/p>\n\n\n\n<p>Al respecto C\u00e1nepa asegur\u00f3 que \u00abel trabajo conjunto entre el sector p\u00fablico y privado, y entre la Naci\u00f3n y la Provincia para potenciar el sector de la econom\u00eda del conocimiento, es de gran importancia porque es generadora de oportunidades laborales y desarrollo econ\u00f3mico\u00bb.<\/p>\n\n\n\n<hr class=\"wp-block-separator has-alpha-channel-opacity\"\/>\n\n\n\n<p>Fuente:&nbsp;<strong>Secretar\u00eda de Prensa y Comunicaci\u00f3n<\/strong><\/p>\n","protected":false},"excerpt":{"rendered":"<p>Se llevan adelante diferentes acciones para impulsar al sector. Este jueves se realiz\u00f3 el Segundo Encuentro de Econom\u00eda del Conocimiento de Salta, en el que participaron autoridades nacionales y provinciales de las carteras involucradas en la tem\u00e1tica. El ministro de Educaci\u00f3n de la Provincia,&nbsp;Mat\u00edas C\u00e1nepa, se refiri\u00f3 a las acciones que se est\u00e1n llevando adelante [&hellip;]<\/p>\n","protected":false},"author":2,"featured_media":1195,"comment_status":"open","ping_status":"open","sticky":false,"template":"","format":"standard","meta":{"tdm_status":"","tdm_grid_status":"","footnotes":""},"categories":[20,15],"tags":[],"class_list":{"0":"post-1194","1":"post","2":"type-post","3":"status-publish","4":"format-standard","5":"has-post-thumbnail","7":"category-empresas","8":"category-provincial"},"_links":{"self":[{"href":"https:\/\/circuitosalta.com.ar\/index.php?rest_route=\/wp\/v2\/posts\/1194"}],"collection":[{"href":"https:\/\/circuitosalta.com.ar\/index.php?rest_route=\/wp\/v2\/posts"}],"about":[{"href":"https:\/\/circuitosalta.com.ar\/index.php?rest_route=\/wp\/v2\/types\/post"}],"author":[{"embeddable":true,"href":"https:\/\/circuitosalta.com.ar\/index.php?rest_route=\/wp\/v2\/users\/2"}],"replies":[{"embeddable":true,"href":"https:\/\/circuitosalta.com.ar\/index.php?rest_route=%2Fwp%2Fv2%2Fcomments&post=1194"}],"version-history":[{"count":1,"href":"https:\/\/circuitosalta.com.ar\/index.php?rest_route=\/wp\/v2\/posts\/1194\/revisions"}],"predecessor-version":[{"id":1196,"href":"https:\/\/circuitosalta.com.ar\/index.php?rest_route=\/wp\/v2\/posts\/1194\/revisions\/1196"}],"wp:featuredmedia":[{"embeddable":true,"href":"https:\/\/circuitosalta.com.ar\/index.php?rest_route=\/wp\/v2\/media\/1195"}],"wp:attachment":[{"href":"https:\/\/circuitosalta.com.ar\/index.php?rest_route=%2Fwp%2Fv2%2Fmedia&parent=1194"}],"wp:term":[{"taxonomy":"category","embeddable":true,"href":"https:\/\/circuitosalta.com.ar\/index.php?rest_route=%2Fwp%2Fv2%2Fcategories&post=1194"},{"taxonomy":"post_tag","embeddable":true,"href":"https:\/\/circuitosalta.com.ar\/index.php?rest_route=%2Fwp%2Fv2%2Ftags&post=1194"}],"curies":[{"name":"wp","href":"https:\/\/api.w.org\/{rel}","templated":true}]}}