{"id":1216,"date":"2022-08-02T12:22:33","date_gmt":"2022-08-02T15:22:33","guid":{"rendered":"https:\/\/circuitosalta.com.ar\/?p=1216"},"modified":"2022-08-02T12:22:36","modified_gmt":"2022-08-02T15:22:36","slug":"los-brasilenos-representaron-el-22-de-turistas-extranjeros-que-visitaron-salta","status":"publish","type":"post","link":"https:\/\/circuitosalta.com.ar\/?p=1216","title":{"rendered":"Los brasile\u00f1os representaron el 22% de turistas extranjeros que visitaron Salta"},"content":{"rendered":"\n<h4 class=\"has-cyan-bluish-gray-color has-text-color has-background wp-block-heading\" style=\"background-color:#d01342\">El ministro de Turismo y Deportes de Salta, Mario Pe\u00f1a, atribuy\u00f3 esta situaci\u00f3n \u201cal acompa\u00f1amiento de Aerol\u00edneas Argentinas y la especial campa\u00f1a promocional iniciada en marzo pasado\u201d, y destac\u00f3 la reaizaci\u00f3n de \u201ccapacitaciones con operadores de la ciudad brasile\u00f1a de San Pablo\u00bb.<\/h4>\n\n\n\n<p>El ministro de Turismo y Deportes de Salta, Mario Pe\u00f1a, destac\u00f3 este martes que en la reciente temporada \u201cel 22% de los turistas extranjeros\u201d que visitaron Salta fueron brasile\u00f1os, y atribuy\u00f3 esta situaci\u00f3n \u201cal acompa\u00f1amiento de Aerol\u00edneas Argentinas y la especial campa\u00f1a promocional iniciada en marzo pasado\u201d.<\/p>\n\n\n\n<figure class=\"wp-block-embed is-type-rich is-provider-soundcloud wp-block-embed-soundcloud\"><div class=\"wp-block-embed__wrapper\">\n<iframe title=\"Salta tuvo una gran temporada tur\u00edstica invernal y va por la conquista del mercado brasilero by Audio\" width=\"696\" height=\"400\" scrolling=\"no\" frameborder=\"no\" src=\"https:\/\/w.soundcloud.com\/player\/?visual=true&#038;url=https%3A%2F%2Fapi.soundcloud.com%2Ftracks%2F1316408548&#038;show_artwork=true&#038;maxheight=1000&#038;maxwidth=696\"><\/iframe>\n<\/div><\/figure>\n\n\n\n<p><strong>Pe\u00f1a desarrolla en Brasil una agenda destinada a profundizar v\u00ednculos con ese mercado tur\u00edstico<\/strong>&nbsp;que en la temporada invernal fue el principal emisor de visitantes a la provincia del norte, como complemento de una serie de acciones proyectadas a la expansi\u00f3n del destino.<\/p>\n\n\n\n<p>En di\u00e1logo con T\u00e9lam Radio desde San Pablo, Pe\u00f1a dijo que<strong>&nbsp;\u201cya desde marzo que pudimos anunciar con el acompa\u00f1amiento de Aerol\u00edneas Argentinas la posibilidad del vuelo directo a Salta<\/strong>&nbsp;y hubo un gran trabajo ah\u00ed de recibir, estar, participar en ferias, de recibir muchos influencers, periodistas, fam tour, fam press a nuestra provincia\u201d, relat\u00f3.<\/p>\n\n\n\n<p>Puntualiz\u00f3 que pasada la temporada, ahora inician<strong>&nbsp;\u201cuna serie de capacitaciones con operadores y sus vendedores m\u00e1s importantes de San Pablo<\/strong>&nbsp;y cerrando algunos acuerdos comerciales de promoci\u00f3n para el resto del a\u00f1o\u201d.<\/p>\n\n\n\n<p>\u201cNos ha marcado la temporada de invierno que dentro de ese p\u00fablico internacional que hemos recibido en las vacaciones el 22% fueron brasile\u00f1os, n\u00famero en la temporada de julio, con lo cual es un mercado al que hay que seguir apostando, seguir trabajando\u201d, subray\u00f3.<\/p>\n\n\n\n<figure class=\"wp-block-image size-large\"><img decoding=\"async\" src=\"https:\/\/www.telam.com.ar\/thumbs\/bluesteel\/advf\/imagenes\/2022\/07\/62cca3b01e5c9_900.jpg\" alt=\"\"\/><figcaption><br>El impacto econ\u00f3mico ha sido enorme, cerca de 9.500 millones de pesos en 21 d\u00edas de temporada<\/figcaption><\/figure>\n\n\n\n<p><strong>Pe\u00f1a valor\u00f3 al respecto el rol de la aerol\u00ednea de bandera y del Instituto de Promoci\u00f3n Tur\u00edstica nacional<\/strong>&nbsp;(Inprotur) para, por ejemplo, \u201clogrado establecer una campa\u00f1a en 3 o 4 meses sobre todo en redes sociales con los atractivos de la provincia y del norte en general, con suma fortaleza\u201d.<\/p>\n\n\n\n<p><strong>\u201cEl brasile\u00f1o de San Pablo no nos conoc\u00eda, conoc\u00eda la capital de la Argentina, Bariloche, Mendoza, Ushuaia pero el norte no estaba tan visualizado.&nbsp;<\/strong>Ahora, hemos transportado cerca de 1200 pasajeros solamente del 9 al 31 de julio, es una ruta a\u00e9rea que creemos va a dar grandes satisfacciones\u201d, indic\u00f3.<\/p>\n\n\n\n<p>Tambi\u00e9n,&nbsp;<strong>destac\u00f3 el trabajo articulado entre municipios, privados, el Gobierno nacional y la provincia<\/strong>&nbsp;y afirm\u00f3 que as\u00ed \u201ces la \u00fanica forma s\u00f3lida de avanzar, de consolidar una pol\u00edtica tur\u00edstica; todo un equipo traccionando hacia el mismo lugar\u201d.<\/p>\n\n\n\n<p>\u201cHemos tenido resultados muy buenos, pero el que m\u00e1s nos ha sorprendido, que nos ha llamado la atenci\u00f3n y nos ha dado mucha alegr\u00eda como salte\u00f1os es<strong>&nbsp;la cantidad de noches promedio que se han quedado los turistas durante la temporada de invierno, un promedio de 5,3 d\u00edas;<\/strong>&nbsp;el impacto econ\u00f3mico ha sido enorme,<strong>&nbsp;cerca de 9.500 millones de pesos en 21 d\u00edas de temporada<\/strong>&nbsp;para una provincia como la nuestra es muy importante\u201d, apunt\u00f3.<\/p>\n\n\n\n<figure class=\"wp-block-image size-full\"><a href=\"https:\/\/www.telam.com.ar\/notas\/202208\/600398-brasilenos-22-por-ciento-turistas-extranjeros-salta--vacaciones-de-invierno.html\" target=\"_blank\" rel=\"noreferrer noopener\"><img fetchpriority=\"high\" decoding=\"async\" width=\"964\" height=\"96\" src=\"https:\/\/circuitosalta.com.ar\/wp-content\/uploads\/2022\/05\/Captura-web_6-4-2022_125922_www.telam_.com_.ar_.jpeg\" alt=\"\" class=\"wp-image-664\" srcset=\"https:\/\/circuitosalta.com.ar\/wp-content\/uploads\/2022\/05\/Captura-web_6-4-2022_125922_www.telam_.com_.ar_.jpeg 964w, https:\/\/circuitosalta.com.ar\/wp-content\/uploads\/2022\/05\/Captura-web_6-4-2022_125922_www.telam_.com_.ar_-300x30.jpeg 300w, https:\/\/circuitosalta.com.ar\/wp-content\/uploads\/2022\/05\/Captura-web_6-4-2022_125922_www.telam_.com_.ar_-768x76.jpeg 768w, https:\/\/circuitosalta.com.ar\/wp-content\/uploads\/2022\/05\/Captura-web_6-4-2022_125922_www.telam_.com_.ar_-696x69.jpeg 696w\" sizes=\"(max-width: 964px) 100vw, 964px\" \/><\/a><\/figure>\n","protected":false},"excerpt":{"rendered":"<p>El ministro de Turismo y Deportes de Salta, Mario Pe\u00f1a, atribuy\u00f3 esta situaci\u00f3n \u201cal acompa\u00f1amiento de Aerol\u00edneas Argentinas y la especial campa\u00f1a promocional iniciada en marzo pasado\u201d, y destac\u00f3 la reaizaci\u00f3n de \u201ccapacitaciones con operadores de la ciudad brasile\u00f1a de San Pablo\u00bb. El ministro de Turismo y Deportes de Salta, Mario Pe\u00f1a, destac\u00f3 este martes [&hellip;]<\/p>\n","protected":false},"author":2,"featured_media":1217,"comment_status":"open","ping_status":"open","sticky":false,"template":"","format":"standard","meta":{"tdm_status":"","tdm_grid_status":"","footnotes":""},"categories":[22],"tags":[],"class_list":{"0":"post-1216","1":"post","2":"type-post","3":"status-publish","4":"format-standard","5":"has-post-thumbnail","7":"category-internacional"},"_links":{"self":[{"href":"https:\/\/circuitosalta.com.ar\/index.php?rest_route=\/wp\/v2\/posts\/1216"}],"collection":[{"href":"https:\/\/circuitosalta.com.ar\/index.php?rest_route=\/wp\/v2\/posts"}],"about":[{"href":"https:\/\/circuitosalta.com.ar\/index.php?rest_route=\/wp\/v2\/types\/post"}],"author":[{"embeddable":true,"href":"https:\/\/circuitosalta.com.ar\/index.php?rest_route=\/wp\/v2\/users\/2"}],"replies":[{"embeddable":true,"href":"https:\/\/circuitosalta.com.ar\/index.php?rest_route=%2Fwp%2Fv2%2Fcomments&post=1216"}],"version-history":[{"count":1,"href":"https:\/\/circuitosalta.com.ar\/index.php?rest_route=\/wp\/v2\/posts\/1216\/revisions"}],"predecessor-version":[{"id":1218,"href":"https:\/\/circuitosalta.com.ar\/index.php?rest_route=\/wp\/v2\/posts\/1216\/revisions\/1218"}],"wp:featuredmedia":[{"embeddable":true,"href":"https:\/\/circuitosalta.com.ar\/index.php?rest_route=\/wp\/v2\/media\/1217"}],"wp:attachment":[{"href":"https:\/\/circuitosalta.com.ar\/index.php?rest_route=%2Fwp%2Fv2%2Fmedia&parent=1216"}],"wp:term":[{"taxonomy":"category","embeddable":true,"href":"https:\/\/circuitosalta.com.ar\/index.php?rest_route=%2Fwp%2Fv2%2Fcategories&post=1216"},{"taxonomy":"post_tag","embeddable":true,"href":"https:\/\/circuitosalta.com.ar\/index.php?rest_route=%2Fwp%2Fv2%2Ftags&post=1216"}],"curies":[{"name":"wp","href":"https:\/\/api.w.org\/{rel}","templated":true}]}}